{"id":2098,"date":"2025-09-22T15:59:18","date_gmt":"2025-09-22T15:59:18","guid":{"rendered":"https:\/\/www.europesays.com\/lv\/2098\/"},"modified":"2025-09-22T15:59:18","modified_gmt":"2025-09-22T15:59:18","slug":"virietis-valka-ikrita-pastaiga-ar-suniem-uzskrejis-lacim-video","status":"publish","type":"post","link":"https:\/\/www.europesays.com\/lv\/2098\/","title":{"rendered":"v\u012brietis Valk\u0101 ikr\u012bta pastaig\u0101 ar su\u0146iem uzskr\u0113jis l\u0101cim (+ VIDEO)"},"content":{"rendered":"<p>        <img loading=\"lazy\" decoding=\"async\" class=\"lazy lazy-hidden size-full wp-image-178419\" src=\"data:image\/gif;base64,R0lGODlhAQABAIAAAAAAAP\/\/\/yH5BAEAAAAALAAAAAABAAEAAAIBRAA7\" data-lazy-type=\"image\" data-lazy-src=\"https:\/\/www.europesays.com\/lv\/wp-content\/uploads\/2025\/09\/lacis_seda2.jpg\" alt=\"\" width=\"818\" height=\"594\" data-lazy- data-lazy-\/>Foto \u2013 ekr\u0101nuz\u0146\u0113mums<\/p>\n<p>K\u0101ds v\u012brietis no \u0136\u0101r\u0137u pagasta, kas atrodas Valkas novad\u0101, past\u0101st\u012bjis, cik negaid\u012bti p\u0101rv\u0113rt\u0101s vi\u0146a ikr\u012bta pastaiga ar su\u0146iem.<\/p>\n<p>Uzskaites dati liecina, ka pag\u0101ju\u0161aj\u0101 gad\u0101 Latvij\u0101 uztur\u0113ju\u0161ies aptuveni 150 pieaugu\u0161i l\u0101\u010di un tiek prognoz\u0113ts, ka \u0161ogad to skaits k\u013c\u016bs v\u0113l liel\u0101ks. Dabas Aizsardz\u012bbas p\u0101rvaldes speci\u0101liste Kar\u012bna Lazd\u0101ne nor\u0101da, ka l\u0101\u010di patie\u0161\u0101m par\u0101d\u0101s aizvien bie\u017e\u0101k, un cilv\u0113kiem tas ir kaut kas jauns \u2013 k\u0101ds baid\u0101s, k\u0101dam tas raisa interesi. Tom\u0113r ir j\u0101iem\u0101c\u0101s ar l\u0101ci sadz\u012bvot.<\/p>\n<p>\u201cSilava\u201d galvenais p\u0113tnieks J\u0101nis Ozoli\u0146\u0161 st\u0101sta, ka Igaunijas pierobe\u017ea Latvij\u0101, protams, ir ne slikt\u0101k l\u0101\u010du apemkl\u0113ta k\u0101 pati Igaunijas teritorija, savuk\u0101rt Igaunijas dienvidos pl\u0113s\u0113ju popul\u0101cijas bl\u012bvums ir vai nu t\u0101ds pats vai pat drusku maz\u0101ks k\u0101 Latvij\u0101.<\/p>\n<p><img loading=\"lazy\" decoding=\"async\" class=\"lazy lazy-hidden size-full wp-image-189911\" src=\"data:image\/gif;base64,R0lGODlhAQABAIAAAAAAAP\/\/\/yH5BAEAAAAALAAAAAABAAEAAAIBRAA7\" data-lazy-type=\"image\" data-lazy-src=\"https:\/\/www.europesays.com\/lv\/wp-content\/uploads\/2025\/09\/brown-bear-9325518_1280.jpg\" alt=\"\" width=\"818\" height=\"459\" data-lazy- data-lazy-\/>Foto \u2013 Pixabay<\/p>\n<p>Pie mums regul\u0101ri izskan jaut\u0101jums par l\u0101\u010du med\u012bb\u0101m. Tom\u0113r eksperti uzsver, ka \u0161obr\u012bd t\u0101s nav nepiecie\u0161amas. Igaunij\u0101 ir krietni liel\u0101ks l\u0101\u010du bl\u012bvums, un tur ik gadu at\u013cauts nomed\u012bt vid\u0113ji ap 100 l\u0101\u010du. Igaunijas dabas eksperts Tanels Turna saka, ka ar\u012b Igaunij\u0101 par \u0161o jaut\u0101jumi viedok\u013ci dal\u0101s: \u201cViens da\u013ca sabiedr\u012bbas uzskata, ka l\u0101\u010dus med\u012bt nedr\u012bkst, jo mums ar tiem j\u0101lepojas. Un t\u0101 ar\u012b ir. Ta\u010du lauksaimniec\u012bbas nozar\u0113 ar\u012b ir vajadz\u012bgs atbalsts. T\u0101p\u0113c Igaunij\u0101 t\u0101 nav vienk\u0101r\u0161a t\u0113ma.\u201d<\/p>\n<p>Lasi v\u0113l:\u00a0<a style=\"color: #ff0000;\" href=\"https:\/\/dzentlmenis.lv\/ipasa-diena-sencu-kalendara-22-septembri-kapec-janes-majas-piladza-zari-un-jaskatas-ugunskura\/206945\/\" target=\"_blank\" rel=\"noopener nofollow\">\u012apa\u0161a diena sen\u010du kalend\u0101r\u0101 22. septembr\u012b: k\u0101p\u0113c j\u0101nes m\u0101j\u0101s p\u012bl\u0101d\u017ea zari un j\u0101skat\u0101s ugunskur\u0101<\/a><\/p>\n<p>\u0136\u0101r\u0137u iedz\u012bvot\u0101js Madis Lapi\u0146\u0161 p\u0113c 10 gadu dz\u012bvo\u0161anas \u0161aj\u0101 viet\u0101, pirmo reizi pats sav\u0101m ac\u012bm ieraudz\u012bja l\u0101ci: \u201cEs g\u0101ju ik r\u012bta pastaig\u0101 ar su\u0146iem un pamanot l\u0101\u010da kl\u0101tb\u016btni, griezos ri\u0146\u0137\u012b, lai uzreiz dotos m\u0101j\u0101s. Un apgrie\u017eoties otr\u0101d\u0101k, es ieraudz\u012bju to. L\u0101cis bija pat\u0101lu \u2013 ap 300 metriem, bet nu t\u0101 pirm\u0101 doma man bija, vai vi\u0146\u0161 n\u0101ks man virs\u016b vai nen\u0101ks, un k\u0101 es r\u012bko\u0161os, ja n\u0101ks.\u201d<\/p>\n<p><img loading=\"lazy\" decoding=\"async\" class=\"lazy lazy-hidden size-full wp-image-146294\" src=\"data:image\/gif;base64,R0lGODlhAQABAIAAAAAAAP\/\/\/yH5BAEAAAAALAAAAAABAAEAAAIBRAA7\" data-lazy-type=\"image\" data-lazy-src=\"https:\/\/www.europesays.com\/lv\/wp-content\/uploads\/2025\/09\/bear-7237042_1280.jpg\" alt=\"\" width=\"818\" height=\"546\" data-lazy- data-lazy-\/>Foto \u2013 Pixabay<\/p>\n<p>Ar\u012b mednieks J\u0101nis Ence redz\u0113jis saticis l\u0101ci: \u201cIeejot me\u017e\u0101, aven\u0101jos, man bija skaidrs, ka l\u0101cis tur ir mielojies. Viss tur bija izraust\u012bts. Un tad vien\u0101 br\u012bd\u012b es paman\u012bju lielu melnu muguru, kas aizskr\u0113ja proj\u0101m.\u201d<\/p>\n<p>Vair\u0101k skaties LTV Zi\u0146u dienesta veidotaj\u0101 si\u017eet\u0101, video:<br \/><img decoding=\"async\" src=\"data:image\/gif;base64,R0lGODlhAQABAIAAAAAAAP\/\/\/yH5BAEAAAAALAAAAAABAAEAAAIBRAA7\" class=\"lazy lazy-hidden\" data-lazy-type=\"iframe\" data-lazy-src=\"&lt;iframe loading=&quot;lazy&quot; title=&quot;YouTube video player&quot; src=&quot;https:\/\/www.youtube.com\/embed\/jtFNmFPHEJU?si=9GTbHt4lxoOqhuq0&quot; width=&quot;560&quot; height=&quot;315&quot; frameborder=&quot;0&quot; allowfullscreen=&quot;allowfullscreen&quot;&gt;&lt;\/iframe&gt;\" alt=\"\"\/><\/p>\n","protected":false},"excerpt":{"rendered":"Foto \u2013 ekr\u0101nuz\u0146\u0113mums K\u0101ds v\u012brietis no \u0136\u0101r\u0137u pagasta, kas atrodas Valkas novad\u0101, past\u0101st\u012bjis, cik negaid\u012bti p\u0101rv\u0113rt\u0101s vi\u0146a ikr\u012bta&hellip;\n","protected":false},"author":2,"featured_media":2099,"comment_status":"","ping_status":"","sticky":false,"template":"","format":"standard","meta":{"footnotes":""},"categories":[12],"tags":[23,28,29,32,33,22,1227,30,31,35,39,38,36,37,34,1228,40,1229,20,26,27,24,25,21],"class_list":{"0":"post-2098","1":"post","2":"type-post","3":"status-publish","4":"format-standard","5":"has-post-thumbnail","7":"category-latvija","8":"tag-aktualitates","9":"tag-breaking-news","10":"tag-breakingnews","11":"tag-featured-news","12":"tag-featurednews","13":"tag-headlines","14":"tag-lacis","15":"tag-latest-news","16":"tag-latestnews","17":"tag-latvia","18":"tag-latvian","19":"tag-latviesu","20":"tag-latviesu-valoda","21":"tag-latviesuvaloda","22":"tag-latvija","23":"tag-ltv","24":"tag-lv","25":"tag-meza-zveri","26":"tag-news","27":"tag-popularakas-zinas","28":"tag-popularakaszinas","29":"tag-top-stories","30":"tag-topstories","31":"tag-zinas"},"share_on_mastodon":{"url":"","error":""},"_links":{"self":[{"href":"https:\/\/www.europesays.com\/lv\/wp-json\/wp\/v2\/posts\/2098","targetHints":{"allow":["GET"]}}],"collection":[{"href":"https:\/\/www.europesays.com\/lv\/wp-json\/wp\/v2\/posts"}],"about":[{"href":"https:\/\/www.europesays.com\/lv\/wp-json\/wp\/v2\/types\/post"}],"author":[{"embeddable":true,"href":"https:\/\/www.europesays.com\/lv\/wp-json\/wp\/v2\/users\/2"}],"replies":[{"embeddable":true,"href":"https:\/\/www.europesays.com\/lv\/wp-json\/wp\/v2\/comments?post=2098"}],"version-history":[{"count":0,"href":"https:\/\/www.europesays.com\/lv\/wp-json\/wp\/v2\/posts\/2098\/revisions"}],"wp:featuredmedia":[{"embeddable":true,"href":"https:\/\/www.europesays.com\/lv\/wp-json\/wp\/v2\/media\/2099"}],"wp:attachment":[{"href":"https:\/\/www.europesays.com\/lv\/wp-json\/wp\/v2\/media?parent=2098"}],"wp:term":[{"taxonomy":"category","embeddable":true,"href":"https:\/\/www.europesays.com\/lv\/wp-json\/wp\/v2\/categories?post=2098"},{"taxonomy":"post_tag","embeddable":true,"href":"https:\/\/www.europesays.com\/lv\/wp-json\/wp\/v2\/tags?post=2098"}],"curies":[{"name":"wp","href":"https:\/\/api.w.org\/{rel}","templated":true}]}}