{"id":2100,"date":"2025-09-22T16:00:14","date_gmt":"2025-09-22T16:00:14","guid":{"rendered":"https:\/\/www.europesays.com\/lv\/2100\/"},"modified":"2025-09-22T16:00:14","modified_gmt":"2025-09-22T16:00:14","slug":"uznemeji-liepajas-lielajam-dzintaram-desmitgades-reize-davina-augstas-klases-digitalas-ergeles-lente-lv-2","status":"publish","type":"post","link":"https:\/\/www.europesays.com\/lv\/2100\/","title":{"rendered":"Uz\u0146\u0113m\u0113ji Liep\u0101jas &#8220;Lielajam dzintaram&#8221; desmitgades reiz\u0113 d\u0101vina augstas klases digit\u0101l\u0101s \u0113r\u0123eles\u00a0\u2014\u00a0Lente.lv"},"content":{"rendered":"<p>Jubilejas D\u0101vana Liep\u0101jas Kult\u016bras Sirdij: Digit\u0101l\u0101s \u0112r\u0123eles Papildina &#8220;Lielo Dzintaru&#8221;<\/p>\n<p>Liep\u0101jas ikonisk\u0101 koncertz\u0101le &#8220;Lielais dzintars&#8221; ir sa\u0146\u0113musi spo\u017eu un m\u016bzika bag\u0101tu d\u0101vanu sav\u0101 desmit\u0101s past\u0101v\u0113\u0161anas gadadien\u0101. Par godu noz\u012bm\u012bgajai jubilejai, pateicoties uz\u0146\u0113m\u0113ju un ziedot\u0101ju d\u0101snumam, koncertz\u0101les kr\u0101jumus papildin\u0101ju\u0161as jaunas, augstas klases digit\u0101l\u0101s \u0113r\u0123eles &#8220;Ahlborn Praeludium V&#8221;. \u0160is v\u0113rt\u012bgais ieguvums ne vien svin\u012bgi atz\u012bm\u0113 desmit gadu kult\u016bras izcil\u012bbas ce\u013cu, bet ar\u012b atver jaunas durvis pla\u0161\u0101k\u0101m m\u0101kslinieciskaj\u0101m iesp\u0113j\u0101m gan viet\u0113jiem, gan starptautiskiem m\u0101ksliniekiem.<\/p>\n<p>Kopienas Sp\u0113ks un Ambiciozs M\u0113r\u0137is<\/p>\n<p>Ideja par jaunu digit\u0101lo \u0113r\u0123e\u013cu ieg\u0101di rad\u0101s k\u0101 sirds siltuma un kopienas atbalsta apliecin\u0101jums, \u012bpa\u0161i sakr\u012btot ar &#8220;Liel\u0101 dzintara&#8221; desmit\u0101s gadadienas svin\u012bb\u0101m. Koncertz\u0101les vad\u012bba kop\u0101 ar &#8220;Liep\u0101jas koncertz\u0101les &#8220;Lielais dzintars&#8221; att\u012bst\u012bbas biedr\u012bbu&#8221; uzs\u0101ka cildenu ziedojumu piesaistes kampa\u0146u ar m\u0113r\u0137i sasniegt 25 000 eiro, kas nepiecie\u0161ami \u0161\u012b iespaid\u012bg\u0101 instrumenta ieg\u0101dei. \u0160is instruments, ko pla\u0161i atz\u012bst k\u0101 vienu no lab\u0101kajiem tirg\u016b, tika r\u016bp\u012bgi izv\u0113l\u0113ts ar pasaulslaven\u0101s latvie\u0161u \u0113r\u0123elnieces Ivetas Apkalnas v\u0113rt\u012bgo padomu un rekomend\u0101ciju. Apkalna uzsv\u0113ra t\u0101 izcilo, dabisko skan\u0113jumu un tehnisko daudzpus\u012bbu, nosaucot to par &#8220;milz\u012bgu ieguvumu un lielisku d\u0101vanu&#8221; jubilej\u0101.Lai gan da\u013ca l\u012bdzek\u013cu tika g\u016bti no att\u012bst\u012bbas biedr\u012bbas biedru maks\u0101jumiem, liel\u0101k\u0101 da\u013ca summas tika saziedota no uz\u0146\u0113m\u0113ju un priv\u0101tpersonu puses, kas spilgti demonstr\u0113 dzi\u013cu izpratni par kult\u016bras noz\u012bmi pils\u0113tas att\u012bst\u012bb\u0101 un iedz\u012bvot\u0101ju labkl\u0101j\u012bb\u0101. L\u012bdz\u0101s citiem atbalst\u012bt\u0101jiem, noz\u012bm\u012bgu finansi\u0101lu ieguld\u012bjumu sniedza ar\u012b t\u0101di uz\u0146\u0113mumi k\u0101 &#8220;Latvijas Mobilais Telefons&#8221; un &#8220;SEB BANKA&#8221;.<\/p>\n<p>Jaunais Instruments: Vair\u0101k Nek\u0101 Tikai Ska\u0146as<\/p>\n<p>Digit\u0101l\u0101s \u0113r\u0123eles &#8220;Ahlborn Praeludium V&#8221; ir ne tikai tehniski iespaid\u012bgs instruments, kas rad\u012bts V\u0101cij\u0101, sadarbojoties ar meistaru Mihaelu Aihleru, bet ar\u012b iev\u0113rojams papildin\u0101jums &#8220;Liel\u0101 dzintara&#8221; jau t\u0101 pla\u0161ajam akustisk\u0101s m\u016bzikas pied\u0101v\u0101jumam. \u0160\u012bs mobil\u0101s \u0113r\u0123eles, kas uz Liep\u0101ju atce\u013coja ar &#8220;Stena Line&#8221; pr\u0101mi, sniegs daudzveid\u012bg\u0101kas repertu\u0101ra iesp\u0113jas gan koncertz\u0101les nomniekiem, gan viesm\u0101ksliniekiem. T\u0101s k\u013c\u016bs ar\u012b par v\u0113rt\u012bgu m\u0101c\u012bbu l\u012bdzekli Liep\u0101jas M\u016bzikas, m\u0101kslas un dizaina vidusskolas audz\u0113k\u0146iem, veicinot jauno m\u016bzi\u0137u att\u012bst\u012bbu. Instruments tika speci\u0101li pas\u016bt\u012bts un izgatavots, \u0146emot v\u0113r\u0101 augst\u0101k\u0101s kvalit\u0101tes standartus, un t\u0101 pieg\u0101de notika tie\u0161i pirms gaid\u0101m\u0101s rudens koncertsezonas atkl\u0101\u0161anas, radot papildu sv\u0113tku noska\u0146u. \u0160\u012b d\u0101vana ir apliecin\u0101jums Liep\u0101jas k\u0101 kult\u016bras pils\u0113tas dinamiskajai att\u012bst\u012bbai un t\u0101s iedz\u012bvot\u0101ju sp\u0113jai apvienoties kop\u0113ja m\u0113r\u0137a v\u0101rd\u0101.<\/p>\n<p>Sv\u0113tku Kulmin\u0101cija un Turpm\u0101k\u0101s Iesp\u0113jas<\/p>\n<p>\u0160is v\u0113rt\u012bgais d\u0101vin\u0101jums ir spilgts akcents &#8220;Liel\u0101 dzintara&#8221; desmit\u0101s jubilejas svin\u012bb\u0101s, kas notiek vis\u0101 ruden\u012b. Koncertz\u0101le atz\u012bm\u0113 savu desmitgadi ar pla\u0161u un daudzpus\u012bgu festiv\u0101la programmu, kas ietver da\u017e\u0101dus kult\u016bras notikumus, izr\u0101des un koncertus, paspilgtinot Liep\u0101jas un Latvijas kult\u016bras ainavu. Jauno digit\u0101lo \u0113r\u0123e\u013cu &#8220;Ahlborn Praeludium V&#8221; svin\u012bg\u0101 ieskandin\u0101\u0161ana notika 20. septembr\u012b, Liep\u0101jas Simfonisk\u0101 or\u0137estra 145. sezonas atkl\u0101\u0161anas koncert\u0101, kur\u0101 piedal\u012bj\u0101s ar\u012b pasaulslaven\u0101 \u0113r\u0123elniece Iveta Apkalna. Tas bija gan noz\u012bm\u012bgs muzik\u0101ls notikums, gan spilgts apliecin\u0101jums sabiedr\u012bbas atbalstam kult\u016brai. Ar \u0161o jauno instrumentu &#8220;Lielais dzintars&#8221; turpm\u0101k sp\u0113s pied\u0101v\u0101t v\u0113l daudzveid\u012bg\u0101kus un iespaid\u012bg\u0101kus muzik\u0101lus baud\u012bjumus, bag\u0101tinot klaus\u012bt\u0101ju pieredzi un stiprinot Liep\u0101jas k\u0101 noz\u012bm\u012bga kult\u016bras centra poz\u012bcijas.<\/p>\n","protected":false},"excerpt":{"rendered":"Jubilejas D\u0101vana Liep\u0101jas Kult\u016bras Sirdij: Digit\u0101l\u0101s \u0112r\u0123eles Papildina &#8220;Lielo Dzintaru&#8221; Liep\u0101jas ikonisk\u0101 koncertz\u0101le &#8220;Lielais dzintars&#8221; ir sa\u0146\u0113musi spo\u017eu&hellip;\n","protected":false},"author":2,"featured_media":2101,"comment_status":"","ping_status":"","sticky":false,"template":"","format":"standard","meta":{"footnotes":""},"categories":[5],"tags":[1070,23,28,29,1069,32,33,22,1071,30,31,35,39,38,36,37,34,1205,40,20,26,27,24,25,1206,21],"class_list":{"0":"post-2100","1":"post","2":"type-post","3":"status-publish","4":"format-standard","5":"has-post-thumbnail","7":"category-aktualitates","8":"tag-ahlborn-praeludium-v","9":"tag-aktualitates","10":"tag-breaking-news","11":"tag-breakingnews","12":"tag-digitalas-ergeles","13":"tag-featured-news","14":"tag-featurednews","15":"tag-headlines","16":"tag-jubilejas-davana","17":"tag-latest-news","18":"tag-latestnews","19":"tag-latvia","20":"tag-latvian","21":"tag-latviesu","22":"tag-latviesu-valoda","23":"tag-latviesuvaloda","24":"tag-latvija","25":"tag-liepajas-koncertzale-lielais-dzintars","26":"tag-lv","27":"tag-news","28":"tag-popularakas-zinas","29":"tag-popularakaszinas","30":"tag-top-stories","31":"tag-topstories","32":"tag-uznemeju-atbalsts","33":"tag-zinas"},"share_on_mastodon":{"url":"","error":""},"_links":{"self":[{"href":"https:\/\/www.europesays.com\/lv\/wp-json\/wp\/v2\/posts\/2100","targetHints":{"allow":["GET"]}}],"collection":[{"href":"https:\/\/www.europesays.com\/lv\/wp-json\/wp\/v2\/posts"}],"about":[{"href":"https:\/\/www.europesays.com\/lv\/wp-json\/wp\/v2\/types\/post"}],"author":[{"embeddable":true,"href":"https:\/\/www.europesays.com\/lv\/wp-json\/wp\/v2\/users\/2"}],"replies":[{"embeddable":true,"href":"https:\/\/www.europesays.com\/lv\/wp-json\/wp\/v2\/comments?post=2100"}],"version-history":[{"count":0,"href":"https:\/\/www.europesays.com\/lv\/wp-json\/wp\/v2\/posts\/2100\/revisions"}],"wp:featuredmedia":[{"embeddable":true,"href":"https:\/\/www.europesays.com\/lv\/wp-json\/wp\/v2\/media\/2101"}],"wp:attachment":[{"href":"https:\/\/www.europesays.com\/lv\/wp-json\/wp\/v2\/media?parent=2100"}],"wp:term":[{"taxonomy":"category","embeddable":true,"href":"https:\/\/www.europesays.com\/lv\/wp-json\/wp\/v2\/categories?post=2100"},{"taxonomy":"post_tag","embeddable":true,"href":"https:\/\/www.europesays.com\/lv\/wp-json\/wp\/v2\/tags?post=2100"}],"curies":[{"name":"wp","href":"https:\/\/api.w.org\/{rel}","templated":true}]}}