{"id":21146,"date":"2025-10-14T15:16:13","date_gmt":"2025-10-14T15:16:13","guid":{"rendered":"https:\/\/www.europesays.com\/lv\/21146\/"},"modified":"2025-10-14T15:16:13","modified_gmt":"2025-10-14T15:16:13","slug":"ergelmuzika-skanes-diena-un-nakti-lente-lv","status":"publish","type":"post","link":"https:\/\/www.europesays.com\/lv\/21146\/","title":{"rendered":"\u0112r\u0123e\u013cm\u016bzika skan\u0113s dien\u0101 un nakt\u012b\u00a0\u2014\u00a0Lente.lv"},"content":{"rendered":"<p>No 2025. gada 10. l\u012bdz 17. oktobrim Latgales v\u0113stniec\u012bb\u0101 \u201cGors\u201d R\u0113zekn\u0113 izskan\u0113s jau desmitais Starptautiskais \u0113r\u0123e\u013cm\u016bzikas festiv\u0101ls \u201cORGANISMI\u201d. \u0160is noz\u012bm\u012bgais notikums Latvijas kult\u016bras dz\u012bv\u0113 atz\u012bm\u0113 savu desmitgades jubileju, solot klaus\u012bt\u0101jiem neaizmirstamus muzik\u0101lus baud\u012bjumus un p\u0101rsteigumus. Festiv\u0101la m\u0101ksliniecisk\u0101 vad\u012bt\u0101ja, pasaulslaven\u0101 latvie\u0161u \u0113r\u0123elniece Iveta Apkalna, kop\u0101 ar savu rado\u0161o komandu ir izstr\u0101d\u0101jusi programmu, kas demonstr\u0113 \u0113r\u0123e\u013cu k\u0101 instrumenta daudzpus\u012bbu un sp\u0113ju rad\u012bt elpu aizraujo\u0161us muzik\u0101lus notikumus.<\/p>\n<p>\u201cORGANISMI\u201d \u2013 desmit gadi inov\u0101cij\u0101m un br\u012bnumiem<\/p>\n<p>Festiv\u0101ls \u201cORGANISMI\u201d, kas pirmo reizi notika 2015. gad\u0101, ir ieguvis stabilu vietu Latvijas kult\u016bras kart\u0113, apliecinot \u201cGoru\u201d k\u0101 augst\u0101k\u0101s kvalit\u0101tes un rado\u0161uma centru. Nosaukums \u201cORGANISMI\u201d ir sp\u0113le ar v\u0101rdiem \u201corgan\u201d (\u0113r\u0123eles) un \u201corganismi\u201d, simboliz\u0113jot festiv\u0101la ideju \u2013 atkl\u0101t \u0113r\u0123e\u013cu un citu m\u0101kslu, gadsimtu un stilu neizm\u0113rojam\u0101s sasp\u0113les iesp\u0113jas. \u0160o desmit gadu laik\u0101 festiv\u0101ls ir k\u013cuvis par z\u012bmolu, kas demonstr\u0113 augstu kvalit\u0101ti, pulc\u0113jot gan Latvijas, gan \u0101rvalstu vado\u0161os m\u016bzi\u0137us, diri\u0123entus un citus m\u0101ksliniekus. Iveta Apkalna, festiv\u0101la iniciatore un m\u0101ksliniecisk\u0101 vad\u012bt\u0101ja, uzsver, ka festiv\u0101la moto vienm\u0113r ir bijis \u201cp\u0101rsteigt sevi un klaus\u012bt\u0101jus\u201d, un \u0161o principu vi\u0146a un vi\u0146as komanda turpina iev\u0113rot ar\u012b jubilejas gad\u0101.<\/p>\n<p>Iespaid\u012bg\u0101 jubilejas programma<\/p>\n<p>Desmit\u0101s jubilejas festiv\u0101la programma ir \u012bpa\u0161i v\u0113rien\u012bga un daudzveid\u012bga, pied\u0101v\u0101jot \u010detrus aizraujo\u0161us notikumus. T\u0101 s\u0101ksies 10. oktobr\u012b ar atkl\u0101\u0161anas nakts koncertu \u201cApkalna. Fausts. Znoti\u0146\u0161.\u201d. \u0160aj\u0101 neparastaj\u0101 pas\u0101kum\u0101, ko papildin\u0101s t\u0113lnieka Kirila Pante\u013cejeva veidotie m\u012btisko putnu silueti, skan\u0113s Ivetas Apkalnas izpild\u012bti \u0113r\u0123e\u013cdarbi, savuk\u0101rt aktieris Kaspars Znoti\u0146\u0161 las\u012bs fragmentus no Johana Volfganga G\u0113tes tra\u0123\u0113dijas \u201cFausts\u201d. Koncerta s\u0101kums plkst. 21:00.<\/p>\n<p>11. oktobr\u012b plkst. 18:00 notiks koncerts \u201cApkalna. Salonens. LNSO\u201d, kura centr\u0101lais notikums b\u016bs m\u016bsdienu somu komponista un diri\u0123enta Esa Pekas Salonena darba \u201cSinfonia concertante for Organ and Orchestra\u201d Latvijas pirmatska\u0146ojums. \u0160is darbs iepriek\u0161 izpild\u012bts pasaules pirmatska\u0146ojum\u0101 Polij\u0101, kur solopartiju atska\u0146oja pati Iveta Apkalna. Par vi\u0146as izcilo tehnisko meistar\u012bbu un re\u0123istr\u0101cijas m\u0101kslu Salonens izteicies ar\u012b dokument\u0101laj\u0101 portretfilm\u0101 \u201c\u0112r\u0123eles nakt\u012b. Iveta Apkalna\u201d.<\/p>\n<p>Filmas \u201c\u0112r\u0123eles nakt\u012b. Iveta Apkalna\u201d pirmizr\u0101de uz \u201cGora\u201d liel\u0101 ekr\u0101na notiks 12. oktobr\u012b plkst. 16:00 Mazaj\u0101 z\u0101l\u0113. Skat\u012bt\u0101jiem b\u016bs iesp\u0113ja kl\u0101tien\u0113 satikt gan pa\u0161u Ivetu Apkalnu, gan filmas re\u017eisori Agitu C\u0101ni-\u0136\u012bli un scen\u0101rija autori Zani Ozoli\u0146u, k\u0101 ar\u012b piedal\u012bties sarun\u0101 p\u0113c filmas.<\/p>\n<p>Festiv\u0101lu nosl\u0113gs tradicion\u0101lais un b\u0113rnu auditorij\u0101 \u012bpa\u0161i gaid\u012btais notikums \u2013 jauna koncertuzveduma pirmizr\u0101de. \u0160oreiz, re\u017eisores M\u0101ras Za\u013caiskalns un scen\u0101rija autores Rasas Bugavi\u010dutes-P\u0113ces rosin\u0101ti, atskatoties uz festiv\u0101la desmitgad\u0113 atska\u0146otajiem ska\u0146darbiem, dziesm\u0101m un da\u017e\u0101dajiem t\u0113liem, tiks rad\u012bts uzvedums \u201cAtmi\u0146u glab\u0101t\u0101jam pa p\u0113d\u0101m\u201d. Taj\u0101 piedal\u012bsies aktieris Varis Klaus\u012bt\u0101js, \u0113r\u0123elniece Iveta Apkalna, MIKC Latgales M\u016bzikas un m\u0101kslas vidusskolas b\u0113rnu kora dal\u012bbnieki un instrument\u0101l\u0101 grupa Ein\u0101ra Lipska vad\u012bb\u0101. \u0160is notikums paredz\u0113ts 17. oktobr\u012b.<\/p>\n<p>\u0112r\u0123eles \u2013 instrumentu karaliene un t\u0101s v\u0113sture<\/p>\n<p>\u0112r\u0123eles, ko d\u0113v\u0113 par \u201cdebesu baz\u016bn\u0113m\u201d un \u201ce\u0146\u0123e\u013cu taur\u0113m\u201d, ir viens no iespaid\u012bg\u0101kajiem un dv\u0113selisk\u0101kajiem m\u016bzikas instrumentiem. To v\u0113sture sniedzas l\u012bdz pat 3. gadsimtam pirms m\u016bsu \u0113ras, kad grie\u0137u zin\u0101tnieks Ktez\u012bbijs no Aleksandrijas izgudroja hidraulisk\u0101s \u0113r\u0123eles. Viduslaikos \u0113r\u0123eles k\u013cuva par noz\u012bm\u012bgu m\u016bzikas instrumentu krist\u012bgaj\u0101 pasaul\u0113, un to konstrukcija tika nep\u0101rtraukti pilnveidota. M\u016bsdienu izskatu un uzb\u016bvi t\u0101s ieguva 16. gadsimt\u0101, un to tembr\u0101l\u0101s iesp\u0113jas ir neierobe\u017eotas, sp\u0113jot imit\u0113t veselu or\u0137estri. Latvij\u0101 \u0113r\u0123eles b\u016bv\u0113tas kop\u0161 14. gadsimta. Paz\u012bstam\u0101k\u0101s Latvijas \u0113r\u0123eles ir R\u012bgas Doma \u0113r\u0123eles un Liep\u0101jas Sv\u0113t\u0101s Tr\u012bsvien\u012bbas katedr\u0101les \u0113r\u0123eles, kas ar aptuveni 7000 stabuliem ir liel\u0101k\u0101s meh\u0101nisk\u0101s \u0113r\u0123eles pasaul\u0113. Latvij\u0101 saglab\u0101ju\u0161\u0101s vair\u0101k nek\u0101 300 noz\u012bm\u012bgas un v\u0113rt\u012bgas \u0113r\u0123eles, no kur\u0101m 88 ir iek\u013cautas valsts aizsarg\u0101jamo kult\u016bras pieminek\u013cu sarakst\u0101, padarot Latviju par unik\u0101lu \u201c\u0113r\u0123e\u013cu zemi\u201d Eirop\u0101.<\/p>\n<p>Festiv\u0101ls \u201cORGANISMI\u201d ne tikai populariz\u0113 \u0113r\u0123e\u013cm\u016bziku, bet ar\u012b atkl\u0101j \u0161\u012b instrumenta daudz\u0101s un da\u017e\u0101d\u0101s \u201corganisk\u0101s\u201d izpausmes, apliecinot t\u0101 neizsme\u013camo potenci\u0101lu un sp\u0113ju vienot cilv\u0113kus ar skaistumu un dzi\u013c\u0101m emocij\u0101m.<\/p>\n","protected":false},"excerpt":{"rendered":"No 2025. gada 10. l\u012bdz 17. oktobrim Latgales v\u0113stniec\u012bb\u0101 \u201cGors\u201d R\u0113zekn\u0113 izskan\u0113s jau desmitais Starptautiskais \u0113r\u0123e\u013cm\u016bzikas festiv\u0101ls \u201cORGANISMI\u201d.&hellip;\n","protected":false},"author":2,"featured_media":21147,"comment_status":"","ping_status":"","sticky":false,"template":"","format":"standard","meta":{"footnotes":""},"categories":[5],"tags":[23,28,29,6774,32,33,3406,22,678,30,31,35,39,38,36,37,34,40,20,6773,26,27,167,24,25,21],"class_list":{"0":"post-21146","1":"post","2":"type-post","3":"status-publish","4":"format-standard","5":"has-post-thumbnail","7":"category-aktualitates","8":"tag-aktualitates","9":"tag-breaking-news","10":"tag-breakingnews","11":"tag-ergelmuzikas-festivals","12":"tag-featured-news","13":"tag-featurednews","14":"tag-gors","15":"tag-headlines","16":"tag-iveta-apkalna","17":"tag-latest-news","18":"tag-latestnews","19":"tag-latvia","20":"tag-latvian","21":"tag-latviesu","22":"tag-latviesu-valoda","23":"tag-latviesuvaloda","24":"tag-latvija","25":"tag-lv","26":"tag-news","27":"tag-organismi","28":"tag-popularakas-zinas","29":"tag-popularakaszinas","30":"tag-rezekne","31":"tag-top-stories","32":"tag-topstories","33":"tag-zinas"},"share_on_mastodon":{"url":"","error":""},"_links":{"self":[{"href":"https:\/\/www.europesays.com\/lv\/wp-json\/wp\/v2\/posts\/21146","targetHints":{"allow":["GET"]}}],"collection":[{"href":"https:\/\/www.europesays.com\/lv\/wp-json\/wp\/v2\/posts"}],"about":[{"href":"https:\/\/www.europesays.com\/lv\/wp-json\/wp\/v2\/types\/post"}],"author":[{"embeddable":true,"href":"https:\/\/www.europesays.com\/lv\/wp-json\/wp\/v2\/users\/2"}],"replies":[{"embeddable":true,"href":"https:\/\/www.europesays.com\/lv\/wp-json\/wp\/v2\/comments?post=21146"}],"version-history":[{"count":0,"href":"https:\/\/www.europesays.com\/lv\/wp-json\/wp\/v2\/posts\/21146\/revisions"}],"wp:featuredmedia":[{"embeddable":true,"href":"https:\/\/www.europesays.com\/lv\/wp-json\/wp\/v2\/media\/21147"}],"wp:attachment":[{"href":"https:\/\/www.europesays.com\/lv\/wp-json\/wp\/v2\/media?parent=21146"}],"wp:term":[{"taxonomy":"category","embeddable":true,"href":"https:\/\/www.europesays.com\/lv\/wp-json\/wp\/v2\/categories?post=21146"},{"taxonomy":"post_tag","embeddable":true,"href":"https:\/\/www.europesays.com\/lv\/wp-json\/wp\/v2\/tags?post=21146"}],"curies":[{"name":"wp","href":"https:\/\/api.w.org\/{rel}","templated":true}]}}