{"id":21166,"date":"2025-10-14T15:44:08","date_gmt":"2025-10-14T15:44:08","guid":{"rendered":"https:\/\/www.europesays.com\/lv\/21166\/"},"modified":"2025-10-14T15:44:08","modified_gmt":"2025-10-14T15:44:08","slug":"foto-%e2%9f%a9-norisinas-valsts-meroga-streiks-belgija","status":"publish","type":"post","link":"https:\/\/www.europesays.com\/lv\/21166\/","title":{"rendered":"FOTO \u27e9 Norisin\u0101s valsts m\u0113roga streiks Be\u013c\u0123ij\u0101"},"content":{"rendered":"<p>Briseles lidost\u0101 dro\u0161\u012bbas darbinieku streika d\u0113\u013c atcelti visi izlidojo\u0161ie reisi, k\u0101 ar\u012b atcelti vair\u0101ki ien\u0101ko\u0161ie lidojumi.<\/p>\n<p>Savuk\u0101rt \u0160arleru\u0101 lidost\u0101 nenotiek ne lidma\u0161\u012bnu pacel\u0161an\u0101s, ne nolai\u0161an\u0101s.<\/p>\n<p><a href=\"https:\/\/www.apollo.lv\/term\/566963\/streiks\" class=\"topicLink\" target=\"_blank\" rel=\"nofollow noopener\">Streiks<\/a> ietekm\u0113 ar\u012b sabiedrisk\u0101 transporta kust\u012bbu visos tr\u012bs Be\u013c\u0123ijas re\u0123ionos &#8211; kurs\u0113 vien maz\u0101k nek\u0101 puse no visiem autobusiem, tramvajiem un metro vilcieniem, v\u0113st\u012b Be\u013c\u0123ijas zi\u0146u a\u0123ent\u016bra &#8220;Belga&#8221;.<\/p>\n<p>Mediji zi\u0146o, ka trauc\u0113ta atkritumu sav\u0101k\u0161ana un pasta pakalpojumi.<\/p>\n<p>Streikus un demonstr\u0101cijas organiz\u0113 Be\u013c\u0123ijas tr\u012bs liel\u0101k\u0101s arodbiedr\u012bbas, lai protest\u0113tu pret izmai\u0146\u0101m pensiju un bezdarbnieku pabalstu sist\u0113m\u0101s, k\u0101 ar\u012b izr\u0101d\u012btu neapmierin\u0101t\u012bbu ar iedz\u012bvot\u0101ju pirktsp\u0113jas kritumu.<\/p>\n","protected":false},"excerpt":{"rendered":"Briseles lidost\u0101 dro\u0161\u012bbas darbinieku streika d\u0113\u013c atcelti visi izlidojo\u0161ie reisi, k\u0101 ar\u012b atcelti vair\u0101ki ien\u0101ko\u0161ie lidojumi. Savuk\u0101rt \u0160arleru\u0101&hellip;\n","protected":false},"author":2,"featured_media":21167,"comment_status":"","ping_status":"","sticky":false,"template":"","format":"standard","meta":{"footnotes":""},"categories":[14],"tags":[23,57,2532,28,29,6775,32,33,22,30,31,35,39,38,36,37,34,40,20,26,27,2766,24,25,54,55,56,21,58],"class_list":{"0":"post-21166","1":"post","2":"type-post","3":"status-publish","4":"format-standard","5":"has-post-thumbnail","7":"category-zinas-no-arvalstim","8":"tag-aktualitates","9":"tag-arvalstim","10":"tag-belgija","11":"tag-breaking-news","12":"tag-breakingnews","13":"tag-brisele","14":"tag-featured-news","15":"tag-featurednews","16":"tag-headlines","17":"tag-latest-news","18":"tag-latestnews","19":"tag-latvia","20":"tag-latvian","21":"tag-latviesu","22":"tag-latviesu-valoda","23":"tag-latviesuvaloda","24":"tag-latvija","25":"tag-lv","26":"tag-news","27":"tag-popularakas-zinas","28":"tag-popularakaszinas","29":"tag-streiks","30":"tag-top-stories","31":"tag-topstories","32":"tag-world","33":"tag-world-news","34":"tag-worldnews","35":"tag-zinas","36":"tag-zinas-no-arvalstim"},"share_on_mastodon":{"url":"","error":""},"_links":{"self":[{"href":"https:\/\/www.europesays.com\/lv\/wp-json\/wp\/v2\/posts\/21166","targetHints":{"allow":["GET"]}}],"collection":[{"href":"https:\/\/www.europesays.com\/lv\/wp-json\/wp\/v2\/posts"}],"about":[{"href":"https:\/\/www.europesays.com\/lv\/wp-json\/wp\/v2\/types\/post"}],"author":[{"embeddable":true,"href":"https:\/\/www.europesays.com\/lv\/wp-json\/wp\/v2\/users\/2"}],"replies":[{"embeddable":true,"href":"https:\/\/www.europesays.com\/lv\/wp-json\/wp\/v2\/comments?post=21166"}],"version-history":[{"count":0,"href":"https:\/\/www.europesays.com\/lv\/wp-json\/wp\/v2\/posts\/21166\/revisions"}],"wp:featuredmedia":[{"embeddable":true,"href":"https:\/\/www.europesays.com\/lv\/wp-json\/wp\/v2\/media\/21167"}],"wp:attachment":[{"href":"https:\/\/www.europesays.com\/lv\/wp-json\/wp\/v2\/media?parent=21166"}],"wp:term":[{"taxonomy":"category","embeddable":true,"href":"https:\/\/www.europesays.com\/lv\/wp-json\/wp\/v2\/categories?post=21166"},{"taxonomy":"post_tag","embeddable":true,"href":"https:\/\/www.europesays.com\/lv\/wp-json\/wp\/v2\/tags?post=21166"}],"curies":[{"name":"wp","href":"https:\/\/api.w.org\/{rel}","templated":true}]}}