{"id":21181,"date":"2025-10-14T16:41:19","date_gmt":"2025-10-14T16:41:19","guid":{"rendered":"https:\/\/www.europesays.com\/lv\/21181\/"},"modified":"2025-10-14T16:41:19","modified_gmt":"2025-10-14T16:41:19","slug":"negaiditi-atcelts-raimonda-paula-un-andra-keisa-koncerts-pauls-un-keiss-viriesi-labakos-gados-lente-lv","status":"publish","type":"post","link":"https:\/\/www.europesays.com\/lv\/21181\/","title":{"rendered":"Negaid\u012bti atcelts Raimonda Paula un Andra Kei\u0161a koncerts &#8220;Pauls un Kei\u0161s. V\u012brie\u0161i lab\u0101kos gados&#8221;\u00a0\u2014\u00a0Lente.lv"},"content":{"rendered":"<p>Neparedz\u0113ti apst\u0101k\u013ci: Raimonda Paula un Andra Kei\u0161a koncertuzvedums &#8220;Pauls un Kei\u0161s. V\u012brie\u0161i lab\u0101kos gados&#8221; atcelts<\/p>\n<p>Apmekl\u0113t\u0101jus un talanta cien\u012bt\u0101jus nepat\u012bkami p\u0101rsteidzis zi\u0146u par taut\u0101 iem\u012b\u013cot\u0101 komponista Raimonda Paula un aktiera Andra Kei\u0161a kop\u012bg\u0101 koncertuzveduma &#8220;Pauls un Kei\u0161s. V\u012brie\u0161i lab\u0101kos gados&#8221; atcel\u0161anu. Pas\u0101kums, kas bija pl\u0101nots \u0161aj\u0101 sv\u0113tdien\u0101, 12. oktobr\u012b, plkst. 15:00 M\u016bzikas nam\u0101 &#8220;Daile&#8221;, tika negaid\u012bti atcelts &#8220;iepriek\u0161 neparedz\u0113tu apst\u0101k\u013cu d\u0113\u013c&#8221;. \u0160\u012b p\u0113k\u0161\u0146\u0101 izmai\u0146a rad\u012bjusi ba\u017eas un jaut\u0101jumus par Maestro vesel\u012bbas st\u0101vokli un turpm\u0101kiem pl\u0101niem.<\/p>\n<p>Satr\u016bkt\u0101s ba\u017eas un ofici\u0101lais pazi\u0146ojums<\/p>\n<p>Zi\u0146as par koncerta atcel\u0161anu pla\u0161\u0101k\u0101 sabiedr\u012bb\u0101 izplat\u012bj\u0101s sestdien, radot neizpratni un satraukumu. Organizatori steidza skaidrot situ\u0101ciju, izplatot ofici\u0101lu pazi\u0146ojumu, kur\u0101 teikts: &#8220;Pas\u0101kuma organizators inform\u0113, ka izr\u0101de \u201cPauls un Kei\u0161s. V\u012brie\u0161i lab\u0101kos gados. Ar smaidu par sevi un citiem&#8221;, kas bija pl\u0101nota 12.oktobr\u012b plkst. 15:00 M\u016bzikas nam\u0101 Daile, iepriek\u0161 neparedz\u0113tu apst\u0101k\u013cu d\u0113\u013c ir ATCELTA.&#8221; Tika sniegta ar\u012b inform\u0101cija par bi\u013ce\u0161u atg\u016b\u0161anu \u2013 pirc\u0113jiem, kas bi\u013cetes ieg\u0101d\u0101ju\u0161ies internet\u0101, nauda tiks atgriezta bankas kont\u0101 autom\u0101tiski, bet bi\u013cetes, kas pirktas kas\u0113, var\u0113s nodot jebkur\u0101 &#8220;Bi\u013ce\u0161u Parad\u012bzes&#8221; tirdzniec\u012bbas viet\u0101.<\/p>\n<p>\u0122imenes skat\u012bjums: nepiecie\u0161ams miers<\/p>\n<p>\u017durn\u0101la &#8220;Priv\u0101t\u0101 Dz\u012bve&#8221; p\u0101rst\u0101vji cent\u0101s noskaidrot situ\u0101ciju, sazinoties tie\u0161i ar Maestro Raimondu Paulu. Komponists pats klausuli nepac\u0113la, ta\u010du atbildi sniedza k\u0101da no vi\u0146a \u0123imenes d\u0101m\u0101m. Vi\u0146a skaidroja, ka Maestro pa\u0161reiz ir nepiecie\u0161ams miers, dodot skaidru m\u0101jienu, ka vi\u0146a vesel\u012bba un pa\u0161saj\u016bta ir prim\u0101r\u0101. Lai gan prec\u012bzi iemesli netiek izpausti pla\u0161\u0101kai publikai, \u0161\u012b inform\u0101cija liek dom\u0101t, ka aiz atcel\u0161anas sl\u0113pjas apst\u0101k\u013ci, kas saist\u012bti ar komponista labkl\u0101j\u012bbu un nepiecie\u0161am\u012bbu p\u0113c atp\u016btas. Cerams, ka jau tuv\u0101kaj\u0101 laik\u0101 Maestro b\u016bs gatavs atgriezties pie publisk\u0101s dz\u012bves un rado\u0161ajiem darbiem.<\/p>\n<p>Iepriek\u0161\u0113j\u0101 pieredze un turpm\u0101kie notikumi<\/p>\n<p>Koncertuzvedums &#8220;Pauls un Kei\u0161s. V\u012brie\u0161i lab\u0101kos gados. Ar smaidu par sevi un citiem&#8221; ir izpeln\u012bjies pozit\u012bvas atsauksmes un iecien\u012bts skat\u012bt\u0101ju vid\u016b, jo pied\u0101v\u0101 &#8220;kvalitat\u012bva prieka vakaru&#8221;. \u0160is pas\u0101kums, kas ir Raimonda Paula un J\u0101\u0146a Petera kopdarbs, p\u0113d\u0113jos gados ir guvis popularit\u0101ti. Neskatoties uz \u0161o negaid\u012bto atcel\u0161anu, Maestro aura un talants joproj\u0101m ir spilgti un iedvesmojo\u0161i. Cerams, ka dr\u012bzum\u0101 tiks sniegta papildu inform\u0101cija par Maestro pa\u0161saj\u016btu un gaid\u0101majiem notikumiem. Starptautiskaj\u0101 M\u016bzikas nam\u0101 &#8220;Daile&#8221; decembr\u012b paredz\u0113ti ar\u012b citi pas\u0101kumi, tostarp Daumanta Kalni\u0146a koncerti, kas saist\u012bti ar klasisko m\u016bziku un Raimonda Paula dai\u013cradi.<\/p>\n<p>Cer\u012bba uz dr\u012bzu atgrie\u0161anos<\/p>\n<p>Lai gan \u0161\u012b zi\u0146a ir lika satraukties Maestro talanta cien\u012bt\u0101jiem, ir svar\u012bgi atcer\u0113ties par vi\u0146a cien\u012bjamo vecumu un nepiecie\u0161am\u012bbu p\u0113c r\u016bp\u0113m un atp\u016btas. Raimonds Pauls joproj\u0101m ir akt\u012bvs sav\u0101 rado\u0161aj\u0101 darb\u012bb\u0101, un ir cer\u012bba, ka \u0161\u012b neliel\u0101 pauze vi\u0146am \u013caus atg\u016bt sp\u0113kus un turpin\u0101t priec\u0113t klaus\u012bt\u0101jus ar savu unik\u0101lo m\u016bziku. Zi\u0146as par vi\u0146a vesel\u012bbu un turpm\u0101kajiem pl\u0101niem tiks sekotas l\u012bdzi.<\/p>\n","protected":false},"excerpt":{"rendered":"Neparedz\u0113ti apst\u0101k\u013ci: Raimonda Paula un Andra Kei\u0161a koncertuzvedums &#8220;Pauls un Kei\u0161s. V\u012brie\u0161i lab\u0101kos gados&#8221; atcelts Apmekl\u0113t\u0101jus un talanta&hellip;\n","protected":false},"author":2,"featured_media":21182,"comment_status":"","ping_status":"","sticky":false,"template":"","format":"standard","meta":{"footnotes":""},"categories":[19],"tags":[5391,89,6783,90,6781,35,39,38,36,37,34,40,6782,2672],"class_list":{"0":"post-21181","1":"post","2":"type-post","3":"status-publish","4":"format-standard","5":"has-post-thumbnail","7":"category-izklaide","8":"tag-andris-keiss","9":"tag-entertainment","10":"tag-ieprieks-neparedzeti-apstakli","11":"tag-izklaide","12":"tag-koncerts-atcelts","13":"tag-latvia","14":"tag-latvian","15":"tag-latviesu","16":"tag-latviesu-valoda","17":"tag-latviesuvaloda","18":"tag-latvija","19":"tag-lv","20":"tag-muzikas-nams-daile","21":"tag-raimonds-pauls"},"share_on_mastodon":{"url":"","error":""},"_links":{"self":[{"href":"https:\/\/www.europesays.com\/lv\/wp-json\/wp\/v2\/posts\/21181","targetHints":{"allow":["GET"]}}],"collection":[{"href":"https:\/\/www.europesays.com\/lv\/wp-json\/wp\/v2\/posts"}],"about":[{"href":"https:\/\/www.europesays.com\/lv\/wp-json\/wp\/v2\/types\/post"}],"author":[{"embeddable":true,"href":"https:\/\/www.europesays.com\/lv\/wp-json\/wp\/v2\/users\/2"}],"replies":[{"embeddable":true,"href":"https:\/\/www.europesays.com\/lv\/wp-json\/wp\/v2\/comments?post=21181"}],"version-history":[{"count":0,"href":"https:\/\/www.europesays.com\/lv\/wp-json\/wp\/v2\/posts\/21181\/revisions"}],"wp:featuredmedia":[{"embeddable":true,"href":"https:\/\/www.europesays.com\/lv\/wp-json\/wp\/v2\/media\/21182"}],"wp:attachment":[{"href":"https:\/\/www.europesays.com\/lv\/wp-json\/wp\/v2\/media?parent=21181"}],"wp:term":[{"taxonomy":"category","embeddable":true,"href":"https:\/\/www.europesays.com\/lv\/wp-json\/wp\/v2\/categories?post=21181"},{"taxonomy":"post_tag","embeddable":true,"href":"https:\/\/www.europesays.com\/lv\/wp-json\/wp\/v2\/tags?post=21181"}],"curies":[{"name":"wp","href":"https:\/\/api.w.org\/{rel}","templated":true}]}}