{"id":21220,"date":"2025-10-14T17:34:13","date_gmt":"2025-10-14T17:34:13","guid":{"rendered":"https:\/\/www.europesays.com\/lv\/21220\/"},"modified":"2025-10-14T17:34:13","modified_gmt":"2025-10-14T17:34:13","slug":"si-var-but-balinska-pedeja-iespeja","status":"publish","type":"post","link":"https:\/\/www.europesays.com\/lv\/21220\/","title":{"rendered":"\u0160\u012b var b\u016bt Balinska p\u0113d\u0113j\u0101 iesp\u0113ja"},"content":{"rendered":"<p>Iepriek\u0161\u0113jo divu sezonu Stenlija kausa \u010dempione \u0161o sezonu s\u0101kusi ar trim uzvar\u0101m \u010detros ma\u010dos. Balinskis nepiedal\u012bj\u0101s pirmajos divos ma\u010dos, jo neiztur\u0113ja konkurenci aizsargu poz\u012bcij\u0101.<\/p>\n<p>Sezonas s\u0101kum\u0101 traumu guvis 34 gadus vecais Krievijas aizsargs Dmitrijs Ku\u013cikovs. Iesp\u0113jams, vi\u0146am b\u016bs nepiecie\u0161ama oper\u0101cija. Ku\u013cikovs sp\u0113l\u0113ja sezonas pirmajos divos ma\u010dos, bet turpin\u0101jum\u0101 vi\u0146u aizst\u0101jis Balinskis.<\/p>\n<p>&#8220;The Hockey Writters&#8221; apskatnieks uzskata: kam\u0113r Ku\u013cikovs atlabst, Balinskim \u0161\u012b var b\u016bt p\u0113d\u0113j\u0101 iesp\u0113ja sevi pier\u0101d\u012bt &#8220;Panthers&#8221; kluba vad\u012bbai.<\/p>\n<p>Balinskis \u0161osezon divos ma\u010dos vid\u0113ji laukum\u0101 pavad\u012bjis 13 min\u016btes un 46 sekundes, sakr\u0101jot negat\u012bvu lietder\u012bbas koeficientu -1.<\/p>\n<p>Sav\u0101 sezonas pirmaj\u0101 sp\u0113l\u0113 Balinskis nosp\u0113l\u0113ja 17 min\u016btes un 40 sekundes, sakr\u0101jot pozit\u012bvu lietder\u012bbas koeficientu +1.<\/p>\n<p>Savuk\u0101rt sav\u0101 otraj\u0101 ma\u010d\u0101 Balinskis laukum\u0101 pavad\u012bja nepilnas 10 min\u016btes (9:51) un sakr\u0101ja negat\u012bvu lietder\u012bbas koeficientu -2.<\/p>\n<p>&#8220;Vi\u0146\u0161 ir ievietots traum\u0113to sp\u0113l\u0113t\u0101ju sarakt\u0101, t\u0101p\u0113c nevar\u0113s sp\u0113l\u0113t vismaz ned\u0113\u013cu, turkl\u0101t varb\u016bt b\u016bs nepiecie\u0161ama oper\u0101cija,&#8221; par Ku\u013cikovu v\u0113sta &#8220;The Hockey Writters&#8221; apskatnieks.<\/p>\n<p>&#8220;L\u012bdz ar to Balinskim ir dota v\u0113l viena iesp\u0113ja. Vi\u0146am t\u0101 ir j\u0101izmanto p\u0113c iesp\u0113jas lab\u0101k. \u0160\u012b var k\u013c\u016bt par p\u0113d\u0113jo reizi, kad fani redz\u0113s vi\u0146u &#8220;Panthers&#8221; formast\u0113rp\u0101,&#8221; uzskata Ganzi.<\/p>\n","protected":false},"excerpt":{"rendered":"Iepriek\u0161\u0113jo divu sezonu Stenlija kausa \u010dempione \u0161o sezonu s\u0101kusi ar trim uzvar\u0101m \u010detros ma\u010dos. Balinskis nepiedal\u012bj\u0101s pirmajos divos&hellip;\n","protected":false},"author":2,"featured_media":21221,"comment_status":"","ping_status":"","sticky":false,"template":"","format":"standard","meta":{"footnotes":""},"categories":[5],"tags":[23,28,29,32,33,425,22,836,838,394,721,30,31,35,39,38,36,37,34,40,20,835,26,27,24,25,3953,4672,21],"class_list":{"0":"post-21220","1":"post","2":"type-post","3":"status-publish","4":"format-standard","5":"has-post-thumbnail","7":"category-aktualitates","8":"tag-aktualitates","9":"tag-breaking-news","10":"tag-breakingnews","11":"tag-featured-news","12":"tag-featurednews","13":"tag-floridas-panthers","14":"tag-headlines","15":"tag-hokeja-jaunumi","16":"tag-hokejisti-arzemes","17":"tag-hokejs","18":"tag-hokejs-pasaule","19":"tag-latest-news","20":"tag-latestnews","21":"tag-latvia","22":"tag-latvian","23":"tag-latviesu","24":"tag-latviesu-valoda","25":"tag-latviesuvaloda","26":"tag-latvija","27":"tag-lv","28":"tag-news","29":"tag-nhl","30":"tag-popularakas-zinas","31":"tag-popularakaszinas","32":"tag-top-stories","33":"tag-topstories","34":"tag-uvis-balinskis","35":"tag-uvis-janis-balinskis","36":"tag-zinas"},"share_on_mastodon":{"url":"","error":""},"_links":{"self":[{"href":"https:\/\/www.europesays.com\/lv\/wp-json\/wp\/v2\/posts\/21220","targetHints":{"allow":["GET"]}}],"collection":[{"href":"https:\/\/www.europesays.com\/lv\/wp-json\/wp\/v2\/posts"}],"about":[{"href":"https:\/\/www.europesays.com\/lv\/wp-json\/wp\/v2\/types\/post"}],"author":[{"embeddable":true,"href":"https:\/\/www.europesays.com\/lv\/wp-json\/wp\/v2\/users\/2"}],"replies":[{"embeddable":true,"href":"https:\/\/www.europesays.com\/lv\/wp-json\/wp\/v2\/comments?post=21220"}],"version-history":[{"count":0,"href":"https:\/\/www.europesays.com\/lv\/wp-json\/wp\/v2\/posts\/21220\/revisions"}],"wp:featuredmedia":[{"embeddable":true,"href":"https:\/\/www.europesays.com\/lv\/wp-json\/wp\/v2\/media\/21221"}],"wp:attachment":[{"href":"https:\/\/www.europesays.com\/lv\/wp-json\/wp\/v2\/media?parent=21220"}],"wp:term":[{"taxonomy":"category","embeddable":true,"href":"https:\/\/www.europesays.com\/lv\/wp-json\/wp\/v2\/categories?post=21220"},{"taxonomy":"post_tag","embeddable":true,"href":"https:\/\/www.europesays.com\/lv\/wp-json\/wp\/v2\/tags?post=21220"}],"curies":[{"name":"wp","href":"https:\/\/api.w.org\/{rel}","templated":true}]}}