{"id":212210,"date":"2026-05-27T21:22:15","date_gmt":"2026-05-27T21:22:15","guid":{"rendered":"https:\/\/www.europesays.com\/lv\/212210\/"},"modified":"2026-05-27T21:22:15","modified_gmt":"2026-05-27T21:22:15","slug":"dienas-kleita-%e2%9f%a9-kannu-elegantakais-tels-keita-blanseta-apbur-givenchy-couture-kleita","status":"publish","type":"post","link":"https:\/\/www.europesays.com\/lv\/212210\/","title":{"rendered":"DIENAS KLEITA: \u27e9 Kannu elegant\u0101kais t\u0113ls? Keita Blan\u0161eta apbur Givenchy couture kleit\u0101"},"content":{"rendered":"<p>Keitas Blan\u0161etas iespaid\u012bg\u0101s kleitas autore ir modes nama Givenchy rado\u0161\u0101 direktore S\u0101ra B\u0113rtone (Sarah Burton). Kleita tika rad\u012bta no Givenchy 2026. gada rudens\/ziemas augst\u0101s modes kolekcijas un bija iedvesmota no filip\u012bnie\u0161u m\u0101kslinieka Olana Venturas glezn\u0101m. Prec\u012bza kleitas cena publiski nav atkl\u0101ta, ta\u010du augst\u0101s modes eksperti l\u0113\u0161, ka \u0161\u0101da l\u012bme\u0146a Givenchy couture t\u0113rpa v\u0113rt\u012bba var\u0113tu sasniegt aptuveni 80 000\u2013150 000 eiro vai pat vair\u0101k.<\/p>\n<p>Blan\u0161eta izv\u0113l\u0113j\u0101s augst\u0101s modes kleitu ar izteiksm\u012bgiem ziedu iz\u0161uvumiem, smalku caursp\u012bd\u012bguma efektu un gar\u0101m b\u0101rkst\u012bm, kas kust\u012bb\u0101 rad\u012bja gandr\u012bz teatr\u0101lu efektu. T\u0113rps apvienoja romantiku, gotisku dramatismu un vec\u0101s Holivudas eleganci. \u012apa\u0161i uzman\u012bbu piesaist\u012bja milz\u012bgais sarkanais zieds kleitas aug\u0161da\u013c\u0101, kas k\u013cuva par visa t\u0113la centr\u0101lo akcentu.<\/p>\n<p>Aktrise t\u0113lu papildin\u0101ja ar melniem cimdiem, attur\u012bgu grimu un gludi atglaustiem matiem, \u013caujot galveno uzman\u012bbu piev\u0113rst pa\u0161ai kleitai.<\/p>\n<p>Tie\u0161i t\u0101p\u0113c Keitas Blan\u0161etas izn\u0101ciens joproj\u0101m tiek apspriests \u2014 tas bija nevis vienk\u0101r\u0161i skaists vakart\u0113rps, bet piln\u012bgs modes st\u0101sts ar raksturu, dramatur\u0123iju un \u013coti izsmalcin\u0101tu est\u0113tiku.<\/p>\n<p><img decoding=\"async\" class=\"figure__image\" onclick=\"triggerEvent('articleImageClick', { id: 17647264, focus: 'single-image', focusIndex: '17647264' })\" onkeydown=\"if (event.key === 'Enter') {&#10;        triggerEvent('articleImageClick', { id: 17647264, focus: 'single-image', focusIndex: '17647264' })&#10;        }\" role=\"button\" tabindex=\"0\" data-focus-from=\"single-image\" data-focus-index=\"17647264\" src=\"https:\/\/www.europesays.com\/lv\/wp-content\/uploads\/2026\/05\/17647264t1h90eb.jpg\"  onload=\"this.parentElement.classList.remove('figure__image-loading')\" alt=\"\"\/> Foto: SIPA\/Scanpix<img decoding=\"async\" class=\"figure__image\" onclick=\"triggerEvent('articleImageClick', { id: 17647258, focus: 'single-image', focusIndex: '17647258' })\" onkeydown=\"if (event.key === 'Enter') {&#10;        triggerEvent('articleImageClick', { id: 17647258, focus: 'single-image', focusIndex: '17647258' })&#10;        }\" role=\"button\" tabindex=\"0\" data-focus-from=\"single-image\" data-focus-index=\"17647258\" src=\"https:\/\/www.europesays.com\/lv\/wp-content\/uploads\/2026\/05\/17647258t1he564.jpg\"  onload=\"this.parentElement.classList.remove('figure__image-loading')\" alt=\"\"\/> Foto: Zumapress\/Scanpix<img decoding=\"async\" class=\"figure__image\" onclick=\"triggerEvent('articleImageClick', { id: 17647263, focus: 'single-image', focusIndex: '17647263' })\" onkeydown=\"if (event.key === 'Enter') {&#10;        triggerEvent('articleImageClick', { id: 17647263, focus: 'single-image', focusIndex: '17647263' })&#10;        }\" role=\"button\" tabindex=\"0\" data-focus-from=\"single-image\" data-focus-index=\"17647263\" src=\"https:\/\/www.europesays.com\/lv\/wp-content\/uploads\/2026\/05\/17647263t1he0da.jpg\"  onload=\"this.parentElement.classList.remove('figure__image-loading')\" alt=\"\"\/> Foto: SIPA\/Scanpix<img decoding=\"async\" class=\"figure__image\" onclick=\"triggerEvent('articleImageClick', { id: 17647259, focus: 'single-image', focusIndex: '17647259' })\" onkeydown=\"if (event.key === 'Enter') {&#10;        triggerEvent('articleImageClick', { id: 17647259, focus: 'single-image', focusIndex: '17647259' })&#10;        }\" role=\"button\" tabindex=\"0\" data-focus-from=\"single-image\" data-focus-index=\"17647259\" src=\"https:\/\/www.europesays.com\/lv\/wp-content\/uploads\/2026\/05\/17647259t1hb77b.jpg\"  onload=\"this.parentElement.classList.remove('figure__image-loading')\" alt=\"\"\/> Foto: Zumapress\/Scanpix<img decoding=\"async\" class=\"figure__image\" onclick=\"triggerEvent('articleImageClick', { id: 17647256, focus: 'single-image', focusIndex: '17647256' })\" onkeydown=\"if (event.key === 'Enter') {&#10;        triggerEvent('articleImageClick', { id: 17647256, focus: 'single-image', focusIndex: '17647256' })&#10;        }\" role=\"button\" tabindex=\"0\" data-focus-from=\"single-image\" data-focus-index=\"17647256\" src=\"https:\/\/www.europesays.com\/lv\/wp-content\/uploads\/2026\/05\/17647256t1h9164.jpg\"  onload=\"this.parentElement.classList.remove('figure__image-loading')\" alt=\"\"\/> Foto: Zumapress\/Scanpix<\/p>\n","protected":false},"excerpt":{"rendered":"Keitas Blan\u0161etas iespaid\u012bg\u0101s kleitas autore ir modes nama Givenchy rado\u0161\u0101 direktore S\u0101ra B\u0113rtone (Sarah Burton). Kleita tika rad\u012bta&hellip;\n","protected":false},"author":2,"featured_media":212211,"comment_status":"","ping_status":"","sticky":false,"template":"","format":"standard","meta":{"footnotes":"","_share_on_mastodon":"0"},"categories":[19],"tags":[89,90,33182,14210,35,39,38,36,37,34,40,5767],"class_list":["post-212210","post","type-post","status-publish","format-standard","has-post-thumbnail","category-izklaide","tag-entertainment","tag-izklaide","tag-kannas","tag-keita-blanseta","tag-latvia","tag-latvian","tag-latviesu","tag-latviesu-valoda","tag-latviesuvaloda","tag-latvija","tag-lv","tag-sarkanais-paklajs"],"share_on_mastodon":{"url":"https:\/\/pubeurope.com\/@lv\/116648643796768787","error":""},"_links":{"self":[{"href":"https:\/\/www.europesays.com\/lv\/wp-json\/wp\/v2\/posts\/212210","targetHints":{"allow":["GET"]}}],"collection":[{"href":"https:\/\/www.europesays.com\/lv\/wp-json\/wp\/v2\/posts"}],"about":[{"href":"https:\/\/www.europesays.com\/lv\/wp-json\/wp\/v2\/types\/post"}],"author":[{"embeddable":true,"href":"https:\/\/www.europesays.com\/lv\/wp-json\/wp\/v2\/users\/2"}],"replies":[{"embeddable":true,"href":"https:\/\/www.europesays.com\/lv\/wp-json\/wp\/v2\/comments?post=212210"}],"version-history":[{"count":0,"href":"https:\/\/www.europesays.com\/lv\/wp-json\/wp\/v2\/posts\/212210\/revisions"}],"wp:featuredmedia":[{"embeddable":true,"href":"https:\/\/www.europesays.com\/lv\/wp-json\/wp\/v2\/media\/212211"}],"wp:attachment":[{"href":"https:\/\/www.europesays.com\/lv\/wp-json\/wp\/v2\/media?parent=212210"}],"wp:term":[{"taxonomy":"category","embeddable":true,"href":"https:\/\/www.europesays.com\/lv\/wp-json\/wp\/v2\/categories?post=212210"},{"taxonomy":"post_tag","embeddable":true,"href":"https:\/\/www.europesays.com\/lv\/wp-json\/wp\/v2\/tags?post=212210"}],"curies":[{"name":"wp","href":"https:\/\/api.w.org\/{rel}","templated":true}]}}