{"id":212309,"date":"2026-05-28T04:27:17","date_gmt":"2026-05-28T04:27:17","guid":{"rendered":"https:\/\/www.europesays.com\/lv\/212309\/"},"modified":"2026-05-28T04:27:17","modified_gmt":"2026-05-28T04:27:17","slug":"maija-silova-atzist-ka-pedeja-laika-sabiedriba-iziet-reti","status":"publish","type":"post","link":"https:\/\/www.europesays.com\/lv\/212309\/","title":{"rendered":"Maija Silova atz\u012bst, ka p\u0113d\u0113j\u0101 laik\u0101 sabiedr\u012bb\u0101 iziet reti"},"content":{"rendered":"<p>Sarun\u0101 ar \u017eurn\u0101lu &#8221;Priv\u0101t\u0101 Dz\u012bve&#8221; Maija atz\u012bst, ka p\u0113d\u0113j\u0101 laik\u0101 sabiedr\u012bb\u0101 iziet reti.<\/p>\n<p>&#8220;\u0160\u012b laikam bija otr\u0101 reize dz\u012bv\u0113, kad neapmekl\u0113ju &#8221;R\u012bgas Modes ned\u0113\u013cu&#8221;,&#8221; saka Silova, kura tie\u0161i \u0161aj\u0101 pas\u0101kum\u0101 pirms 23 gadiem aizs\u0101ka savu karjeru modes \u017eurn\u0101listik\u0101.<\/p>\n<p>Kam\u0113r stil\u012bgie R\u012bgas \u013caudis pulc\u0113j\u0101s uz skat\u0113m, Maija kop\u0101 ar v\u012bru R\u016bni Ulvangu devusies uz vi\u0146a dzimteni Norv\u0113\u0123iju, lai satiktu kop\u012bgos draugus un izbaud\u012btu Oslo kult\u016bras dz\u012bvi.<\/p>\n<p>Lai gan vi\u0146as v\u012bra dzimtene ir Norv\u0113\u0123ija, p\u0101rcel\u0161anos uz dz\u012bvi tur Silova pagaid\u0101m neapsver. &#8220;Pagaid\u0101m tas neietilpst manos pl\u0101nos,&#8221; vi\u0146a noteic.<\/p>\n<p><img decoding=\"async\" class=\"figure__image\" onclick=\"triggerEvent('articleImageClick', { id: 15998128, focus: 'single-image', focusIndex: '15998128' })\" onkeydown=\"if (event.key === 'Enter') {&#10;        triggerEvent('articleImageClick', { id: 15998128, focus: 'single-image', focusIndex: '15998128' })&#10;        }\" role=\"button\" tabindex=\"0\" data-focus-from=\"single-image\" data-focus-index=\"15998128\" src=\"https:\/\/www.europesays.com\/lv\/wp-content\/uploads\/2026\/05\/15998128t1h33e9.jpg\"  onload=\"this.parentElement.classList.remove('figure__image-loading')\" alt=\"Maija Silova un R\u016bne Ulvangs\"\/>Maija Silova un R\u016bne Ulvangs Foto: J\u0101nis \u0160kapars\/TVNET GRUPA<\/p>\n<p>Iepriek\u0161 &#8220;Apollo.lv&#8221; v\u0113st\u012bja, ka <a href=\"https:\/\/www.apollo.lv\/term\/557860\/maija-silova\" class=\"topicLink\" target=\"_blank\" rel=\"nofollow noopener\">Maija Silova<\/a> ar norv\u0113\u0123u uz\u0146\u0113m\u0113ju R\u016bni Ulvangu slepus apprec\u0113j\u0101s 2020. gad\u0101, publiski par to pav\u0113stot tikai p\u0113c diviem gadiem. Iepriek\u0161 Silova ar\u012b izteikusies, ka \u0161\u012b ir vi\u0146as pirm\u0101 kopdz\u012bve ar k\u0101du.<\/p>\n<p>Vair\u0101k lasi \u017eurn\u0101la &#8221;Priv\u0101t\u0101 dz\u012bve&#8221; 26. maija numur\u0101!<\/p>\n","protected":false},"excerpt":{"rendered":"Sarun\u0101 ar \u017eurn\u0101lu &#8221;Priv\u0101t\u0101 Dz\u012bve&#8221; Maija atz\u012bst, ka p\u0113d\u0113j\u0101 laik\u0101 sabiedr\u012bb\u0101 iziet reti. &#8220;\u0160\u012b laikam bija otr\u0101 reize&hellip;\n","protected":false},"author":2,"featured_media":212310,"comment_status":"","ping_status":"","sticky":false,"template":"","format":"standard","meta":{"footnotes":"","_share_on_mastodon":"0"},"categories":[12],"tags":[23,28,29,32,33,22,30,31,35,39,38,36,37,34,1429,40,37666,175,20,26,27,24,25,21],"class_list":["post-212309","post","type-post","status-publish","format-standard","has-post-thumbnail","category-latvija","tag-aktualitates","tag-breaking-news","tag-breakingnews","tag-featured-news","tag-featurednews","tag-headlines","tag-latest-news","tag-latestnews","tag-latvia","tag-latvian","tag-latviesu","tag-latviesu-valoda","tag-latviesuvaloda","tag-latvija","tag-latvijas-zurnali","tag-lv","tag-maija-silova","tag-mode","tag-news","tag-popularakas-zinas","tag-popularakaszinas","tag-top-stories","tag-topstories","tag-zinas"],"share_on_mastodon":{"url":"https:\/\/pubeurope.com\/@lv\/116650314574860363","error":""},"_links":{"self":[{"href":"https:\/\/www.europesays.com\/lv\/wp-json\/wp\/v2\/posts\/212309","targetHints":{"allow":["GET"]}}],"collection":[{"href":"https:\/\/www.europesays.com\/lv\/wp-json\/wp\/v2\/posts"}],"about":[{"href":"https:\/\/www.europesays.com\/lv\/wp-json\/wp\/v2\/types\/post"}],"author":[{"embeddable":true,"href":"https:\/\/www.europesays.com\/lv\/wp-json\/wp\/v2\/users\/2"}],"replies":[{"embeddable":true,"href":"https:\/\/www.europesays.com\/lv\/wp-json\/wp\/v2\/comments?post=212309"}],"version-history":[{"count":0,"href":"https:\/\/www.europesays.com\/lv\/wp-json\/wp\/v2\/posts\/212309\/revisions"}],"wp:featuredmedia":[{"embeddable":true,"href":"https:\/\/www.europesays.com\/lv\/wp-json\/wp\/v2\/media\/212310"}],"wp:attachment":[{"href":"https:\/\/www.europesays.com\/lv\/wp-json\/wp\/v2\/media?parent=212309"}],"wp:term":[{"taxonomy":"category","embeddable":true,"href":"https:\/\/www.europesays.com\/lv\/wp-json\/wp\/v2\/categories?post=212309"},{"taxonomy":"post_tag","embeddable":true,"href":"https:\/\/www.europesays.com\/lv\/wp-json\/wp\/v2\/tags?post=212309"}],"curies":[{"name":"wp","href":"https:\/\/api.w.org\/{rel}","templated":true}]}}