{"id":212433,"date":"2026-05-28T06:43:13","date_gmt":"2026-05-28T06:43:13","guid":{"rendered":"https:\/\/www.europesays.com\/lv\/212433\/"},"modified":"2026-05-28T06:43:13","modified_gmt":"2026-05-28T06:43:13","slug":"karlis-arnolds-avots-par-lomu-filma-ula-pirmo-reizi-dzive-man-bija-loti-bail-no-filmas","status":"publish","type":"post","link":"https:\/\/www.europesays.com\/lv\/212433\/","title":{"rendered":"K\u0101rlis Arnolds Avots par lomu film\u0101 &#8221;U\u013ca&#8221;: &#8221;Pirmo reizi dz\u012bv\u0113 man bija \u013coti bail no filmas&#8221;"},"content":{"rendered":"<p class=\"isSelectedEnd\">P\u0113c atgrie\u0161an\u0101s no Kann\u0101m aktieris <a href=\"https:\/\/sejas.tvnet.lv\/term\/690694\/karlis-arnolds-avots\" class=\"topicLink\" target=\"_blank\" rel=\"nofollow noopener\">K\u0101rlis Arnolds Avots<\/a> nesl\u0113pj &#8211; filmu piln\u012bb\u0101 noskat\u012bjies tikai neilgi pirms do\u0161an\u0101s uz presti\u017eo kinofestiv\u0101lu.<\/p>\n<blockquote class=\"quote ck-widget\" contenteditable=\"false\">\n<p>&#8220;Pirmo reizi dz\u012bv\u0113 man bija \u013coti bail no filmas,&#8221; vi\u0146\u0161 saka p\u0113c ilg\u0101kas pauzes. &#8220;Man bija svar\u012bgi, lai taj\u0101 b\u016btu v\u0113st\u012bjums un lai t\u0101 nevienu nes\u0101pin\u0101tu. Man iedotais uztic\u012bbas kred\u012bts bija \u013coti liels.&#8221;<\/p>\n<\/blockquote>\n<p class=\"isSelectedEnd\">Avots uzsver, ka piekri\u0161ana \u0161ai lomai bijis radik\u0101ls l\u0113mums, ta\u010du tas n\u0101cis no sirds. Aktieris uzskata, ka m\u0101kslas galvenais uzdevums ir rad\u012bt pieredzi, savuk\u0101rt aktiera misija ir atspogu\u013cot cilv\u0113ka iek\u0161\u0113jo pasauli, nevis koncentr\u0113ties uz \u0101r\u0113jiem r\u0101mjiem vai stereotipiem.<\/p>\n<blockquote class=\"quote ck-widget\" contenteditable=\"false\">\n<p>&#8220;Man\u0101 pasaul\u0113 m\u0101kslas galvenais uzdevums ir pieredze, savuk\u0101rt aktiera galvenais uzdevums ir atspogu\u013cot iek\u0161\u0113jo dz\u012bvi un dv\u0113seli. Dzimums ir otr\u0161\u0137ir\u012bgs,&#8221; saka Avots.<\/p>\n<\/blockquote>\n<p class=\"isSelectedEnd\">Vi\u0146\u0161 atz\u012bst, ka s\u0101kotn\u0113ji pat nav nojautis, ka filma un vi\u0146a loma da\u013c\u0101 sabiedr\u012bbas var\u0113tu rais\u012bt ar\u012b pretrun\u012bgu reakciju. Tom\u0113r p\u0113c Kannu kinofestiv\u0101la programmas izzi\u0146o\u0161anas saj\u016btas k\u013cuvu\u0161as div\u0113j\u0101das.<\/p>\n<p class=\"isSelectedEnd\">&#8220;No vienas puses, biju \u0101rk\u0101rt\u012bgi gandar\u012bts, jo tas noz\u012bm\u0113, ka filma ir tie\u0161\u0101m laba. No otras puses, bailes un trauksme man\u012b atgriez\u0101s,&#8221; vi\u0146\u0161 st\u0101sta. &#8220;Ar t\u0101m dz\u012bvoju joproj\u0101m, tom\u0113r esmu p\u0101rliecin\u0101ts, ka \u0161\u012b ir dziedino\u0161a filma.&#8221;<\/p>\n<p><img decoding=\"async\" class=\"figure__image\" onclick=\"triggerEvent('articleImageClick', { id: 17654030, focus: 'single-image', focusIndex: '17654030' })\" onkeydown=\"if (event.key === 'Enter') {&#10;        triggerEvent('articleImageClick', { id: 17654030, focus: 'single-image', focusIndex: '17654030' })&#10;        }\" role=\"button\" tabindex=\"0\" data-focus-from=\"single-image\" data-focus-index=\"17654030\" src=\"https:\/\/www.europesays.com\/lv\/wp-content\/uploads\/2026\/05\/17654030t1h181e.jpg\"  onload=\"this.parentElement.classList.remove('figure__image-loading')\" alt=\"K\u0101rlis Arnolds Avots un Viesturs Kairi\u0161s.\"\/>K\u0101rlis Arnolds Avots un Viesturs Kairi\u0161s. Foto: Publicit\u0101tes foto<\/p>\n<p>Jau v\u0113st\u012bts, ka filma &#8220;U\u013ca&#8221;, kuras re\u017eisors ir Viesturs Kairi\u0161s, pasaules pirmizr\u0101di piedz\u012bvoja 79. Kannu kinofestiv\u0101la konkursa programm\u0101 &#8220;\u012apa\u0161ais skatiens&#8221; 21. maij\u0101. Avots ne tikai atveido galveno lomu, bet ar\u012b ir filmas idejas un scen\u0101rija autors.<\/p>\n<p>Vair\u0101k lasi \u017eurn\u0101la &#8220;Ir&#8221; 28. maija numur\u0101!<\/p>\n","protected":false},"excerpt":{"rendered":"P\u0113c atgrie\u0161an\u0101s no Kann\u0101m aktieris K\u0101rlis Arnolds Avots nesl\u0113pj &#8211; filmu piln\u012bb\u0101 noskat\u012bjies tikai neilgi pirms do\u0161an\u0101s uz&hellip;\n","protected":false},"author":2,"featured_media":212434,"comment_status":"","ping_status":"","sticky":false,"template":"","format":"standard","meta":{"footnotes":"","_share_on_mastodon":"0"},"categories":[19],"tags":[89,90,33182,34822,35,39,38,36,37,34,40],"class_list":["post-212433","post","type-post","status-publish","format-standard","has-post-thumbnail","category-izklaide","tag-entertainment","tag-izklaide","tag-kannas","tag-karlis-arnolds-avots","tag-latvia","tag-latvian","tag-latviesu","tag-latviesu-valoda","tag-latviesuvaloda","tag-latvija","tag-lv"],"share_on_mastodon":{"url":"https:\/\/pubeurope.com\/@lv\/116650849679675858","error":""},"_links":{"self":[{"href":"https:\/\/www.europesays.com\/lv\/wp-json\/wp\/v2\/posts\/212433","targetHints":{"allow":["GET"]}}],"collection":[{"href":"https:\/\/www.europesays.com\/lv\/wp-json\/wp\/v2\/posts"}],"about":[{"href":"https:\/\/www.europesays.com\/lv\/wp-json\/wp\/v2\/types\/post"}],"author":[{"embeddable":true,"href":"https:\/\/www.europesays.com\/lv\/wp-json\/wp\/v2\/users\/2"}],"replies":[{"embeddable":true,"href":"https:\/\/www.europesays.com\/lv\/wp-json\/wp\/v2\/comments?post=212433"}],"version-history":[{"count":0,"href":"https:\/\/www.europesays.com\/lv\/wp-json\/wp\/v2\/posts\/212433\/revisions"}],"wp:featuredmedia":[{"embeddable":true,"href":"https:\/\/www.europesays.com\/lv\/wp-json\/wp\/v2\/media\/212434"}],"wp:attachment":[{"href":"https:\/\/www.europesays.com\/lv\/wp-json\/wp\/v2\/media?parent=212433"}],"wp:term":[{"taxonomy":"category","embeddable":true,"href":"https:\/\/www.europesays.com\/lv\/wp-json\/wp\/v2\/categories?post=212433"},{"taxonomy":"post_tag","embeddable":true,"href":"https:\/\/www.europesays.com\/lv\/wp-json\/wp\/v2\/tags?post=212433"}],"curies":[{"name":"wp","href":"https:\/\/api.w.org\/{rel}","templated":true}]}}