{"id":21251,"date":"2025-10-14T18:33:13","date_gmt":"2025-10-14T18:33:13","guid":{"rendered":"https:\/\/www.europesays.com\/lv\/21251\/"},"modified":"2025-10-14T18:33:13","modified_gmt":"2025-10-14T18:33:13","slug":"vugd-aicina-lidzcilvekus-nepabraukt-garam-un-palidzet-sogad-avarijas-miris-jau-91-cilveks","status":"publish","type":"post","link":"https:\/\/www.europesays.com\/lv\/21251\/","title":{"rendered":"VUGD aicina l\u012bdzcilv\u0113kus nepabraukt gar\u0101m un pal\u012bdz\u0113t \u2013 \u0161ogad av\u0101rij\u0101s miris jau 91 cilv\u0113ks"},"content":{"rendered":"<p>2025. gada pirmajos asto\u0146os m\u0113ne\u0161os ugunsdz\u0113s\u0113ji gl\u0101b\u0113ji&#13;<br \/>\ndev\u0101s uz 744 ce\u013cu satiksmes negad\u012bjumu seku likvid\u0113\u0161anas darbiem un tajos&#13;<br \/>\nizgl\u0101bti 111 cilv\u0113ki, kas ir gandr\u012bz tikpat, cik aizvad\u012btaj\u0101 gad\u0101 kopum\u0101.<\/p>\n<p>Saska\u0146\u0101 ar Valsts policijas apkopoto inform\u0101ciju, \u0161ogad&#13;<br \/>\nre\u0123istr\u0113ti jau tr\u012bspadsmit ar pusi t\u016bksto\u0161i ce\u013cu satiksmes negad\u012bjumu, kuros&#13;<br \/>\ng\u0101jis boj\u0101 91 cilv\u0113ks un cietu\u0161i gandr\u012bz tr\u012bs t\u016bksto\u0161i cilv\u0113ku.<\/p>\n<p>Str\u0101d\u0101jot ce\u013cu satiksmes negad\u012bjumos, ugunsdz\u0113s\u0113ji gl\u0101b\u0113ji,&#13;<br \/>\nmedi\u0137i un policisti redz, cik b\u016btiska un br\u012b\u017eiem iz\u0161\u0137iro\u0161a var b\u016bt tie\u0161i&#13;<br \/>\nl\u012bdzcilv\u0113ku attieksme. T\u0101p\u0113c, redzot ce\u013cu satiksmes negad\u012bjumu, operat\u012bvie&#13;<br \/>\ndienesti aicina: &#8220;Apst\u0101jies un nov\u0113rt\u0113 situ\u0101ciju &#8211; zvani uz 112 &#8211; sagaidi&#13;<br \/>\noperat\u012bvos dienestus!&#8221;.<\/p>\n<p>Ikvienam ir pien\u0101kums r\u012bkoties<\/p>\n<p>Ce\u013cu satiksmes negad\u012bjumi joproj\u0101m ir viens no galvenajiem&#13;<br \/>\nsmagu traumu un n\u0101ves c\u0113lo\u0146iem uz ce\u013ciem. Cietu\u0161ie bie\u017ei g\u016bst nopietnas traumas&#13;<br \/>\n&#8211; kaulu l\u016bzumus, mugurkaula boj\u0101jumus, galvas traumas, iek\u0161\u0113jo org\u0101nu&#13;<br \/>\nsavainojumus un dz\u012bv\u012bbai b\u012bstamu iek\u0161\u0113jo asi\u0146o\u0161anu. \u0160\u0101das traumas var&#13;<br \/>\nneatgriezeniski ietekm\u0113t cilv\u0113ka vesel\u012bbu un turpm\u0101ko dz\u012bves kvalit\u0101ti.<\/p>\n<p>T\u0101p\u0113c katrs mirklis p\u0113c negad\u012bjuma ir kritiski svar\u012bgs.&#13;<br \/>\nSavlaic\u012bga un pareiza pirm\u0101s pal\u012bdz\u012bbas snieg\u0161ana var b\u016bt iz\u0161\u0137iro\u0161a &#8211; t\u0101 var&#13;<br \/>\naptur\u0113t asi\u0146o\u0161anu, nodro\u0161in\u0101t elpce\u013cu caurlaid\u012bbu un pal\u012bdz\u0113t saglab\u0101t cietu\u0161\u0101&#13;<br \/>\napzi\u0146u l\u012bdz medi\u0137u iera\u0161an\u0101s br\u012bdim.<\/p>\n<p>Ikviens var k\u013c\u016bt par cilv\u0113ka dz\u012bv\u012bbas gl\u0101b\u0113ju, ja vien&#13;<br \/>\nnepaliek vienaldz\u012bgs un r\u012bkojas. Pat ja nezini, ko un k\u0101 dar\u012bt, izsauc&#13;<br \/>\npal\u012bdz\u012bbu, zvanot uz \u0101rk\u0101rtas t\u0101lru\u0146a numuriem 112 un 113 un r\u016bp\u012bgi seko&#13;<br \/>\ndispe\u010deru nor\u0101d\u0113m &#8211; vi\u0146i visu pateiks priek\u0161\u0101, kas j\u0101dara. Visslikt\u0101kais, ko&#13;<br \/>\nvar izdar\u012bt, ir nedar\u012bt neko.<\/p>\n<p>Pirm\u0101s pal\u012bdz\u012bbas aptieci\u0146ai katr\u0101 automa\u0161\u012bn\u0101<\/p>\n<p>T\u0101 nav likuma pras\u012bba &#8211; t\u0101 ir b\u016btisks dro\u0161\u012bbas elements, kas&#13;<br \/>\nar\u012b var gl\u0101bt cilv\u0113ka dz\u012bv\u012bbu. Ce\u013cu satiksmes negad\u012bjuma br\u012bd\u012b nav laika mekl\u0113t&#13;<br \/>\npal\u012bdz\u012bbu vai nepiecie\u0161amos l\u012bdzek\u013cus &#8211; tiem j\u0101b\u016bt pieejamiem uzreiz. Aptieci\u0146a&#13;<br \/>\nir katra autovad\u012bt\u0101ja atbild\u012bba, un t\u0101s esam\u012bba, k\u0101 ar\u012b pareizs un pilnv\u0113rt\u012bgs&#13;<br \/>\nsaturs, var k\u013c\u016bt par iz\u0161\u0137iro\u0161u faktoru cietu\u0161\u0101 izdz\u012bvo\u0161an\u0101 l\u012bdz medi\u0137u&#13;<br \/>\niera\u0161an\u0101s br\u012bdim.<\/p>\n<p>Ja j\u016btat d\u016bmu smaku &#8211; j\u0101st\u0101jas mal\u0101<\/p>\n<p>\u0160\u012b gada pirmajos asto\u0146os m\u0113ne\u0161os Valsts ugunsdz\u0113s\u012bbas un&#13;<br \/>\ngl\u0101b\u0161anas dienests (VUGD) sa\u0146\u0113mis 312 izsaukumus uz dego\u0161iem&#13;<br \/>\ntransportl\u012bdzek\u013ciem. \u0160ie gad\u012bjumi nereti rada nopietnu apdraud\u0113jumu ne tikai&#13;<br \/>\nautoma\u0161\u012bnas pasa\u017eieriem, bet ar\u012b apk\u0101rt\u0113jiem satiksmes dal\u012bbniekiem. Liesmu&#13;<br \/>\nizplat\u012b\u0161anos iesp\u0113jams savlaic\u012bgi ierobe\u017eot, ja transportl\u012bdzeklis ir apr\u012bkots&#13;<br \/>\nar ugunsdz\u0113s\u012bbas apar\u0101tu, kas \u013cauj nekav\u0113joties rea\u0123\u0113t uz aizdeg\u0161an\u0101s paz\u012bm\u0113m.&#13;<br \/>\nVUGD atg\u0101dina, ja j\u016btat d\u016bmu smaku vai redzat d\u016bmus no automa\u0161\u012bnas: nekav\u0113joties&#13;<br \/>\napst\u0101diniet transportl\u012bdzekli, izsl\u0113dziet dzin\u0113ju, nodro\u0161iniet t\u0101s nekust\u012bgumu,&#13;<br \/>\nevaku\u0113jieties un zvaniet uz vienoto \u0101rk\u0101rtas pal\u012bdz\u012bbas numuru 112. \u0160\u0101da r\u012bc\u012bba&#13;<br \/>\nvar b\u016bt iz\u0161\u0137iro\u0161a dz\u012bv\u012bbas un vesel\u012bbas gl\u0101b\u0161an\u0101.<\/p>\n<p>Kop\u0161 2017. gada Ce\u013cu satiksmes dro\u0161\u012bbas pl\u0101na ietvaros VUGD&#13;<br \/>\n\u012bsteno informat\u012bvo kampa\u0146u &#8220;Iedz\u012bvot\u0101ju izgl\u012bto\u0161ana par r\u012bc\u012bbu p\u0113c ce\u013cu&#13;<br \/>\nsatiksmes negad\u012bjumiem&#8221; un ik gadu laika posm\u0101 no augusta l\u012bdz oktobra&#13;<br \/>\nbeig\u0101m \u012bsteno vair\u0101kas aktivit\u0101tes, lai izgl\u012btotu sabiedr\u012bbu un paaugstin\u0101tu&#13;<br \/>\niedz\u012bvot\u0101ju zin\u0101\u0161anas par pareizu r\u012bc\u012bbu p\u0113c ce\u013cu satiksmes negad\u012bjumiem.<\/p>\n","protected":false},"excerpt":{"rendered":"2025. gada pirmajos asto\u0146os m\u0113ne\u0161os ugunsdz\u0113s\u0113ji gl\u0101b\u0113ji&#13; dev\u0101s uz 744 ce\u013cu satiksmes negad\u012bjumu seku likvid\u0113\u0161anas darbiem un tajos&#13;&hellip;\n","protected":false},"author":2,"featured_media":21252,"comment_status":"","ping_status":"","sticky":false,"template":"","format":"standard","meta":{"footnotes":""},"categories":[12],"tags":[129,4777,1276,6787,3733,23,28,29,32,33,22,30,31,35,39,38,36,37,34,40,20,26,27,3734,4778,1277,6788,3735,4779,1278,6789,24,25,21],"class_list":{"0":"post-21251","1":"post","2":"type-post","3":"status-publish","4":"format-standard","5":"has-post-thumbnail","7":"category-latvija","8":"tag-__typenameadvicekeyword","9":"tag-id557","10":"tag-id561","11":"tag-id572","12":"tag-id881","13":"tag-aktualitates","14":"tag-breaking-news","15":"tag-breakingnews","16":"tag-featured-news","17":"tag-featurednews","18":"tag-headlines","19":"tag-latest-news","20":"tag-latestnews","21":"tag-latvia","22":"tag-latvian","23":"tag-latviesu","24":"tag-latviesu-valoda","25":"tag-latviesuvaloda","26":"tag-latvija","27":"tag-lv","28":"tag-news","29":"tag-popularakas-zinas","30":"tag-popularakaszinas","31":"tag-slug112","32":"tag-slugcelu-satiksmes-negadijums","33":"tag-slugvalsts-policija","34":"tag-slugvalsts-ugunsdzesibas-un-glabsanas-dienests-vugd","35":"tag-title112","36":"tag-titlecelu-satiksmes-negadijums","37":"tag-titlevalsts-policija","38":"tag-titlevalsts-ugunsdzesibas-un-glabsanas-dienests-vugd","39":"tag-top-stories","40":"tag-topstories","41":"tag-zinas"},"share_on_mastodon":{"url":"","error":""},"_links":{"self":[{"href":"https:\/\/www.europesays.com\/lv\/wp-json\/wp\/v2\/posts\/21251","targetHints":{"allow":["GET"]}}],"collection":[{"href":"https:\/\/www.europesays.com\/lv\/wp-json\/wp\/v2\/posts"}],"about":[{"href":"https:\/\/www.europesays.com\/lv\/wp-json\/wp\/v2\/types\/post"}],"author":[{"embeddable":true,"href":"https:\/\/www.europesays.com\/lv\/wp-json\/wp\/v2\/users\/2"}],"replies":[{"embeddable":true,"href":"https:\/\/www.europesays.com\/lv\/wp-json\/wp\/v2\/comments?post=21251"}],"version-history":[{"count":0,"href":"https:\/\/www.europesays.com\/lv\/wp-json\/wp\/v2\/posts\/21251\/revisions"}],"wp:featuredmedia":[{"embeddable":true,"href":"https:\/\/www.europesays.com\/lv\/wp-json\/wp\/v2\/media\/21252"}],"wp:attachment":[{"href":"https:\/\/www.europesays.com\/lv\/wp-json\/wp\/v2\/media?parent=21251"}],"wp:term":[{"taxonomy":"category","embeddable":true,"href":"https:\/\/www.europesays.com\/lv\/wp-json\/wp\/v2\/categories?post=21251"},{"taxonomy":"post_tag","embeddable":true,"href":"https:\/\/www.europesays.com\/lv\/wp-json\/wp\/v2\/tags?post=21251"}],"curies":[{"name":"wp","href":"https:\/\/api.w.org\/{rel}","templated":true}]}}