{"id":21255,"date":"2025-10-14T18:38:08","date_gmt":"2025-10-14T18:38:08","guid":{"rendered":"https:\/\/www.europesays.com\/lv\/21255\/"},"modified":"2025-10-14T18:38:08","modified_gmt":"2025-10-14T18:38:08","slug":"vinam-bus-jadara-tas-no-ka-baidas-visvairak","status":"publish","type":"post","link":"https:\/\/www.europesays.com\/lv\/21255\/","title":{"rendered":"vi\u0146am b\u016bs j\u0101dara tas, no k\u0101 baid\u0101s visvair\u0101k"},"content":{"rendered":"<p>\u201cTrampa komanda, kura v\u0113l nav tikusi p\u0101ri pag\u0101ju\u0161o br\u012bvdienu lepnuma vilnim, risk\u0113 mazliet apjukt Ukrainas jaut\u0101jum\u0101. Dro\u0161\u012bbas garantiju pl\u0101nu Ukrainai, ko valsts sekret\u0101ram Marko Rubio bija j\u0101izstr\u0101d\u0101 Ukrainai \u2013 pl\u0101nus, kas nepiecie\u0161ami ilgsto\u0161am mieram \u2013 pagaid\u0101m nav skaidri,\u201d nor\u0101d\u012bja publik\u0101cijas autors.<\/p>\n<p>P\u0113c Vol\u0161a teikt\u0101, riski attiec\u012bb\u0101 pret Ukrainu ir ac\u012bmredzami. Tramps teor\u0113tiski var\u0113tu draud\u0113t Izra\u0113las premjerministram Benjaminam Netanjahu ar sankcij\u0101m, kuras b\u016btu politiski \u0113rti ieviest. Tom\u0113r ASV l\u012bderim nav nek\u0101du vieglu ietekmes sviru pret Putinu, t\u0101p\u0113c tagad ir j\u0101pier\u0101da, ka vi\u0146a draudi pielietot sp\u0113ku \u2013 k\u0101 ekonomisku, t\u0101 fizisku, tiks \u012bstenoti, uzsv\u0113ra CNN \u017eurn\u0101lists.<\/p>\n<p>\u201cTam ir risks pagr\u016bst Trampu virzien\u0101, uz kuru Baidens pat neuzdro\u0161in\u0101j\u0101s skat\u012bties. \u201cTomahawk\u201d ra\u0137etes var piemekl\u0113t \u201csekund\u0101ro sankciju\u201d liktenis \u2013 t\u0101s ir k\u0101 draudi, nevis k\u0101 re\u0101ls instruments. Tom\u0113r t\u0101, izskat\u0101s, ir vien\u012bg\u0101 noder\u012bg\u0101 atzi\u0146a Trampam, un t\u0101 bija vi\u0146a Eiropas sabiedroto mantra jau no pa\u0161a s\u0101kuma. Kremlis rea\u0123\u0113 tikai uz sp\u0113ku \u2013 uz to, kas fiziski blo\u0137\u0113 Krievijai ce\u013cu. Lai izc\u012bn\u012btu v\u0113l vienu \u201cmier\u012bgu uzvaru\u201d, Trampam ir j\u0101atrod sev\u012b sp\u0113ks un v\u0113lme izdar\u012bt to, no k\u0101 vi\u0146\u0161 baid\u0101s visvair\u0101k \u2013 fiziski st\u0101ties pretim Putinam,\u201d nor\u0101d\u012bja Patons Vol\u0161s.<\/p>\n<p>Iepriek\u0161 ASV prezidents <a href=\"https:\/\/www.tvnet.lv\/term\/555636\/donalds-tramps\" class=\"topicLink\" target=\"_blank\" rel=\"nofollow noopener\">Donalds Tramps<\/a> pazi\u0146oja, ka p\u0113c miera nosl\u0113g\u0161anas Gaz\u0101 vi\u0146\u0161 noregul\u0113\u0161ot karu Ukrain\u0101.<\/p>\n<p>\u201cTas b\u016btu br\u012bni\u0161\u0137\u012bgi, vai ne? Bet vispirms mums j\u0101tiek gal\u0101 ar Krieviju. Ja tu, St\u012bv (Trampa \u012bpa\u0161ais s\u016btnis St\u012bvs Vitkofs), neesi pret\u012b, mums b\u016bs j\u0101fokus\u0113jas uz Krieviju. M\u0113s tiksim gal\u0101,\u201d sac\u012bja Tramps.<\/p>\n","protected":false},"excerpt":{"rendered":"\u201cTrampa komanda, kura v\u0113l nav tikusi p\u0101ri pag\u0101ju\u0161o br\u012bvdienu lepnuma vilnim, risk\u0113 mazliet apjukt Ukrainas jaut\u0101jum\u0101. Dro\u0161\u012bbas garantiju&hellip;\n","protected":false},"author":2,"featured_media":21256,"comment_status":"","ping_status":"","sticky":false,"template":"","format":"standard","meta":{"footnotes":""},"categories":[14],"tags":[23,57,28,29,542,32,33,22,74,30,31,35,39,38,36,37,34,40,20,26,27,24,25,235,54,55,56,21,58],"class_list":{"0":"post-21255","1":"post","2":"type-post","3":"status-publish","4":"format-standard","5":"has-post-thumbnail","7":"category-zinas-no-arvalstim","8":"tag-aktualitates","9":"tag-arvalstim","10":"tag-breaking-news","11":"tag-breakingnews","12":"tag-donalds-tramps","13":"tag-featured-news","14":"tag-featurednews","15":"tag-headlines","16":"tag-krievijas-iebrukums-ukraina","17":"tag-latest-news","18":"tag-latestnews","19":"tag-latvia","20":"tag-latvian","21":"tag-latviesu","22":"tag-latviesu-valoda","23":"tag-latviesuvaloda","24":"tag-latvija","25":"tag-lv","26":"tag-news","27":"tag-popularakas-zinas","28":"tag-popularakaszinas","29":"tag-top-stories","30":"tag-topstories","31":"tag-vladimirs-putins","32":"tag-world","33":"tag-world-news","34":"tag-worldnews","35":"tag-zinas","36":"tag-zinas-no-arvalstim"},"share_on_mastodon":{"url":"","error":""},"_links":{"self":[{"href":"https:\/\/www.europesays.com\/lv\/wp-json\/wp\/v2\/posts\/21255","targetHints":{"allow":["GET"]}}],"collection":[{"href":"https:\/\/www.europesays.com\/lv\/wp-json\/wp\/v2\/posts"}],"about":[{"href":"https:\/\/www.europesays.com\/lv\/wp-json\/wp\/v2\/types\/post"}],"author":[{"embeddable":true,"href":"https:\/\/www.europesays.com\/lv\/wp-json\/wp\/v2\/users\/2"}],"replies":[{"embeddable":true,"href":"https:\/\/www.europesays.com\/lv\/wp-json\/wp\/v2\/comments?post=21255"}],"version-history":[{"count":0,"href":"https:\/\/www.europesays.com\/lv\/wp-json\/wp\/v2\/posts\/21255\/revisions"}],"wp:featuredmedia":[{"embeddable":true,"href":"https:\/\/www.europesays.com\/lv\/wp-json\/wp\/v2\/media\/21256"}],"wp:attachment":[{"href":"https:\/\/www.europesays.com\/lv\/wp-json\/wp\/v2\/media?parent=21255"}],"wp:term":[{"taxonomy":"category","embeddable":true,"href":"https:\/\/www.europesays.com\/lv\/wp-json\/wp\/v2\/categories?post=21255"},{"taxonomy":"post_tag","embeddable":true,"href":"https:\/\/www.europesays.com\/lv\/wp-json\/wp\/v2\/tags?post=21255"}],"curies":[{"name":"wp","href":"https:\/\/api.w.org\/{rel}","templated":true}]}}