{"id":21296,"date":"2025-10-14T19:33:07","date_gmt":"2025-10-14T19:33:07","guid":{"rendered":"https:\/\/www.europesays.com\/lv\/21296\/"},"modified":"2025-10-14T19:33:07","modified_gmt":"2025-10-14T19:33:07","slug":"muziba-devies-arsts-un-zinatnieks-aivars-lejnieks","status":"publish","type":"post","link":"https:\/\/www.europesays.com\/lv\/21296\/","title":{"rendered":"M\u016b\u017e\u012bb\u0101 devies \u0101rsts un zin\u0101tnieks Aivars Lejnieks"},"content":{"rendered":"<p>Vi\u0146\u0161 nor\u0101da, ka profesors Lejnieks bijis viens no m\u016bsdienu Latvijas medic\u012bnas st\u016brakme\u0146iem. &#8220;Vi\u0146a ieguld\u012bjums Latvijas medic\u012bnas izgl\u012bt\u012bb\u0101, pacientu apr\u016bp\u0113 un sabiedr\u012bbas vesel\u012bbas veicin\u0101\u0161an\u0101 ir nenov\u0113rt\u0113jams,&#8221; raksta Skride.<\/p>\n<p>Lejnieks bija R\u012bgas Austrumu kl\u012bnisk\u0101s universit\u0101tes slimn\u012bcas (RAKUS) \u0100rstniec\u012bbas padomes priek\u0161s\u0113d\u0113t\u0101js, Intern\u0101s medic\u012bnas galvenais speci\u0101lists un profesors.<\/p>\n<p>Vi\u0146\u0161 piedal\u012bjies Reto slim\u012bbu speci\u0101listu asoci\u0101cijas dibin\u0101\u0161an\u0101.<\/p>\n<p>K\u0101 liecina Latvijas Zin\u0101t\u0146u akad\u0113mijas m\u0101jaslap\u0101 apkopot\u0101 inform\u0101cija, Lejnieks 1978. gad\u0101 R\u012bgas Medic\u012bnas instit\u016bt\u0101 ieguvis terapeita un endokrinologa specialit\u0101ti. Medic\u012bnas doktora gr\u0101du vi\u0146\u0161 ieguvis 1989. gad\u0101.<\/p>\n<p>Vi\u0146\u0161 ir bijis R\u012bgas Stradi\u0146a universit\u0101tes Iek\u0161\u0137\u012bgo slim\u012bbu katedras vad\u012bt\u0101js, Latvijas Zin\u0101t\u0146u akad\u0113mijas korespond\u0113t\u0101jloceklis un \u012bstenais loceklis.<\/p>\n<p>Lejnieka zin\u0101tnisko p\u0113t\u012bjumu virzieni biju\u0161i &#8211; sirds asinsvadu slim\u012bbu riska faktori, to atkl\u0101\u0161ana un iesp\u0113jam\u0101 nov\u0113r\u0161ana, arteri\u0101la hipertensija, metabolais sindroms, prediab\u0113ts, cukura diab\u0113ts, kalcija vielmai\u0146a, vitam\u012bns D, osteoporoze, ret\u0101s slim\u012bbas, neiroendokr\u012bnie audz\u0113ji un citi.<\/p>\n<p>K\u0101 liecina inform\u0101cija R\u012bgas Stradi\u0146a universit\u0101tes (RSU) m\u0101jaslap\u0101, 2. oktobr\u012b Lejnieks sa\u0146\u0113mis RSU Gada balvu par m\u016b\u017ea ieguld\u012bjumu.<\/p>\n","protected":false},"excerpt":{"rendered":"Vi\u0146\u0161 nor\u0101da, ka profesors Lejnieks bijis viens no m\u016bsdienu Latvijas medic\u012bnas st\u016brakme\u0146iem. &#8220;Vi\u0146a ieguld\u012bjums Latvijas medic\u012bnas izgl\u012bt\u012bb\u0101, pacientu&hellip;\n","protected":false},"author":2,"featured_media":21297,"comment_status":"","ping_status":"","sticky":false,"template":"","format":"standard","meta":{"footnotes":""},"categories":[12],"tags":[23,6802,28,29,32,33,22,30,31,35,39,38,36,37,34,40,6804,6803,20,26,27,24,25,21],"class_list":{"0":"post-21296","1":"post","2":"type-post","3":"status-publish","4":"format-standard","5":"has-post-thumbnail","7":"category-latvija","8":"tag-aktualitates","9":"tag-arsts","10":"tag-breaking-news","11":"tag-breakingnews","12":"tag-featured-news","13":"tag-featurednews","14":"tag-headlines","15":"tag-latest-news","16":"tag-latestnews","17":"tag-latvia","18":"tag-latvian","19":"tag-latviesu","20":"tag-latviesu-valoda","21":"tag-latviesuvaloda","22":"tag-latvija","23":"tag-lv","24":"tag-miris","25":"tag-muziba","26":"tag-news","27":"tag-popularakas-zinas","28":"tag-popularakaszinas","29":"tag-top-stories","30":"tag-topstories","31":"tag-zinas"},"share_on_mastodon":{"url":"","error":""},"_links":{"self":[{"href":"https:\/\/www.europesays.com\/lv\/wp-json\/wp\/v2\/posts\/21296","targetHints":{"allow":["GET"]}}],"collection":[{"href":"https:\/\/www.europesays.com\/lv\/wp-json\/wp\/v2\/posts"}],"about":[{"href":"https:\/\/www.europesays.com\/lv\/wp-json\/wp\/v2\/types\/post"}],"author":[{"embeddable":true,"href":"https:\/\/www.europesays.com\/lv\/wp-json\/wp\/v2\/users\/2"}],"replies":[{"embeddable":true,"href":"https:\/\/www.europesays.com\/lv\/wp-json\/wp\/v2\/comments?post=21296"}],"version-history":[{"count":0,"href":"https:\/\/www.europesays.com\/lv\/wp-json\/wp\/v2\/posts\/21296\/revisions"}],"wp:featuredmedia":[{"embeddable":true,"href":"https:\/\/www.europesays.com\/lv\/wp-json\/wp\/v2\/media\/21297"}],"wp:attachment":[{"href":"https:\/\/www.europesays.com\/lv\/wp-json\/wp\/v2\/media?parent=21296"}],"wp:term":[{"taxonomy":"category","embeddable":true,"href":"https:\/\/www.europesays.com\/lv\/wp-json\/wp\/v2\/categories?post=21296"},{"taxonomy":"post_tag","embeddable":true,"href":"https:\/\/www.europesays.com\/lv\/wp-json\/wp\/v2\/tags?post=21296"}],"curies":[{"name":"wp","href":"https:\/\/api.w.org\/{rel}","templated":true}]}}