{"id":21320,"date":"2025-10-14T20:24:08","date_gmt":"2025-10-14T20:24:08","guid":{"rendered":"https:\/\/www.europesays.com\/lv\/21320\/"},"modified":"2025-10-14T20:24:08","modified_gmt":"2025-10-14T20:24:08","slug":"dzierkals-gust-vartus-cempionu-liga-gudlevskis-piedzivo-zaudejumu","status":"publish","type":"post","link":"https:\/\/www.europesays.com\/lv\/21320\/","title":{"rendered":"Dzierkals g\u016bst v\u0101rtus \u010cempionu l\u012bg\u0101; Gud\u013cevskis piedz\u012bvo zaud\u0113jumu"},"content":{"rendered":"<p>&#8220;Sparta&#8221; ar 4:0 (1:0, 2:0, 1:0) p\u0101rsp\u0113ja Francijas klubu &#8220;Grenoble&#8221;.<\/p>\n<p>Dzierkals 22. min\u016bt\u0113 pan\u0101ca 2:0, \u0101traj\u0101 uzbrukum\u0101 no viesu zonas vidus p\u0101rsp\u0113jot v\u0101rtsargu.<\/p>\n<p>Dzierkals 14 min\u016bt\u0113s un 28 sekund\u0113s uz ledus se\u0161reiz meta pa v\u0101rtiem un sp\u0113li beidza ar +\/- r\u0101d\u012bt\u0101ju +1.<\/p>\n<p>Uzbruc\u0113ja R\u016bdolfa Balcera p\u0101rst\u0101v\u0113to C\u012brihes &#8220;Lions&#8221; izbraukum\u0101 ar 1:4 (0:0, 0:1, 1:3) piek\u0101p\u0101s Somijas vien\u012bbai Tamperes &#8220;Ilves&#8221;.<\/p>\n<p>Balcers 18 min\u016bt\u0113s un 16 sekund\u0113s laukum\u0101 divreiz meta pa v\u0101rtiem un blo\u0137\u0113ja vienu metienu.<\/p>\n<p>Latvijas v\u0101rtsarga Kristera Gud\u013cevska p\u0101rst\u0101v\u0113t\u0101 Br\u0113merh\u0101fenes &#8220;Fischtown Pinguins&#8221; viesos ar 1:2 (0:1, 0:1, 1:0) zaud\u0113ja Norv\u0113\u0123ijas vien\u012bbai H\u0101maras &#8220;Storhamar&#8221;.<\/p>\n<p>Gud\u013cevskis atvair\u012bja 16 no 18 metieniem.<\/p>\n<p>&#8220;Sparta&#8221; ar 14 punktiem se\u0161\u0101s sp\u0113l\u0113s ir ceturt\u0101, &#8220;Lions&#8221; ar septi\u0146iem punktiem &#8211; 13., bet &#8220;Fischtown Pinguins&#8221; &#8211; 15., Oskara Bat\u0146as p\u0101rst\u0101v\u0113t\u0101 \u010cehijas vien\u012bba Hradeckr\u0101lovas &#8220;Mountfield&#8221; ar se\u0161iem punktiem piec\u0101s sp\u0113l\u0113s ie\u0146em 18. vietu, bet 20. viet\u0101 ar pieciem punktiem piecos ma\u010dos ir Georga Golovkova p\u0101rst\u0101v\u0113t\u0101 Odenses &#8220;Bulldogs&#8221;.<\/p>\n<p>\u010cempionu l\u012bgas pamatturn\u012br\u0101 24 komandas aizvada pa se\u0161\u0101m sp\u0113l\u0113m, un to vieta tiek noteikta kop\u0113j\u0101 tabul\u0101, 16 lab\u0101kaj\u0101m kvalific\u0113joties izsl\u0113g\u0161anas sp\u0113l\u0113m.<\/p>\n<p>Iepriek\u0161\u0113j\u0101 sezon\u0101 IIHF \u010cempionu l\u012bgas turn\u012br\u0101 uzvar\u0113ja R\u016bdolfa Balcera p\u0101rst\u0101v\u0113t\u0101 C\u012brihes &#8220;Lions&#8221;.<\/p>\n<p>Turn\u012brs pirmo reizi norisin\u0101j\u0101s 2014.\/2015. gada sezon\u0101.<\/p>\n","protected":false},"excerpt":{"rendered":"&#8220;Sparta&#8221; ar 4:0 (1:0, 2:0, 1:0) p\u0101rsp\u0113ja Francijas klubu &#8220;Grenoble&#8221;. Dzierkals 22. min\u016bt\u0113 pan\u0101ca 2:0, \u0101traj\u0101 uzbrukum\u0101 no&hellip;\n","protected":false},"author":2,"featured_media":21321,"comment_status":"","ping_status":"","sticky":false,"template":"","format":"standard","meta":{"footnotes":""},"categories":[17],"tags":[6807,836,838,394,721,6806,35,39,38,36,37,34,40,6355,2717,67],"class_list":{"0":"post-21320","1":"post","2":"type-post","3":"status-publish","4":"format-standard","5":"has-post-thumbnail","7":"category-sports","8":"tag-cempionu-hokeja-liga","9":"tag-hokeja-jaunumi","10":"tag-hokejisti-arzemes","11":"tag-hokejs","12":"tag-hokejs-pasaule","13":"tag-kristers-gudlevskis","14":"tag-latvia","15":"tag-latvian","16":"tag-latviesu","17":"tag-latviesu-valoda","18":"tag-latviesuvaloda","19":"tag-latvija","20":"tag-lv","21":"tag-martins-dzierkals","22":"tag-rudolfs-balcers","23":"tag-sports"},"share_on_mastodon":{"url":"","error":""},"_links":{"self":[{"href":"https:\/\/www.europesays.com\/lv\/wp-json\/wp\/v2\/posts\/21320","targetHints":{"allow":["GET"]}}],"collection":[{"href":"https:\/\/www.europesays.com\/lv\/wp-json\/wp\/v2\/posts"}],"about":[{"href":"https:\/\/www.europesays.com\/lv\/wp-json\/wp\/v2\/types\/post"}],"author":[{"embeddable":true,"href":"https:\/\/www.europesays.com\/lv\/wp-json\/wp\/v2\/users\/2"}],"replies":[{"embeddable":true,"href":"https:\/\/www.europesays.com\/lv\/wp-json\/wp\/v2\/comments?post=21320"}],"version-history":[{"count":0,"href":"https:\/\/www.europesays.com\/lv\/wp-json\/wp\/v2\/posts\/21320\/revisions"}],"wp:featuredmedia":[{"embeddable":true,"href":"https:\/\/www.europesays.com\/lv\/wp-json\/wp\/v2\/media\/21321"}],"wp:attachment":[{"href":"https:\/\/www.europesays.com\/lv\/wp-json\/wp\/v2\/media?parent=21320"}],"wp:term":[{"taxonomy":"category","embeddable":true,"href":"https:\/\/www.europesays.com\/lv\/wp-json\/wp\/v2\/categories?post=21320"},{"taxonomy":"post_tag","embeddable":true,"href":"https:\/\/www.europesays.com\/lv\/wp-json\/wp\/v2\/tags?post=21320"}],"curies":[{"name":"wp","href":"https:\/\/api.w.org\/{rel}","templated":true}]}}