{"id":21327,"date":"2025-10-14T20:35:06","date_gmt":"2025-10-14T20:35:06","guid":{"rendered":"https:\/\/www.europesays.com\/lv\/21327\/"},"modified":"2025-10-14T20:35:06","modified_gmt":"2025-10-14T20:35:06","slug":"lukasenko-pazino-par-gatavibu-slegt-lielu-darijumu-ar-asv","status":"publish","type":"post","link":"https:\/\/www.europesays.com\/lv\/21327\/","title":{"rendered":"Luka\u0161enko pazi\u0146o par gatav\u012bbu sl\u0113gt &#8220;lielu dar\u012bjumu&#8221; ar ASV"},"content":{"rendered":"<p>\u201cGaid\u012bsim vi\u0146u pied\u0101v\u0101jumu saist\u012bb\u0101 ar glob\u0101lu un lielu dar\u012bjumu, k\u0101 vi\u0146i prot par to run\u0101t. Vi\u0146iem pat\u012bk \u0161ie lielie dar\u012bjumi. M\u0113s esam tam gatavi. Esam gatavi ar vi\u0146iem sl\u0113gt dar\u012bjumu. Tom\u0113r vien\u0101 svaru pus\u0113 ir vi\u0146u jaut\u0101jumi, l\u016bgumi un pras\u012bbas, bet otr\u0101 pus\u0113 \u2013 m\u016bsu jaut\u0101jumi un pras\u012bbas. Risin\u0101sim? L\u016bdzu. M\u0113s esam gatavi. Nov\u0113rt\u0113ju <a href=\"https:\/\/www.tvnet.lv\/term\/555410\/asv\" class=\"topicLink\" target=\"_blank\" rel=\"nofollow noopener\">ASV<\/a> prezidenta Donalda Trampa pied\u0101v\u0101jumus, ta\u010du ir j\u0101b\u016bt \u0146emt\u0101m v\u0113r\u0101 m\u016bsu interes\u0113m. Visam ir j\u0101b\u016bt god\u012bgi \u2013 t\u0101, k\u0101 m\u0113s kaut kad agr\u0101k ar amerik\u0101\u0146iem vienoj\u0101mies,\u201d teica Luka\u0161enko.<\/p>\n<p>T\u0101pat Luka\u0161enko uzskata, ka amerik\u0101\u0146i it k\u0101 redzot \u201cBaltkrievijas lomu miera proces\u0101 Ukrain\u0101\u201d.<\/p>\n<p>\u201cUzskatu, ka Baltkrievijai, k\u0101 Krievijas tuv\u0101kajam sabiedrotajam, Ukrainas kr\u012bzes risin\u0101jum\u0101, k\u0101 ar\u012b jaunas re\u0123ion\u0101l\u0101s dro\u0161\u012bbas arhitekt\u016bras b\u016bv\u0113\u0161an\u0101 ir atv\u0113l\u0113ta noteikta loma. Amerik\u0101\u0146i \u0161aj\u0101 proces\u0101 m\u016bs jau ir redz\u0113ju\u0161i. Mums ir konkr\u0113tas iesp\u0113jas un potenci\u0101ls. Ja amerik\u0101\u0146i grib noregul\u0113t \u0161o konfliktu Ukrain\u0101 un redz mums taj\u0101 k\u0101du nelielu lomu, m\u0113s esam gatavi taj\u0101 iesaist\u012bties,\u201d ciniski pazi\u0146oja Luka\u0161enko.<\/p>\n<p>Vi\u0146\u0161 piebilda, ka <a href=\"https:\/\/www.tvnet.lv\/term\/555450\/baltkrievija\" class=\"topicLink\" target=\"_blank\" rel=\"nofollow noopener\">Baltkrievija<\/a> \u201csen un ne reizi vien uzsv\u0113rusi nepiecie\u0161am\u012bbu mierm\u012bl\u012bgi atrisin\u0101t Ukrainas konfliktu\u201d.<\/p>\n<p>\u201cM\u0113s esam paudu\u0161i savu poz\u012bciju: miers, miers un tikai miers. Ukrainai ir j\u0101past\u0101v k\u0101 suver\u0113nai un neatkar\u012bgai valstij. M\u0113s esam par to, lai kar\u0161 tiktu aptur\u0113ts tagad, pret\u0113j\u0101 gad\u012bjum\u0101 \u0161\u012b neatkar\u012bg\u0101 valsts pazud\u012bs. V\u0113l jo vair\u0101k da\u017ei jau skat\u0101s uz Ukrainas rietumu apgabaliem,\u201d nor\u0101d\u012bja Luka\u0161enko.<\/p>\n<p>\u201cReuters\u201d iepriek\u0161 v\u0113st\u012bja, ka Baltkrievija vair\u0101kas reizes palielin\u0101jusi degvielas eksportu uz Krieviju, kas c\u012bn\u0101s ar noz\u012bm\u012bgu degvielas defic\u012btu. T\u0101pat Baltkrievija jau kop\u0161 Krievijas iebrukuma Ukrain\u0101 s\u0101kuma akt\u012bvi atbalst\u012bjusi Krieviju, sniedzot savu teritoriju k\u0101 placdarmu agresijai pret Ukrainu.<\/p>\n","protected":false},"excerpt":{"rendered":"\u201cGaid\u012bsim vi\u0146u pied\u0101v\u0101jumu saist\u012bb\u0101 ar glob\u0101lu un lielu dar\u012bjumu, k\u0101 vi\u0146i prot par to run\u0101t. Vi\u0146iem pat\u012bk \u0161ie&hellip;\n","protected":false},"author":2,"featured_media":21328,"comment_status":"","ping_status":"","sticky":false,"template":"","format":"standard","meta":{"footnotes":""},"categories":[14],"tags":[23,2725,57,292,2416,28,29,32,33,22,74,30,31,35,39,38,36,37,34,40,20,26,27,24,25,54,55,56,21,58],"class_list":{"0":"post-21327","1":"post","2":"type-post","3":"status-publish","4":"format-standard","5":"has-post-thumbnail","7":"category-zinas-no-arvalstim","8":"tag-aktualitates","9":"tag-aleksandrs-lukasenko","10":"tag-arvalstim","11":"tag-asv","12":"tag-baltkrievija","13":"tag-breaking-news","14":"tag-breakingnews","15":"tag-featured-news","16":"tag-featurednews","17":"tag-headlines","18":"tag-krievijas-iebrukums-ukraina","19":"tag-latest-news","20":"tag-latestnews","21":"tag-latvia","22":"tag-latvian","23":"tag-latviesu","24":"tag-latviesu-valoda","25":"tag-latviesuvaloda","26":"tag-latvija","27":"tag-lv","28":"tag-news","29":"tag-popularakas-zinas","30":"tag-popularakaszinas","31":"tag-top-stories","32":"tag-topstories","33":"tag-world","34":"tag-world-news","35":"tag-worldnews","36":"tag-zinas","37":"tag-zinas-no-arvalstim"},"share_on_mastodon":{"url":"","error":""},"_links":{"self":[{"href":"https:\/\/www.europesays.com\/lv\/wp-json\/wp\/v2\/posts\/21327","targetHints":{"allow":["GET"]}}],"collection":[{"href":"https:\/\/www.europesays.com\/lv\/wp-json\/wp\/v2\/posts"}],"about":[{"href":"https:\/\/www.europesays.com\/lv\/wp-json\/wp\/v2\/types\/post"}],"author":[{"embeddable":true,"href":"https:\/\/www.europesays.com\/lv\/wp-json\/wp\/v2\/users\/2"}],"replies":[{"embeddable":true,"href":"https:\/\/www.europesays.com\/lv\/wp-json\/wp\/v2\/comments?post=21327"}],"version-history":[{"count":0,"href":"https:\/\/www.europesays.com\/lv\/wp-json\/wp\/v2\/posts\/21327\/revisions"}],"wp:featuredmedia":[{"embeddable":true,"href":"https:\/\/www.europesays.com\/lv\/wp-json\/wp\/v2\/media\/21328"}],"wp:attachment":[{"href":"https:\/\/www.europesays.com\/lv\/wp-json\/wp\/v2\/media?parent=21327"}],"wp:term":[{"taxonomy":"category","embeddable":true,"href":"https:\/\/www.europesays.com\/lv\/wp-json\/wp\/v2\/categories?post=21327"},{"taxonomy":"post_tag","embeddable":true,"href":"https:\/\/www.europesays.com\/lv\/wp-json\/wp\/v2\/tags?post=21327"}],"curies":[{"name":"wp","href":"https:\/\/api.w.org\/{rel}","templated":true}]}}