{"id":21341,"date":"2025-10-14T20:55:07","date_gmt":"2025-10-14T20:55:07","guid":{"rendered":"https:\/\/www.europesays.com\/lv\/21341\/"},"modified":"2025-10-14T20:55:07","modified_gmt":"2025-10-14T20:55:07","slug":"izvelos-jekabpili-silinu-izbrina-uzulnieka-lemums-nebraukt-uz-es-ministru-sanaksmi-jekabpils-laiks-jekabpils-zinas","status":"publish","type":"post","link":"https:\/\/www.europesays.com\/lv\/21341\/","title":{"rendered":"&#8220;Izv\u0113los J\u0113kabpili&#8221; \u2013 Sili\u0146u izbr\u012bna Uzulnieka l\u0113mums nebraukt uz ES ministru san\u0101ksmi \/ J\u0113kabpils Laiks: J\u0113kabpils zi\u0146as"},"content":{"rendered":"<p>Labkl\u0101j\u012bbas ministrs\u00a0Reinis Uzulnieks\u00a0(ZZS) neapmekl\u0113s 17. oktobr\u012b Eiropas Savien\u012bbas (ES) Nodarbin\u0101t\u012bbas, soci\u0101l\u0101s politikas, vesel\u012bbas un pat\u0113r\u0113t\u0101ju lietu ministru padomes san\u0101ksmi, jo taj\u0101 tiks skat\u012bti ar LGBT saist\u012bti jaut\u0101jumi. T\u0101 viet\u0101 ministrs dosies uz b\u0113rnu dro\u0161\u012bbai velt\u012btu pas\u0101kumu J\u0113kabpil\u012b. Ministru prezidente\u00a0Evika Sili\u0146a\u00a0(JV) par \u0161\u0101du l\u0113mumu pauda izbr\u012bnu.<\/p>\n<p>\u0160odien, 14. oktobr\u012b, vald\u012bbas dienask\u0101rt\u012bb\u0101 bija iek\u013cauts jaut\u0101jums par min\u0113to ES ministru san\u0101ksmi. T\u0101s dienas k\u0101rt\u012bb\u0101 ir \u010detri jaut\u0101jumi &#8211; Eiropas Padomes (EP) secin\u0101jumi par vardarb\u012bbu pret sieviet\u0113m un vardarb\u012bbu \u0123imen\u0113, c\u012b\u0146a pret naidu, diskrimin\u0101ciju un vardarb\u012bbu pret LGBTIK person\u0101m, EP secin\u0101jumi par personu ar invalidit\u0101ti soci\u0101lo iek\u013cau\u0161anu, veicinot neatkar\u012bgu dz\u012bvi, k\u0101 ar\u012b invalidit\u0101tes ties\u012bbu veicin\u0101\u0161ana ES.<\/p>\n<p>Latviju ES ministru san\u0101ksm\u0113 p\u0101rst\u0101v\u0113s Latvijas past\u0101v\u012bg\u0101s p\u0101rst\u0101ves ES vietnieks, v\u0113stnieks Reinis Brusb\u0101rdis, Labkl\u0101j\u012bbas ministrijas nozares padomnieki Latvijas Past\u0101v\u012bgaj\u0101 p\u0101rst\u0101vniec\u012bb\u0101 ES Lelde K\u0113la un Maksims Ivanovs.<\/p>\n<p>Uzulnieks inform\u0113ja, ka vi\u0146\u0161 pats nedosies uz ES ministru san\u0101ksmi, bet Latvijas poz\u012bciju paud\u012bs Brusb\u0101rdis.<\/p>\n<p>Labkl\u0101j\u012bbas ministrs izv\u0113l\u0113jies piektdien, 17. oktobr\u012b, doties uz J\u0113kabpili, kur notiks Digit\u0101l\u0101s dro\u0161\u012bbas diena, kas, k\u0101 sac\u012bja Uzulnieks, ir aktu\u0101la no b\u0113rnu aizsardz\u012bbas viedok\u013ca.<\/p>\n<p>Ministru prezidente interes\u0113j\u0101s, k\u0101 ministrs izv\u0113las pas\u0101kumus, kurus apmekl\u0113t, \u0146emot v\u0113r\u0101, ka dal\u012bba ES ministru san\u0101ksm\u0113s ir v\u0113l viens vald\u012bbas darba form\u0101ts.<\/p>\n<blockquote><p>&#13;<\/p>\n<p>&#8220;Jums k\u0101 ministram ir pien\u0101kums p\u0101rst\u0101v\u0113t valsti, ja vien nav \u0101rk\u0101rt\u0113ji gad\u012bjumi,&#8221; sac\u012bja Sili\u0146a.<\/p>\n<p>&#13;\n<\/p><\/blockquote>\n<p>Uzulnieks sac\u012bja, ka \u0161is jaut\u0101jums tika p\u0101rrun\u0101ts ar ier\u0113d\u0146iem un puses vienoj\u0101s, ka ministru san\u0101ksm\u0113 Latviju p\u0101rst\u0101v\u0113s v\u0113stnieks.<\/p>\n<blockquote><p>&#13;<\/p>\n<p>&#8220;Ja man ir j\u0101izv\u0113las jaut\u0101jumi, kas saist\u012bti ar LGBT vai piedal\u012bties vardarb\u012bbas mazin\u0101\u0161anas pas\u0101kum\u0101, es izv\u0113los braukt uz J\u0113kabpili,&#8221; nor\u0101d\u012bja Uzulnieks.<\/p>\n<p>&#13;\n<\/p><\/blockquote>\n<p>\u0100rlietu ministre\u00a0Baiba Bra\u017ee\u00a0(JV) piebilda, ka bez LGBT temata ES ministru san\u0101ksm\u0113 tiks run\u0101ts kopum\u0101 par \u010detriem tematiem, tostarp par person\u0101m ar invalidit\u0101ti. Uzulnieks atk\u0101rtoja, ka Latviju san\u0101ksm\u0113 p\u0101rst\u0101v\u0113s Brusb\u0101rdis.<\/p>\n<p>Ekonomikas ministrs\u00a0Viktors Valainis\u00a0(ZZS) nor\u0101d\u012bja, ka galvenais jaut\u0101jums nav par to, kur\u0161 p\u0101rst\u0101v\u0113s vai nep\u0101rst\u0101v\u0113s Latviju san\u0101ksm\u0113, bet gan svar\u012bg\u0101kais, ka Latvijas poz\u012bcija tiks p\u0101rst\u0101v\u0113ta. Vi\u0146\u0161 atzina, ka ministrs var izv\u0113l\u0113ties citas priorit\u0101tes, t\u0101p\u0113c vi\u0146\u0161 neredz iemeslu p\u0101rmetumiem.<\/p>\n<blockquote><p>&#13;<\/p>\n<p>&#8220;Ja man b\u016btu j\u0101s\u0101k braukt uz vis\u0101m san\u0101ksm\u0113m, kur esmu dele\u0123\u0113ts, j\u016bs mani redz\u0113tu reti,&#8221; sac\u012bja ekonomikas ministrs.<\/p>\n<p>&#13;\n<\/p><\/blockquote>\n<p>Sili\u0146a tom\u0113r uzst\u0101ja, ka \u0161\u012b nav parasta san\u0101ksme, bet gan ES san\u0101ksme, kur\u0101 Latvijai ir j\u0101iesaist\u0101s, un tas ir viens no ministru pien\u0101kumiem. &#8220;Nebrauc ministrs, j\u0101brauc valsts sekret\u0101ram vai parlament\u0101rajam sekret\u0101ram. Ja ministram t\u0101 nav priorit\u0101te, tad m\u0113s to redzam un tas ir m\u016bsu secin\u0101jums. T\u0101 ir politika,&#8221; piebilda premjerministre. Vi\u0146a gan atzina, ka v\u0113stnieks Latviju p\u0101rst\u0101v\u0113s visaugst\u0101kaj\u0101 l\u012bmen\u012b.<\/p>\n<p>Ar\u012b satiksmes ministrs\u00a0Atis \u0160vinka\u00a0(P) iesaist\u012bj\u0101s diskusij\u0101 nor\u0101dot, ka vi\u0146\u0161 ir piedal\u012bjies ES ministru san\u0101ksm\u0113s, jo ir svar\u012bgi, ka Latvija taj\u0101s ir p\u0101rst\u0101v\u0113ta visaugst\u0101kaj\u0101 l\u012bmen\u012b, pau\u017eot valsts poz\u012bciju.<\/p>\n<blockquote><p>&#13;<\/p>\n<p>&#8220;\u0160\u012b ir d\u012bvaina situ\u0101cija,&#8221; secin\u0101ja \u0160vinka.<\/p>\n<p>&#13;\n<\/p><\/blockquote>\n<p>Zemkop\u012bbas ministrs\u00a0Armands Krauze\u00a0(ZZS) kol\u0113\u0123iem nor\u0101d\u012bja, ka l\u012bdz \u0161im vald\u012bb\u0101 nav bijusi \u0161\u0101da diskusija. Ar\u012b vi\u0146am esot daudz san\u0101ksmju ES un vi\u0146\u0161 uz vis\u0101m nevar aizbraukt.<\/p>\n<blockquote><p>&#13;<\/p>\n<p>&#8220;Tas ir j\u0101atst\u0101j ministru br\u012bv\u0101 izv\u0113l\u0113,&#8221; uzsv\u0113ra Krauze.<\/p>\n<p>&#13;\n<\/p><\/blockquote>\n<p>Sasp\u012bl\u0113jumu koal\u012bcijas vid\u016b rais\u012bjis Za\u013co un zemnieku savien\u012bbas l\u0113mums nodot izv\u0113rt\u0113\u0161anai Saeimas \u0100rlietu komisij\u0101 likumprojektu, kas paredz denons\u0113t Eiropas Padomes Konvenciju par vardarb\u012bbas pret sieviet\u0113m un vardarb\u012bbas \u0123imen\u0113 nov\u0113r\u0161anu un apkaro\u0161anu jeb Stambulas konvenciju.<\/p>\n","protected":false},"excerpt":{"rendered":"Labkl\u0101j\u012bbas ministrs\u00a0Reinis Uzulnieks\u00a0(ZZS) neapmekl\u0113s 17. oktobr\u012b Eiropas Savien\u012bbas (ES) Nodarbin\u0101t\u012bbas, soci\u0101l\u0101s politikas, vesel\u012bbas un pat\u0113r\u0113t\u0101ju lietu ministru padomes&hellip;\n","protected":false},"author":2,"featured_media":21342,"comment_status":"","ping_status":"","sticky":false,"template":"","format":"standard","meta":{"footnotes":""},"categories":[5],"tags":[23,28,29,32,33,22,987,986,30,31,35,39,38,36,37,34,40,20,26,27,24,25,21],"class_list":{"0":"post-21341","1":"post","2":"type-post","3":"status-publish","4":"format-standard","5":"has-post-thumbnail","7":"category-aktualitates","8":"tag-aktualitates","9":"tag-breaking-news","10":"tag-breakingnews","11":"tag-featured-news","12":"tag-featurednews","13":"tag-headlines","14":"tag-jekabpils-zinas","15":"tag-jekabpilslaiks","16":"tag-latest-news","17":"tag-latestnews","18":"tag-latvia","19":"tag-latvian","20":"tag-latviesu","21":"tag-latviesu-valoda","22":"tag-latviesuvaloda","23":"tag-latvija","24":"tag-lv","25":"tag-news","26":"tag-popularakas-zinas","27":"tag-popularakaszinas","28":"tag-top-stories","29":"tag-topstories","30":"tag-zinas"},"share_on_mastodon":{"url":"","error":""},"_links":{"self":[{"href":"https:\/\/www.europesays.com\/lv\/wp-json\/wp\/v2\/posts\/21341","targetHints":{"allow":["GET"]}}],"collection":[{"href":"https:\/\/www.europesays.com\/lv\/wp-json\/wp\/v2\/posts"}],"about":[{"href":"https:\/\/www.europesays.com\/lv\/wp-json\/wp\/v2\/types\/post"}],"author":[{"embeddable":true,"href":"https:\/\/www.europesays.com\/lv\/wp-json\/wp\/v2\/users\/2"}],"replies":[{"embeddable":true,"href":"https:\/\/www.europesays.com\/lv\/wp-json\/wp\/v2\/comments?post=21341"}],"version-history":[{"count":0,"href":"https:\/\/www.europesays.com\/lv\/wp-json\/wp\/v2\/posts\/21341\/revisions"}],"wp:featuredmedia":[{"embeddable":true,"href":"https:\/\/www.europesays.com\/lv\/wp-json\/wp\/v2\/media\/21342"}],"wp:attachment":[{"href":"https:\/\/www.europesays.com\/lv\/wp-json\/wp\/v2\/media?parent=21341"}],"wp:term":[{"taxonomy":"category","embeddable":true,"href":"https:\/\/www.europesays.com\/lv\/wp-json\/wp\/v2\/categories?post=21341"},{"taxonomy":"post_tag","embeddable":true,"href":"https:\/\/www.europesays.com\/lv\/wp-json\/wp\/v2\/tags?post=21341"}],"curies":[{"name":"wp","href":"https:\/\/api.w.org\/{rel}","templated":true}]}}