{"id":21377,"date":"2025-10-14T23:28:07","date_gmt":"2025-10-14T23:28:07","guid":{"rendered":"https:\/\/www.europesays.com\/lv\/21377\/"},"modified":"2025-10-14T23:28:07","modified_gmt":"2025-10-14T23:28:07","slug":"parsteidzoss-sarnira-izmaksu-kritums-sola-tirgus-parmainas-lente-lv","status":"publish","type":"post","link":"https:\/\/www.europesays.com\/lv\/21377\/","title":{"rendered":"P\u0101rsteidzo\u0161s \u0161arn\u012bra izmaksu kritums sola tirgus p\u0101rmai\u0146as\u00a0\u2014\u00a0Lente.lv"},"content":{"rendered":"<p>Iekarojot tirgu ar gudru pieeju: Apple gaid\u0101mais iPhone Fold piedz\u012bvos iev\u0113rojamu izmaksu samazin\u0101jumu<\/p>\n<p>Apple, kas ir zin\u0101ms ar savu inovat\u012bvo pieeju un premium produktu pozicion\u0113\u0161anu, turpina intens\u012bvi str\u0101d\u0101t pie sava pirm\u0101 salok\u0101m\u0101 viedt\u0101lru\u0146a, kas, p\u0113c anal\u012bti\u0137u prognoz\u0113m, var\u0113tu ien\u0101kt tirg\u016b jau n\u0101kamaj\u0101 gad\u0101. Ta\u010du jaun\u0101k\u0101s zi\u0146as, ko sniedz uzticamais pieg\u0101des \u0137\u0113des anal\u012bti\u0137is Ming-Chi Kuo, liecina par p\u0101rsteidzo\u0161u notikumu \u2013 ier\u012bces galven\u0101, sare\u017e\u0123\u012bt\u0101 komponenta, proti, salok\u0101m\u0101 ekr\u0101na \u0161arn\u012bra, izmaksas ir izr\u0101d\u012bju\u0161\u0101s iev\u0113rojami zem\u0101kas nek\u0101 s\u0101kotn\u0113ji tika prognoz\u0113ts. \u0160is atkl\u0101jums sola ne tikai optimiz\u0113t Apple pe\u013c\u0146as mar\u017eu, bet, iesp\u0113jams, ar\u012b padar\u012bt \u0161o ambiciozo ier\u012bci pieejam\u0101ku pla\u0161\u0101kam pat\u0113r\u0113t\u0101ju lokam.<\/p>\n<p>\u0160arn\u012bra izmaksu revol\u016bcija: K\u0101 tiek pan\u0101kts iev\u0113rojams ietaup\u012bjums<\/p>\n<p>P\u0113c Kuo jaun\u0101kajiem datiem, masveida ra\u017eo\u0161anas posm\u0101 \u0161arn\u012bra vid\u0113j\u0101 cena tiek prognoz\u0113ta aptuveni 70-80 ASV dol\u0101ru apm\u0113r\u0101. Tas ir iev\u0113rojams l\u0113ciens uz leju sal\u012bdzin\u0101jum\u0101 ar s\u0101kotn\u0113j\u0101m tirgus prognoz\u0113m, kas sv\u0101rst\u012bj\u0101s ap 100-120 dol\u0101riem un pat vair\u0101k. \u0160\u0101ds cenu kritums ir \u012bpa\u0161i iespaid\u012bgs, \u0146emot v\u0113r\u0101, ka \u0161arn\u012brs ir viens no tehnolo\u0123iski sare\u017e\u0123\u012bt\u0101kajiem un d\u0101rg\u0101kajiem elementiem salok\u0101maj\u0101 viedt\u0101lrun\u012b. Tas ir l\u012bdz\u012bgi k\u0101 in\u017eenieri sp\u0113tu izstr\u0101d\u0101t jaunu, iztur\u012bg\u0101ku un viegl\u0101ku lidma\u0161\u012bnas sp\u0101rnu, kas maks\u0101tu krietni maz\u0101k nek\u0101 iepriek\u0161\u0113jie mode\u013ci, nenodarot kompromisu lidojuma dro\u0161\u012bb\u0101.<\/p>\n<p>Lai nodro\u0161in\u0101tu \u0161o v\u0113rien\u012bgo projektu un stabilu pieg\u0101di, Apple ir veicis gudru strat\u0113\u0123isko g\u0101jienu, piesaistot vair\u0101kus nozares l\u012bderus. Liel\u0101ko da\u013cu \u2013 aptuveni 65% \u2013 \u0161arn\u012bru ra\u017eos kopuz\u0146\u0113mums, kas izveidots sadarb\u012bb\u0101 starp gigantiem Foxconn un Shin Zu Shing. Atliku\u0161os 35% pieg\u0101d\u0101s uz\u0146\u0113mums Amphenol. \u0160\u0101da diversifik\u0101cija nodro\u0161ina ne tikai ra\u017eo\u0161anas jaudu, bet ar\u012b samazina atkar\u012bbu no viena pieg\u0101d\u0101t\u0101ja, mazinot riskus. Papildus tam, p\u0113c 2027. gada pieg\u0101\u017eu \u0137\u0113d\u0113 potenci\u0101li var\u0113tu iesaist\u012bties ar\u012b Luxshare-ICT, kas jau ir p\u0101rbaud\u012bts Apple partneris citos produktos, piem\u0113ram, iPhone komponentu un aksesu\u0101ru ra\u017eo\u0161an\u0101.<\/p>\n<p>Foxconn optimiz\u0101cija: Atsl\u0113ga izmaksu samazin\u0101jumam un kvalit\u0101tes saglab\u0101\u0161anai<\/p>\n<p>Galvenais iemesls \u0161arn\u012bra cenas kritumam mekl\u0113jams Foxconn \u2013 Apple ilggad\u0113j\u0101 un uzticam\u0101 ra\u017eo\u0161anas partnera \u2013 veiktaj\u0101 ra\u017eo\u0161anas procesu optimiz\u0101cij\u0101. Foxconn in\u017eenieri ir radu\u0161i veidus, k\u0101 vienk\u0101r\u0161ot \u0161arn\u012bra konstrukt\u012bvo dizainu, nezaud\u0113jot t\u0101 funkcion\u0101l\u0101s \u012bpa\u0161\u012bbas un iztur\u012bbu. \u0160is process ne tikai samazina ra\u017eo\u0161anas izmaksas, bet ar\u012b, iesp\u0113jams, uzlabo pa\u0161u meh\u0101nismu, padarot to viegl\u0101ku un vienk\u0101r\u0161\u0101ku apkopei n\u0101kotn\u0113. \u0160is ir lielisks piem\u0113rs tam, k\u0101 r\u016bp\u012bga in\u017eeniertehnisk\u0101 anal\u012bze un procesu uzlabo\u0161ana var rad\u012bt b\u016btisku finansi\u0101lu ieguvumu.<\/p>\n<p>Kuo uzsver, ka \u0161is izmaksu samazin\u0101jums paver Apple divas galven\u0101s strat\u0113\u0123isk\u0101s iesp\u0113jas: pirmk\u0101rt, palielin\u0101t savu pe\u013c\u0146as mar\u017eu, saglab\u0101jot ier\u012bces iepriek\u0161 prognoz\u0113to cenu, un, otrk\u0101rt, novirz\u012bt ietaup\u012btos l\u012bdzek\u013cus uz ier\u012bces gala cenas samazin\u0101\u0161anu. \u0160is otrais variants, visticam\u0101k, b\u016btu sp\u0113c\u012bgs solis, lai strauji iekarotu ienes\u012bgo salok\u0101mo viedt\u0101lru\u0146u tirgus da\u013cu, kas pa\u0161laik ir Samsung un Huawei domin\u0113ts. Iedom\u0101jieties, ka Apple var\u0113tu pied\u0101v\u0101t savu pirmo salok\u0101mo ier\u012bci par konkur\u0113tsp\u0113j\u012bg\u0101ku cenu, nezaud\u0113jot savu z\u012bmolam rakstur\u012bgo kvalit\u0101ti un premium saj\u016btu \u2013 tas b\u016btu patie\u0161\u0101m iespaid\u012bgi!<\/p>\n<p>\u0160arn\u012bru konkurence un iPhone Fold n\u0101kotne<\/p>\n<p>Kuo ar\u012b nor\u0101da, ka \u0161arn\u012bru ra\u017eo\u0161anas tehnolo\u0123ijas k\u013c\u016bst par jaunu kaujas lauku starp da\u017e\u0101diem komponen\u0161u un sist\u0113mu ra\u017eot\u0101jiem. N\u0101kotn\u0113, kad pievienosies Luxshare-ICT, \u0161\u012b konkurence var\u0113tu v\u0113l vair\u0101k veicin\u0101t izmaksu samazin\u0101jumu, jo uz\u0146\u0113mumi sacent\u012bsies par Apple pas\u016bt\u012bjumiem. Tas noz\u012bm\u0113, ka n\u0101kam\u0101s paaudzes salok\u0101m\u0101s ier\u012bces var\u0113tu k\u013c\u016bt v\u0113l pieejam\u0101kas un tehnolo\u0123iski att\u012bst\u012bt\u0101kas. Ja \u0161\u012b inform\u0101cija izr\u0101d\u012bsies prec\u012bza, gaid\u0101mais iPhone Fold var\u0113tu k\u013c\u016bt ne tikai par tehnolo\u0123isku pagrieziena punktu Apple v\u0113stur\u0113, bet ar\u012b par vienu no visu laiku ienes\u012bg\u0101kajiem projektiem. Sp\u0113ja samazin\u0101t izmaksas bez kvalit\u0101tes kompromisiem ir galvenais, lai ie\u0146emtu sp\u0113c\u012bgu poz\u012bciju tirg\u016b, kur \u0161obr\u012bd domin\u0113 citi, un padar\u012btu Apple par nopietnu sp\u0113l\u0113t\u0101ju \u0161aj\u0101 aizraujo\u0161aj\u0101 viedt\u0101lru\u0146u segment\u0101.<\/p>\n","protected":false},"excerpt":{"rendered":"Iekarojot tirgu ar gudru pieeju: Apple gaid\u0101mais iPhone Fold piedz\u012bvos iev\u0113rojamu izmaksu samazin\u0101jumu Apple, kas ir zin\u0101ms ar&hellip;\n","protected":false},"author":2,"featured_media":21378,"comment_status":"","ping_status":"","sticky":false,"template":"","format":"standard","meta":{"footnotes":""},"categories":[16],"tags":[6821,77,76,35,39,38,36,37,34,40,6823,6822,6824,6825],"class_list":{"0":"post-21377","1":"post","2":"type-post","3":"status-publish","4":"format-standard","5":"has-post-thumbnail","7":"category-bizness","8":"tag-apple-iphone-fold","9":"tag-bizness","10":"tag-business","11":"tag-latvia","12":"tag-latvian","13":"tag-latviesu","14":"tag-latviesu-valoda","15":"tag-latviesuvaloda","16":"tag-latvija","17":"tag-lv","18":"tag-ming-chi-kuo","19":"tag-salokamais-viedtalrunis","20":"tag-sarnira-izmaksas","21":"tag-viedtalrunu-tehnologijas"},"share_on_mastodon":{"url":"","error":""},"_links":{"self":[{"href":"https:\/\/www.europesays.com\/lv\/wp-json\/wp\/v2\/posts\/21377","targetHints":{"allow":["GET"]}}],"collection":[{"href":"https:\/\/www.europesays.com\/lv\/wp-json\/wp\/v2\/posts"}],"about":[{"href":"https:\/\/www.europesays.com\/lv\/wp-json\/wp\/v2\/types\/post"}],"author":[{"embeddable":true,"href":"https:\/\/www.europesays.com\/lv\/wp-json\/wp\/v2\/users\/2"}],"replies":[{"embeddable":true,"href":"https:\/\/www.europesays.com\/lv\/wp-json\/wp\/v2\/comments?post=21377"}],"version-history":[{"count":0,"href":"https:\/\/www.europesays.com\/lv\/wp-json\/wp\/v2\/posts\/21377\/revisions"}],"wp:featuredmedia":[{"embeddable":true,"href":"https:\/\/www.europesays.com\/lv\/wp-json\/wp\/v2\/media\/21378"}],"wp:attachment":[{"href":"https:\/\/www.europesays.com\/lv\/wp-json\/wp\/v2\/media?parent=21377"}],"wp:term":[{"taxonomy":"category","embeddable":true,"href":"https:\/\/www.europesays.com\/lv\/wp-json\/wp\/v2\/categories?post=21377"},{"taxonomy":"post_tag","embeddable":true,"href":"https:\/\/www.europesays.com\/lv\/wp-json\/wp\/v2\/tags?post=21377"}],"curies":[{"name":"wp","href":"https:\/\/api.w.org\/{rel}","templated":true}]}}