{"id":21393,"date":"2025-10-15T02:39:07","date_gmt":"2025-10-15T02:39:07","guid":{"rendered":"https:\/\/www.europesays.com\/lv\/21393\/"},"modified":"2025-10-15T02:39:07","modified_gmt":"2025-10-15T02:39:07","slug":"mums-basketbola-ir-loti-loti-gaisa-nakotne","status":"publish","type":"post","link":"https:\/\/www.europesays.com\/lv\/21393\/","title":{"rendered":"Mums basketbol\u0101 ir \u013coti, \u013coti gai\u0161a n\u0101kotne"},"content":{"rendered":"<p>Latvijas basketbol\u0101 aug jauna un \u013coti talant\u012bga paaudze. Vair\u0101ki 2008. gad\u0101 dzimu\u0161ie sp\u0113l\u0113t\u0101ji non\u0101ku\u0161i lielu klubu skautu uzman\u012bbas lok\u0101. \u0160osezon debiju Sp\u0101nijas granda Madrides &#8220;Real&#8221; rind\u0101s piedz\u012bvoja Gun\u0101rs Gr\u012bnvalds, k\u013c\u016bstot par jaun\u0101ko latvieti sp\u0113c\u012bg\u0101kaj\u0101 Eiropas klubu turn\u012br\u0101 ULEB Eirol\u012bg\u0101. Par vi\u0146a ce\u013cu un jauno basketbolistu perspekt\u012bv\u0101m aprun\u0101jos ar a\u0123entu Raivi U\u0161acki.<\/p>\n","protected":false},"excerpt":{"rendered":"Latvijas basketbol\u0101 aug jauna un \u013coti talant\u012bga paaudze. Vair\u0101ki 2008. gad\u0101 dzimu\u0161ie sp\u0113l\u0113t\u0101ji non\u0101ku\u0161i lielu klubu skautu uzman\u012bbas&hellip;\n","protected":false},"author":2,"featured_media":21394,"comment_status":"","ping_status":"","sticky":false,"template":"","format":"standard","meta":{"footnotes":""},"categories":[17],"tags":[6827,1098,35,39,38,36,37,34,40,3630,1258,67,1324,2120],"class_list":{"0":"post-21393","1":"post","2":"type-post","3":"status-publish","4":"format-standard","5":"has-post-thumbnail","7":"category-sports","8":"tag-acb","9":"tag-basketbols-pasaule","10":"tag-latvia","11":"tag-latvian","12":"tag-latviesu","13":"tag-latviesu-valoda","14":"tag-latviesuvaloda","15":"tag-latvija","16":"tag-lv","17":"tag-madrides-real","18":"tag-nba","19":"tag-sports","20":"tag-tvnet-sports","21":"tag-uleb-eiroliga"},"share_on_mastodon":{"url":"","error":""},"_links":{"self":[{"href":"https:\/\/www.europesays.com\/lv\/wp-json\/wp\/v2\/posts\/21393","targetHints":{"allow":["GET"]}}],"collection":[{"href":"https:\/\/www.europesays.com\/lv\/wp-json\/wp\/v2\/posts"}],"about":[{"href":"https:\/\/www.europesays.com\/lv\/wp-json\/wp\/v2\/types\/post"}],"author":[{"embeddable":true,"href":"https:\/\/www.europesays.com\/lv\/wp-json\/wp\/v2\/users\/2"}],"replies":[{"embeddable":true,"href":"https:\/\/www.europesays.com\/lv\/wp-json\/wp\/v2\/comments?post=21393"}],"version-history":[{"count":0,"href":"https:\/\/www.europesays.com\/lv\/wp-json\/wp\/v2\/posts\/21393\/revisions"}],"wp:featuredmedia":[{"embeddable":true,"href":"https:\/\/www.europesays.com\/lv\/wp-json\/wp\/v2\/media\/21394"}],"wp:attachment":[{"href":"https:\/\/www.europesays.com\/lv\/wp-json\/wp\/v2\/media?parent=21393"}],"wp:term":[{"taxonomy":"category","embeddable":true,"href":"https:\/\/www.europesays.com\/lv\/wp-json\/wp\/v2\/categories?post=21393"},{"taxonomy":"post_tag","embeddable":true,"href":"https:\/\/www.europesays.com\/lv\/wp-json\/wp\/v2\/tags?post=21393"}],"curies":[{"name":"wp","href":"https:\/\/api.w.org\/{rel}","templated":true}]}}