{"id":21407,"date":"2025-10-15T03:55:03","date_gmt":"2025-10-15T03:55:03","guid":{"rendered":"https:\/\/www.europesays.com\/lv\/21407\/"},"modified":"2025-10-15T03:55:03","modified_gmt":"2025-10-15T03:55:03","slug":"finansu-ministrs-iesniegs-nakama-gada-valsts-budzetu-saeima-dienas-bizness","status":"publish","type":"post","link":"https:\/\/www.europesays.com\/lv\/21407\/","title":{"rendered":"Finan\u0161u ministrs iesniegs n\u0101kam\u0101 gada valsts bud\u017eetu Saeim\u0101 :: Dienas Bizness"},"content":{"rendered":"<p class=\"text-font font-size--text-xlarge margin-3--bottom font-weight--bold padding-1--top\">\u0160odien finan\u0161u ministrs Arvils A\u0161eradens (JV) iesniegs n\u0101kam\u0101 gada valsts bud\u017eetu Saeim\u0101.<\/p>\n<p class=\"text-font font-size--text-xlarge margin-3--bottom\">Saeimas priek\u0161s\u0113d\u0113t\u0101ja Daiga Mieri\u0146a (ZZS) no finan\u0161u ministra sa\u0146ems 2026. gada valsts bud\u017eeta projektu. Tradicion\u0101laj\u0101 bud\u017eeta portfe\u013ca iesnieg\u0161anas pas\u0101kum\u0101 piedal\u012bsies ar\u012b Saeimas Bud\u017eeta un finan\u0161u (nodok\u013cu) komisijas priek\u0161s\u0113d\u0113t\u0101ja Anda \u010cak\u0161a (JV).<\/p>\n<p class=\"text-font font-size--text-xlarge margin-3--bottom\">Bud\u017eeta projekta iesnieg\u0161anas pas\u0101kums tre\u0161dien notiks plkst. 9.40 Saeimas nama Lielaj\u0101 vestibil\u0101, J\u0113kaba iel\u0101 11. P\u0113c tam turpat pl\u0101nots preses br\u012bfings, kur\u0101 piedal\u012bsies Mieri\u0146a, A\u0161eradens un \u010cak\u0161a.<\/p>\n<p class=\"text-font font-size--text-xlarge margin-3--bottom\">Bud\u017eeta portfe\u013ca ne\u0161ana no Finan\u0161u ministrijas uz Saeimu ir trad\u012bcija, kas tika aizs\u0101kta 1997. gad\u0101. L\u012bdz \u0161im ar bud\u017eeta portfeli aiznesti jau 27 valsts bud\u017eeta likumprojekti, un \u0161ogad portfelis tiks nests jau 28. reizi. Trad\u012bciju ieviesa biju\u0161ais finan\u0161u ministrs Roberts Z\u012ble (NA). Vi\u0146\u0161 atv\u0113l\u0113ja person\u012bgo darba portfeli, lai Saeim\u0101 nog\u0101d\u0101tu 1998. gada bud\u017eetu.<\/p>\n<p class=\"text-font font-size--text-xlarge margin-3--bottom\">Jau zi\u0146ots, ka vald\u012bba otrdien, 14. oktobr\u012b, atbalst\u012bja 2026. gada valsts bud\u017eetu, kur\u0101 valsts konsolid\u0113t\u0101 kopbud\u017eeta ie\u0146\u0113mumi pl\u0101noti 16,064 miljardu eiro apm\u0113r\u0101, bet izdevumi &#8211; 17,945 miljardi eiro.<\/p>\n<p class=\"text-font font-size--text-xlarge margin-3--bottom\">Sal\u012bdzinot ar 2025. gada bud\u017eetu, 2026. gad\u0101 valsts bud\u017eeta ie\u0146\u0113mumu pieaugums p\u0101rsniedz izdevumu pieaugumu. Valsts bud\u017eeta ie\u0146\u0113mumiem pl\u0101nots pieaugums par 944,6 miljoniem eiro, savuk\u0101rt izdevumiem &#8211; par 804,3 miljoniem eiro.<\/p>\n<p class=\"text-font font-size--text-xlarge margin-3--bottom\">Pamatbud\u017eet\u0101 pl\u0101notie ie\u0146\u0113mumi veido 10,9 miljardus, bet izdevumi 13,2 miljardus eiro. Savuk\u0101rt speci\u0101laj\u0101 bud\u017eet\u0101 ie\u0146\u0113mumi pl\u0101noti 5,5 miljardu eiro apm\u0113r\u0101, bet izdevumi 5,1 miljarda eiro apm\u0113r\u0101.<\/p>\n<p class=\"text-font font-size--text-xlarge margin-3--bottom\">Latvijas iek\u0161zemes kopprodukts (IKP) n\u0101kamgad faktiskaj\u0101s cen\u0101s paredz\u0113ts 43,953 miljardu eiro apm\u0113r\u0101, l\u012bdz ar to bud\u017eeta defic\u012bts b\u016bs 3,3% no IKP, bet valsts par\u0101ds nep\u0101rsniegs 55% no IKP.<\/p>\n<p class=\"text-font font-size--text-xlarge margin-3--bottom\">Visp\u0101r\u0113j\u0101s vald\u012bbas izdevumi n\u0101kamgad samazin\u0101sies l\u012bdz 47% no IKP sal\u012bdzin\u0101jum\u0101 ar 47,5% \u0161ogad. Vienlaikus, samazinoties kop\u0113jiem izdevumiem, pieaugs izdevumi aizsardz\u012bbai.<\/p>\n<p class=\"text-font font-size--text-xlarge margin-3--bottom\">Kopum\u0101 izdevumi n\u0101kamgad samazin\u0101ti par 171 miljonu eiro. Priorit\u0101rajiem pas\u0101kumiem atv\u0113l\u0113ti 693,5 miljoni eiro, tostarp aizsardz\u012bbai un dro\u0161\u012bbai paredz\u0113ti 448,3 miljoni eiro.<\/p>\n<p class=\"text-font font-size--text-xlarge margin-3--bottom\">Finan\u0161u ministrija (FM) nor\u0101da, ka 2026. gada valsts bud\u017eets un vid\u0113ja termi\u0146a bud\u017eeta ietvars 2026. &#8211; 2028. gadam sagatavots atbilsto\u0161i Eiropas Savien\u012bbas (ES) un nacion\u0101lajiem fisk\u0101l\u0101s discipl\u012bnas noteikumiem.<\/p>\n<p class=\"text-font font-size--text-xlarge margin-3--bottom\">N\u0101kam\u0101 gada bud\u017eet\u0101 paredz\u0113ti gan papildu ieguld\u012bjumi valsts dro\u0161\u012bb\u0101, gan atbalst\u0101 \u0123imen\u0113m ar b\u0113rniem un kvalitat\u012bv\u0101 izgl\u012bt\u012bb\u0101. T\u0101pat FM nor\u0101da, ka bud\u017eet\u0101 paredz\u0113tas vair\u0101k nek\u0101 viena miljarda eiro ES fondu invest\u012bcijas, k\u0101 ar\u012b pa\u0161vald\u012bbu ie\u0146\u0113mumu pieaugums par 151,4 miljoniem eiro.<\/p>\n","protected":false},"excerpt":{"rendered":"\u0160odien finan\u0161u ministrs Arvils A\u0161eradens (JV) iesniegs n\u0101kam\u0101 gada valsts bud\u017eetu Saeim\u0101. Saeimas priek\u0161s\u0113d\u0113t\u0101ja Daiga Mieri\u0146a (ZZS) no&hellip;\n","protected":false},"author":2,"featured_media":21408,"comment_status":"","ping_status":"","sticky":false,"template":"","format":"standard","meta":{"footnotes":""},"categories":[5],"tags":[23,869,77,870,28,29,867,32,33,22,30,31,35,39,38,36,37,34,871,868,40,20,26,27,24,25,21],"class_list":{"0":"post-21407","1":"post","2":"type-post","3":"status-publish","4":"format-standard","5":"has-post-thumbnail","7":"category-aktualitates","8":"tag-aktualitates","9":"tag-biznesa-zinas","10":"tag-bizness","11":"tag-bizness-latvija","12":"tag-breaking-news","13":"tag-breakingnews","14":"tag-dienas-zinas","15":"tag-featured-news","16":"tag-featurednews","17":"tag-headlines","18":"tag-latest-news","19":"tag-latestnews","20":"tag-latvia","21":"tag-latvian","22":"tag-latviesu","23":"tag-latviesu-valoda","24":"tag-latviesuvaloda","25":"tag-latvija","26":"tag-latvijas-biznesa-zinas","27":"tag-latvijas-zinas","28":"tag-lv","29":"tag-news","30":"tag-popularakas-zinas","31":"tag-popularakaszinas","32":"tag-top-stories","33":"tag-topstories","34":"tag-zinas"},"share_on_mastodon":{"url":"","error":""},"_links":{"self":[{"href":"https:\/\/www.europesays.com\/lv\/wp-json\/wp\/v2\/posts\/21407","targetHints":{"allow":["GET"]}}],"collection":[{"href":"https:\/\/www.europesays.com\/lv\/wp-json\/wp\/v2\/posts"}],"about":[{"href":"https:\/\/www.europesays.com\/lv\/wp-json\/wp\/v2\/types\/post"}],"author":[{"embeddable":true,"href":"https:\/\/www.europesays.com\/lv\/wp-json\/wp\/v2\/users\/2"}],"replies":[{"embeddable":true,"href":"https:\/\/www.europesays.com\/lv\/wp-json\/wp\/v2\/comments?post=21407"}],"version-history":[{"count":0,"href":"https:\/\/www.europesays.com\/lv\/wp-json\/wp\/v2\/posts\/21407\/revisions"}],"wp:featuredmedia":[{"embeddable":true,"href":"https:\/\/www.europesays.com\/lv\/wp-json\/wp\/v2\/media\/21408"}],"wp:attachment":[{"href":"https:\/\/www.europesays.com\/lv\/wp-json\/wp\/v2\/media?parent=21407"}],"wp:term":[{"taxonomy":"category","embeddable":true,"href":"https:\/\/www.europesays.com\/lv\/wp-json\/wp\/v2\/categories?post=21407"},{"taxonomy":"post_tag","embeddable":true,"href":"https:\/\/www.europesays.com\/lv\/wp-json\/wp\/v2\/tags?post=21407"}],"curies":[{"name":"wp","href":"https:\/\/api.w.org\/{rel}","templated":true}]}}