{"id":21411,"date":"2025-10-15T04:15:08","date_gmt":"2025-10-15T04:15:08","guid":{"rendered":"https:\/\/www.europesays.com\/lv\/21411\/"},"modified":"2025-10-15T04:15:08","modified_gmt":"2025-10-15T04:15:08","slug":"futbols-palidz-atslegties-no-pasaules-bet-100-medalas-ir-tikai-sakums-specialas-olimpiades-cela-lente-lv","status":"publish","type":"post","link":"https:\/\/www.europesays.com\/lv\/21411\/","title":{"rendered":"Futbols pal\u012bdz atsl\u0113gties no pasaules, bet 100 meda\u013cas ir tikai s\u0101kums Speci\u0101l\u0101s olimpi\u0101des ce\u013c\u0101\u00a0\u2014\u00a0Lente.lv"},"content":{"rendered":"<p>Madars \u0160teinbergs \u2013 zelta meda\u013cu laure\u0101ts un futbola entuziasts<\/p>\n<p>Futbols daudziem ir ne tikai sporta veids, bet ar\u012b veids, k\u0101 atsl\u0113gties no ikdienas r\u016bp\u0113m un \u013cauties sp\u0113les priekam. Speci\u0101l\u0101s olimpi\u0101des sportistam Madaram \u0160teinbergam futbols ir k\u013cuvis par \u0161\u0101du atsp\u0113riena punktu, kas pal\u012bdz ne tikai koncentr\u0113ties uz sp\u0113li, bet ar\u012b aizmirst par pasaules burzmu. Madara sasniegumu kr\u0101jum\u0101 jau ir iespaid\u012bgs skaits \u2013 ap 100 meda\u013c\u0101m, kas ieg\u016btas da\u017e\u0101d\u0101s sacens\u012bb\u0101s. Vi\u0146a aud\u017eut\u0113vs un sporta skolot\u0101js Harijs Gulbis atz\u012bst, ka Madars sp\u0113j g\u016bt pan\u0101kumus praktiski jebkur\u0101 sporta veid\u0101, \u012bpa\u0161i starp Speci\u0101l\u0101s olimpi\u0101des dal\u012bbniekiem. Madars ir piedal\u012bjies ar\u012b starptautisk\u0101s sacens\u012bb\u0101s asto\u0146\u0101s valst\u012bs, kur konkurence bie\u017ei vien ir \u013coti sp\u0113c\u012bga, piem\u0113ram, futbol\u0101 Zviedrij\u0101 ir biju\u0161as 25 komandas. Tom\u0113r Latvijas komandas parasti neatgrie\u017eas bez godalg\u0101m.<\/p>\n<p>Speci\u0101l\u0101 olimpi\u0101de \u2013 ce\u013c\u0161 uz integr\u0101ciju un izaugsmi<\/p>\n<p>Speci\u0101l\u0101 olimpi\u0101de ir starptautiska kust\u012bba, kas sniedz iesp\u0113ju sportot un pilnveidoties jaunie\u0161iem un pieaugu\u0161ajiem ar intelektisk\u0101s att\u012bst\u012bbas trauc\u0113jumiem. At\u0161\u0137ir\u012bb\u0101 no paraolimpiskaj\u0101m sp\u0113l\u0113m, par Speci\u0101lo olimpi\u0101di bie\u017ei vien zin tikai retais, ta\u010du t\u0101s noz\u012bme sabiedr\u012bbas integr\u0101cij\u0101 un indiv\u012bdu att\u012bst\u012bb\u0101 ir milz\u012bga. Latvijas Speci\u0101l\u0101 Olimpi\u0101de (LSO) darbojas jau kop\u0161 1989. gada, un t\u0101s m\u0113r\u0137is ir integr\u0113t sabiedr\u012bb\u0101 b\u0113rnus un jaunie\u0161us, kuriem ir intelektu\u0101l\u0101s att\u012bst\u012bbas trauc\u0113jumi, pied\u0101v\u0101jot vi\u0146iem iesp\u0113ju sportot re\u0123ion\u0101l\u0101, nacion\u0101l\u0101 un starptautisk\u0101 l\u012bmen\u012b. LSO katru gadu organiz\u0113 aptuveni 13-15 nacion\u0101l\u0101s un re\u0123ion\u0101l\u0101s sacens\u012bbas, kur\u0101s iesaist\u0101s ap 2500 dal\u012bbnieku. Paral\u0113li sacens\u012bb\u0101m tiek r\u012bkotas ar\u012b vasaras un ziemas sporta nometnes, k\u0101 ar\u012b metodiski semin\u0101ri skolot\u0101jiem un speci\u0101listiem, lai pilnveidotu darbu ar jaunie\u0161iem. LSO ir atz\u012bta par sporta feder\u0101ciju un sertific\u0113tu Speci\u0101l\u0101s olimpi\u0101des instit\u016bciju, kas \u013cauj Latvijas sportistiem ofici\u0101li piedal\u012bties Pasaules Speci\u0101laj\u0101s Olimpiskaj\u0101s sp\u0113l\u0113s.<\/p>\n<p>Eiropas l\u012bmen\u012b par izaicin\u0101jumiem un pan\u0101kumiem<\/p>\n<p>Nesen Latvijas deleg\u0101cija, kuras vid\u016b bija ar\u012b Madars \u0160teinbergs ar aud\u017eut\u0113vu Hariju Gulbi, viesoj\u0101s Brisel\u0113 Eiropas Sporta ned\u0113\u013cas ietvaros. \u0160\u012b viz\u012bte bija noz\u012bm\u012bga, jo t\u0101 sniedza iesp\u0113ju politi\u0137iem un amatperson\u0101m iepaz\u012bties ar Speci\u0101l\u0101s olimpi\u0101des sportistu pan\u0101kumiem un izaicin\u0101jumiem. Tik\u0161an\u0101s ar Eiropas Komisijas un Eiropas Parlamenta deput\u0101tiem \u013c\u0101va kl\u0101tien\u0113 izskaidrot kust\u012bbas noz\u012bmi un pan\u0101kt liel\u0101ku atbalstu. Madars Brisel\u0113 piedz\u012bvoja ar\u012b ko jaunu \u2013 vi\u0146\u0161 pirmo reizi uzk\u0101pa uz panor\u0101mas rata, p\u0101rvarot savas bailes. \u0160\u0101di pas\u0101kumi ne tikai populariz\u0113 Speci\u0101lo olimpi\u0101di, bet ar\u012b par\u0101da sporta p\u0101rveidojo\u0161o un iek\u013caujo\u0161o sp\u0113ku, uzsverot, ka sport\u0101 tiek veidots raksturs, att\u012bst\u012bta drosme un prasmes, un cilv\u0113ki j\u016btas nov\u0113rt\u0113ti.<\/p>\n<p>Speci\u0101l\u0101s olimpi\u0101des noz\u012bme dz\u012bv\u0113<\/p>\n<p>Speci\u0101l\u0101s olimpi\u0101des ideja ir vienojo\u0161a \u2013 t\u0101 apvieno cilv\u0113kus, neatkar\u012bgi no sp\u0113j\u0101m un vecuma. Sporta veidu kl\u0101st\u0101 ir vair\u0101k nek\u0101 30 olimpisk\u0101 stila individu\u0101lie un komandu sporta veidi, gan vasaras, gan ziemas. Dal\u012bbnieki, kuriem ir intelektu\u0101l\u0101s att\u012bst\u012bbas trauc\u0113jumi, g\u016bst neatsveramu labumu no dal\u012bbas \u0161aj\u0101s programm\u0101s. P\u0113t\u012bjumi liecina, ka jaunie\u0161iem, kuri piedal\u0101s \u0161\u0101d\u0101s sporta programm\u0101s, ir par 49% maz\u0101ks risks saslimt ar depresiju. Futbols, piem\u0113ram, Madaram pal\u012bdz ne tikai fiziski att\u012bst\u012bties, bet ar\u012b emocion\u0101li, \u013caujot atsl\u0113gties no apk\u0101rt\u0113j\u0101s pasaules. K\u0101 teicis k\u0101ds Speci\u0101l\u0101s olimpi\u0101des v\u0113stnesis no Maltas, \u0161\u0101da veida sports \u013cauj att\u012bst\u012bt prasmes, kas noder darba dz\u012bv\u0113, pal\u012bdzot justies nov\u0113rt\u0113tam un pieder\u012bgam. Paties\u012bb\u0101, Speci\u0101l\u0101 olimpi\u0101de redz sport\u0101 ne tikai sp\u0113li \u2013 tas ir veids, k\u0101 veidot raksturu, drosmi, att\u012bst\u012bt prasmes un justies nov\u0113rt\u0113tam.<\/p>\n<blockquote><p>\u201c\u013baujiet man uzvar\u0113t, bet, ja es nevaru uzvar\u0113t, \u013caujiet man b\u016bt drosm\u012bgam m\u0113\u0123in\u0101jum\u0101.\u201d<\/p><\/blockquote>\n<p>\u0160ie v\u0101rdi, kas ir Speci\u0101l\u0101s olimpi\u0101des moto, atspogu\u013co kust\u012bbas b\u016bt\u012bbu \u2013 uzsvars tiek likts uz dal\u012bbnieku centieniem, drosmi un person\u012bgo izaugsmi, nevis tikai uz rezult\u0101tu. Tie ir sp\u0113c\u012bgi v\u0101rdi, kas sniedz iedvesmu miljoniem cilv\u0113ku vis\u0101 pasaul\u0113.<\/p>\n","protected":false},"excerpt":{"rendered":"Madars \u0160teinbergs \u2013 zelta meda\u013cu laure\u0101ts un futbola entuziasts Futbols daudziem ir ne tikai sporta veids, bet ar\u012b&hellip;\n","protected":false},"author":2,"featured_media":21412,"comment_status":"","ping_status":"","sticky":false,"template":"","format":"standard","meta":{"footnotes":""},"categories":[17],"tags":[676,6836,35,39,38,36,37,34,40,6834,6835,2308,67],"class_list":{"0":"post-21411","1":"post","2":"type-post","3":"status-publish","4":"format-standard","5":"has-post-thumbnail","7":"category-sports","8":"tag-futbols","9":"tag-integracija","10":"tag-latvia","11":"tag-latvian","12":"tag-latviesu","13":"tag-latviesu-valoda","14":"tag-latviesuvaloda","15":"tag-latvija","16":"tag-lv","17":"tag-madars-steinbergs","18":"tag-speciala-olimpiade","19":"tag-sporta-sasniegumi","20":"tag-sports"},"share_on_mastodon":{"url":"","error":""},"_links":{"self":[{"href":"https:\/\/www.europesays.com\/lv\/wp-json\/wp\/v2\/posts\/21411","targetHints":{"allow":["GET"]}}],"collection":[{"href":"https:\/\/www.europesays.com\/lv\/wp-json\/wp\/v2\/posts"}],"about":[{"href":"https:\/\/www.europesays.com\/lv\/wp-json\/wp\/v2\/types\/post"}],"author":[{"embeddable":true,"href":"https:\/\/www.europesays.com\/lv\/wp-json\/wp\/v2\/users\/2"}],"replies":[{"embeddable":true,"href":"https:\/\/www.europesays.com\/lv\/wp-json\/wp\/v2\/comments?post=21411"}],"version-history":[{"count":0,"href":"https:\/\/www.europesays.com\/lv\/wp-json\/wp\/v2\/posts\/21411\/revisions"}],"wp:featuredmedia":[{"embeddable":true,"href":"https:\/\/www.europesays.com\/lv\/wp-json\/wp\/v2\/media\/21412"}],"wp:attachment":[{"href":"https:\/\/www.europesays.com\/lv\/wp-json\/wp\/v2\/media?parent=21411"}],"wp:term":[{"taxonomy":"category","embeddable":true,"href":"https:\/\/www.europesays.com\/lv\/wp-json\/wp\/v2\/categories?post=21411"},{"taxonomy":"post_tag","embeddable":true,"href":"https:\/\/www.europesays.com\/lv\/wp-json\/wp\/v2\/tags?post=21411"}],"curies":[{"name":"wp","href":"https:\/\/api.w.org\/{rel}","templated":true}]}}