{"id":214222,"date":"2026-05-30T09:00:23","date_gmt":"2026-05-30T09:00:23","guid":{"rendered":"https:\/\/www.europesays.com\/lv\/214222\/"},"modified":"2026-05-30T09:00:23","modified_gmt":"2026-05-30T09:00:23","slug":"ka-sveicietis-24-gadu-vecuma-sevi-pasludinaja-par-karali-un-izveidoja-zemes-imperiju","status":"publish","type":"post","link":"https:\/\/www.europesays.com\/lv\/214222\/","title":{"rendered":"K\u0101 \u0161veicietis 24 gadu vecum\u0101 sevi pasludin\u0101ja par karali un izveidoja &#8220;zemes imp\u0113riju&#8221;"},"content":{"rendered":"<p class=\"MsoNormal\">Kad 2019. gad\u0101 tobr\u012bd tikai 24 gadus vecais Jonass Lauviners pasludin\u0101ja sevi par karali un, izmantojot nepiln\u012bbu \u0160veices likumos, veidoja &#8220;zemes imp\u0113riju&#8221;, daudzi vi\u0146u ne\u0146\u0113ma nopietni. Lauviners ir nosl\u0113dzis &#8220;zemes ieg\u016b\u0161anas&#8221; kampa\u0146u un atradis veidu, k\u0101 strat\u0113\u0123iski izmantot 117 000 kvadr\u0101tmetru pla\u0161os vald\u012bjumus sav\u0101 lab\u0101. Tas daudzos \u0160veices iedz\u012bvot\u0101jos izsaucis neapmierin\u0101t\u012bbu.<\/p>\n","protected":false},"excerpt":{"rendered":"Kad 2019. gad\u0101 tobr\u012bd tikai 24 gadus vecais Jonass Lauviners pasludin\u0101ja sevi par karali un, izmantojot nepiln\u012bbu \u0160veices&hellip;\n","protected":false},"author":2,"featured_media":214223,"comment_status":"","ping_status":"","sticky":false,"template":"","format":"standard","meta":{"footnotes":"","_share_on_mastodon":"0"},"categories":[5],"tags":[23,28,29,32,33,22,30,31,35,39,38,36,37,34,15760,40,4139,20,26,27,7239,24,25,4019,900,21],"class_list":["post-214222","post","type-post","status-publish","format-standard","has-post-thumbnail","category-aktualitates","tag-aktualitates","tag-breaking-news","tag-breakingnews","tag-featured-news","tag-featurednews","tag-headlines","tag-latest-news","tag-latestnews","tag-latvia","tag-latvian","tag-latviesu","tag-latviesu-valoda","tag-latviesuvaloda","tag-latvija","tag-likumi","tag-lv","tag-nekustamais-ipasums","tag-news","tag-popularakas-zinas","tag-popularakaszinas","tag-sveice","tag-top-stories","tag-topstories","tag-tvnet-saturs","tag-tvnet-cilvekstasti","tag-zinas"],"share_on_mastodon":{"url":"https:\/\/pubeurope.com\/@lv\/116662712726025057","error":""},"_links":{"self":[{"href":"https:\/\/www.europesays.com\/lv\/wp-json\/wp\/v2\/posts\/214222","targetHints":{"allow":["GET"]}}],"collection":[{"href":"https:\/\/www.europesays.com\/lv\/wp-json\/wp\/v2\/posts"}],"about":[{"href":"https:\/\/www.europesays.com\/lv\/wp-json\/wp\/v2\/types\/post"}],"author":[{"embeddable":true,"href":"https:\/\/www.europesays.com\/lv\/wp-json\/wp\/v2\/users\/2"}],"replies":[{"embeddable":true,"href":"https:\/\/www.europesays.com\/lv\/wp-json\/wp\/v2\/comments?post=214222"}],"version-history":[{"count":0,"href":"https:\/\/www.europesays.com\/lv\/wp-json\/wp\/v2\/posts\/214222\/revisions"}],"wp:featuredmedia":[{"embeddable":true,"href":"https:\/\/www.europesays.com\/lv\/wp-json\/wp\/v2\/media\/214223"}],"wp:attachment":[{"href":"https:\/\/www.europesays.com\/lv\/wp-json\/wp\/v2\/media?parent=214222"}],"wp:term":[{"taxonomy":"category","embeddable":true,"href":"https:\/\/www.europesays.com\/lv\/wp-json\/wp\/v2\/categories?post=214222"},{"taxonomy":"post_tag","embeddable":true,"href":"https:\/\/www.europesays.com\/lv\/wp-json\/wp\/v2\/tags?post=214222"}],"curies":[{"name":"wp","href":"https:\/\/api.w.org\/{rel}","templated":true}]}}