{"id":21447,"date":"2025-10-15T05:17:07","date_gmt":"2025-10-15T05:17:07","guid":{"rendered":"https:\/\/www.europesays.com\/lv\/21447\/"},"modified":"2025-10-15T05:17:07","modified_gmt":"2025-10-15T05:17:07","slug":"tramps-sarugtinats-par-putina-nevelesanos-izbeigt-karu-pret-ukrainu","status":"publish","type":"post","link":"https:\/\/www.europesays.com\/lv\/21447\/","title":{"rendered":"Tramps sar\u016bgtin\u0101ts par Putina nev\u0113l\u0113\u0161anos izbeigt karu pret Ukrainu"},"content":{"rendered":"<p>&#8220;Es esmu \u013coti v\u012blies, jo mums ar Vladimiru bija \u013coti labas attiec\u012bbas. Iesp\u0113jams, ka joproj\u0101m ir,&#8221; \u017eurn\u0101listiem Baltaj\u0101 nam\u0101 nor\u0101d\u012bja Tramps. &#8220;Es nezinu, k\u0101p\u0113c vi\u0146\u0161 turpina \u0161o karu,&#8221; vi\u0146\u0161 piebilda.<\/p>\n<p>Tramps izteic\u0101s, ka Putins vienk\u0101r\u0161i nev\u0113las izbeigt karu pret Ukrainu. &#8220;Dom\u0101ju, ka tas liek vi\u0146am izskat\u012bties \u013coti slikti. Vi\u0146\u0161 to var\u0113tu izbeigt. Vi\u0146\u0161 var\u0113tu to \u0101tri izbeigt,&#8221; uzskata ASV prezidents.<\/p>\n<p>Vienlaikus Tramps velt\u012bja atzin\u012bgus v\u0101rdus Ukrainas aizsardz\u012bbas sp\u0113j\u0101m un apstiprin\u0101ja, ka piektdien uz\u0146ems Ukrainas prezidentu Volodimiru Zelenski Baltaj\u0101 nam\u0101.<\/p>\n<p>&#8220;Vi\u0146\u0161 v\u0113las iero\u010dus. Vi\u0146\u0161 grib\u0113tu ra\u0137etes &#8220;Tomahawk&#8221;,&#8221; run\u0101jot par Zelenski, teica Tramps.<\/p>\n<p>ASV prezidents nav noraid\u012bjis ra\u0137e\u0161u &#8220;Tomahawk&#8221; pieg\u0101di Ukrainai, bet iepriek\u0161 izteic\u0101s, ka v\u0113las apspriest \u0161o jaut\u0101jumu ar Krieviju.<\/p>\n<p>&#8220;Tomahawk&#8221; ra\u0137e\u0161u darb\u012bbas r\u0101diuss ir l\u012bdz 2500 kilometriem, un tehniski t\u0101s iesp\u0113jams apr\u012bkot ar kodolgalvi\u0146\u0101m.<\/p>\n","protected":false},"excerpt":{"rendered":"&#8220;Es esmu \u013coti v\u012blies, jo mums ar Vladimiru bija \u013coti labas attiec\u012bbas. Iesp\u0113jams, ka joproj\u0101m ir,&#8221; \u017eurn\u0101listiem Baltaj\u0101&hellip;\n","protected":false},"author":2,"featured_media":21448,"comment_status":"","ping_status":"","sticky":false,"template":"","format":"standard","meta":{"footnotes":""},"categories":[14],"tags":[23,57,3700,28,29,542,32,33,22,234,74,30,31,35,39,38,36,37,34,40,20,26,27,24,25,276,235,54,55,56,21,58],"class_list":{"0":"post-21447","1":"post","2":"type-post","3":"status-publish","4":"format-standard","5":"has-post-thumbnail","7":"category-zinas-no-arvalstim","8":"tag-aktualitates","9":"tag-arvalstim","10":"tag-autoritarisma-ena-par-eiropu","11":"tag-breaking-news","12":"tag-breakingnews","13":"tag-donalds-tramps","14":"tag-featured-news","15":"tag-featurednews","16":"tag-headlines","17":"tag-krievija","18":"tag-krievijas-iebrukums-ukraina","19":"tag-latest-news","20":"tag-latestnews","21":"tag-latvia","22":"tag-latvian","23":"tag-latviesu","24":"tag-latviesu-valoda","25":"tag-latviesuvaloda","26":"tag-latvija","27":"tag-lv","28":"tag-news","29":"tag-popularakas-zinas","30":"tag-popularakaszinas","31":"tag-top-stories","32":"tag-topstories","33":"tag-ukraina","34":"tag-vladimirs-putins","35":"tag-world","36":"tag-world-news","37":"tag-worldnews","38":"tag-zinas","39":"tag-zinas-no-arvalstim"},"share_on_mastodon":{"url":"","error":""},"_links":{"self":[{"href":"https:\/\/www.europesays.com\/lv\/wp-json\/wp\/v2\/posts\/21447","targetHints":{"allow":["GET"]}}],"collection":[{"href":"https:\/\/www.europesays.com\/lv\/wp-json\/wp\/v2\/posts"}],"about":[{"href":"https:\/\/www.europesays.com\/lv\/wp-json\/wp\/v2\/types\/post"}],"author":[{"embeddable":true,"href":"https:\/\/www.europesays.com\/lv\/wp-json\/wp\/v2\/users\/2"}],"replies":[{"embeddable":true,"href":"https:\/\/www.europesays.com\/lv\/wp-json\/wp\/v2\/comments?post=21447"}],"version-history":[{"count":0,"href":"https:\/\/www.europesays.com\/lv\/wp-json\/wp\/v2\/posts\/21447\/revisions"}],"wp:featuredmedia":[{"embeddable":true,"href":"https:\/\/www.europesays.com\/lv\/wp-json\/wp\/v2\/media\/21448"}],"wp:attachment":[{"href":"https:\/\/www.europesays.com\/lv\/wp-json\/wp\/v2\/media?parent=21447"}],"wp:term":[{"taxonomy":"category","embeddable":true,"href":"https:\/\/www.europesays.com\/lv\/wp-json\/wp\/v2\/categories?post=21447"},{"taxonomy":"post_tag","embeddable":true,"href":"https:\/\/www.europesays.com\/lv\/wp-json\/wp\/v2\/tags?post=21447"}],"curies":[{"name":"wp","href":"https:\/\/api.w.org\/{rel}","templated":true}]}}