{"id":21453,"date":"2025-10-15T05:29:08","date_gmt":"2025-10-15T05:29:08","guid":{"rendered":"https:\/\/www.europesays.com\/lv\/21453\/"},"modified":"2025-10-15T05:29:08","modified_gmt":"2025-10-15T05:29:08","slug":"madagaskara-pec-prezidenta-aizbegsanas-varu-parnem-armija","status":"publish","type":"post","link":"https:\/\/www.europesays.com\/lv\/21453\/","title":{"rendered":"Madagaskar\u0101 p\u0113c prezidenta aizb\u0113g\u0161anas varu p\u0101r\u0146em armija"},"content":{"rendered":"<p>Ir paredz\u0113ts, ka civil\u0101 vald\u012bba paliks eso\u0161aj\u0101 sast\u0101v\u0101, bet ir j\u0101izveido augst\u0101k\u0101 tiesa reformu \u012bsteno\u0161anai un p\u0113c tam divu gadu laik\u0101 j\u0101sar\u012bko referendums. &#8220;M\u0113s iecelsim premjerministru, kur\u0161 \u0101tri izveidos civilu vald\u012bbu,&#8221; sac\u012bja prezidenta pien\u0101kumu izpild\u012bt\u0101js Randrianirina.<\/p>\n<p>ANO \u0123ener\u0101lsekret\u0101ra Antoniu Gut\u0113rre\u0161a preses sekret\u0101rs pazi\u0146oja, ka ANO ir noba\u017e\u012bjusies par jebk\u0101du nekonstitucion\u0101lu varas mai\u0146u. Gut\u0113rre\u0161s iepriek\u0161 aicin\u0101ja visas puses sadarboties, lai atrastu mier\u012bgu risin\u0101jumu.<\/p>\n<p>\u0100frikas Savien\u012bba pirmdien sasauca \u0101rk\u0101rtas san\u0101ksmi, lai apspriestu situ\u0101ciju Madagaskar\u0101. Organiz\u0101cija izteic\u0101s pret jebk\u0101du nekonstitucion\u0101lu varas mai\u0146u un aicin\u0101ja visas konflikta puses iesaist\u012bties dialog\u0101.<\/p>\n<p>Radzualina pirmdienas vakar\u0101 tie\u0161raides videouzrun\u0101 pazi\u0146oja, ka vi\u0146am n\u0101c\u0101s p\u0101rcelties uz dro\u0161u vietu, lai aizsarg\u0101tu savu dz\u012bv\u012bbu. Vi\u0146\u0161 neizteic\u0101s par iesp\u0113jamu atk\u0101p\u0161anos, bet aicin\u0101ja iedz\u012bvot\u0101jus respekt\u0113t past\u0101vo\u0161o k\u0101rt\u012bbu.<\/p>\n<p>Radzualina, kur\u0161 2014. gad\u0101 ieguva Francijas pilson\u012bbu, sv\u0113tdien tika aizvests no Madagaskaras ar Francijas armijas lidma\u0161\u012bnu p\u0113c vieno\u0161an\u0101s ar Francijas prezidentu Emanuelu Makronu, zi\u0146oja Francijas radiostacija RFI.<\/p>\n<p>Madagaskaru ir satricin\u0101ju\u0161i <a href=\"https:\/\/www.tvnet.lv\/term\/576593\/protesti\" class=\"topicLink\" target=\"_blank\" rel=\"nofollow noopener\">protesti<\/a>, kuros piedal\u0101s desmitiem t\u016bksto\u0161i jaunie\u0161u. Tos izprovoc\u0113ja energoapg\u0101des un \u016bdensapg\u0101des p\u0101rtraukumi, neapmierin\u0101t\u012bba ar izgl\u012bt\u012bbas sist\u0113mu, augsts bezdarba l\u012bmenis un pla\u0161i izplat\u012bta nabadz\u012bba.<\/p>\n<p>Mier\u012bg\u0101m demonstr\u0101cij\u0101m izv\u0113r\u0161oties vardarb\u012bb\u0101, ir g\u0101ju\u0161i boj\u0101 vismaz 22 cilv\u0113ki.<\/p>\n<p>Specvien\u012bba CAPSAT ir sp\u0113l\u0113jusi lomu varas mai\u0146\u0101s Magadaskar\u0101 ar\u012b iepriek\u0161, tostarp pal\u012bdzot Radzualinam n\u0101kt pie varas valsts apv\u0113rsum\u0101 2009. gad\u0101.<\/p>\n<p>P\u0113c \u0161\u012b apv\u0113rsuma Radzualina bija p\u0101r\u0113jas laika prezidents no 2009. l\u012bdz 2014. gadam. Vi\u0146\u0161 bijis prezidenta amat\u0101 no 2019. gada janv\u0101ra.<\/p>\n","protected":false},"excerpt":{"rendered":"Ir paredz\u0113ts, ka civil\u0101 vald\u012bba paliks eso\u0161aj\u0101 sast\u0101v\u0101, bet ir j\u0101izveido augst\u0101k\u0101 tiesa reformu \u012bsteno\u0161anai un p\u0113c tam&hellip;\n","protected":false},"author":2,"featured_media":21454,"comment_status":"","ping_status":"","sticky":false,"template":"","format":"standard","meta":{"footnotes":""},"categories":[14],"tags":[23,57,28,29,32,33,22,30,31,35,39,38,36,37,34,40,6698,20,26,27,4204,24,25,54,55,56,21,58],"class_list":{"0":"post-21453","1":"post","2":"type-post","3":"status-publish","4":"format-standard","5":"has-post-thumbnail","7":"category-zinas-no-arvalstim","8":"tag-aktualitates","9":"tag-arvalstim","10":"tag-breaking-news","11":"tag-breakingnews","12":"tag-featured-news","13":"tag-featurednews","14":"tag-headlines","15":"tag-latest-news","16":"tag-latestnews","17":"tag-latvia","18":"tag-latvian","19":"tag-latviesu","20":"tag-latviesu-valoda","21":"tag-latviesuvaloda","22":"tag-latvija","23":"tag-lv","24":"tag-madagaskara","25":"tag-news","26":"tag-popularakas-zinas","27":"tag-popularakaszinas","28":"tag-protesti","29":"tag-top-stories","30":"tag-topstories","31":"tag-world","32":"tag-world-news","33":"tag-worldnews","34":"tag-zinas","35":"tag-zinas-no-arvalstim"},"share_on_mastodon":{"url":"","error":""},"_links":{"self":[{"href":"https:\/\/www.europesays.com\/lv\/wp-json\/wp\/v2\/posts\/21453","targetHints":{"allow":["GET"]}}],"collection":[{"href":"https:\/\/www.europesays.com\/lv\/wp-json\/wp\/v2\/posts"}],"about":[{"href":"https:\/\/www.europesays.com\/lv\/wp-json\/wp\/v2\/types\/post"}],"author":[{"embeddable":true,"href":"https:\/\/www.europesays.com\/lv\/wp-json\/wp\/v2\/users\/2"}],"replies":[{"embeddable":true,"href":"https:\/\/www.europesays.com\/lv\/wp-json\/wp\/v2\/comments?post=21453"}],"version-history":[{"count":0,"href":"https:\/\/www.europesays.com\/lv\/wp-json\/wp\/v2\/posts\/21453\/revisions"}],"wp:featuredmedia":[{"embeddable":true,"href":"https:\/\/www.europesays.com\/lv\/wp-json\/wp\/v2\/media\/21454"}],"wp:attachment":[{"href":"https:\/\/www.europesays.com\/lv\/wp-json\/wp\/v2\/media?parent=21453"}],"wp:term":[{"taxonomy":"category","embeddable":true,"href":"https:\/\/www.europesays.com\/lv\/wp-json\/wp\/v2\/categories?post=21453"},{"taxonomy":"post_tag","embeddable":true,"href":"https:\/\/www.europesays.com\/lv\/wp-json\/wp\/v2\/tags?post=21453"}],"curies":[{"name":"wp","href":"https:\/\/api.w.org\/{rel}","templated":true}]}}