{"id":21455,"date":"2025-10-15T05:35:07","date_gmt":"2025-10-15T05:35:07","guid":{"rendered":"https:\/\/www.europesays.com\/lv\/21455\/"},"modified":"2025-10-15T05:35:07","modified_gmt":"2025-10-15T05:35:07","slug":"zelenskis-atnemis-pilsonibu-odesas-meram","status":"publish","type":"post","link":"https:\/\/www.europesays.com\/lv\/21455\/","title":{"rendered":"Zelenskis at\u0146\u0113mis pilson\u012bbu Odesas m\u0113ram"},"content":{"rendered":"<p>&#8220;Ir ar\u012b apstiprin\u0101ts, ka vair\u0101k\u0101m person\u0101m ir Krievijas pilson\u012bba, un ir sagatavoti atbilsto\u0161i l\u0113mumi. Ir parakst\u012bts dekr\u0113ts,&#8221; Zelenskis otrdien pazi\u0146oja lietotn\u0113 &#8220;Telegram&#8221; p\u0113c tik\u0161an\u0101s ar Ukrainas Dro\u0161\u012bbas dienesta (SBU) vad\u012bt\u0101ju Vasi\u013cu Ma\u013cuku.<\/p>\n<p>Neilgi p\u0113c tam SBU apstiprin\u0101ja, ka pilson\u012bbas at\u0146em\u0161ana attiecas uz Odesas m\u0113ru.<\/p>\n<p>Tika public\u0113ta fotogr\u0101fija, kur\u0101 ir redzama Truhanova Krievijas pase, kas ir der\u012bga l\u012bdz decembrim. \u0160\u012b dokumenta autentiskumu v\u0113l nav izdevies p\u0101rbaud\u012bt p\u0113c neatkar\u012bgiem zi\u0146u avotiem.<\/p>\n<p>&#8220;Man nekad nav bijusi Krievijas pase,&#8221; Truhanovs pazi\u0146oja sabiedriskaj\u0101 telev\u012bzij\u0101, kad k\u013cuva zin\u0101ms, ka vi\u0146am ir at\u0146emta Ukrainas pilson\u012bba.<\/p>\n<p>Truhanovs ir nodom\u0101jis p\u0101rs\u016bdz\u0113t \u0161o l\u0113mumu ties\u0101, atsaucoties uz izmekl\u0113\u0161anu, kuru dro\u0161\u012bbas dienests veicis pret vi\u0146u 2022. gad\u0101.<\/p>\n<p>Pilson\u012bbas at\u0146em\u0161ana praktiski noz\u012bm\u0113 ar\u012b v\u0113l\u0113t\u0101 Odesas m\u0113ra atcel\u0161anu no amata. Truhanovs tom\u0113r ir pazi\u0146ojis par nodomu turpin\u0101t amata pien\u0101kumu pild\u012b\u0161anu l\u012bdz attiec\u012bga pils\u0113tas domes l\u0113muma pie\u0146em\u0161anai.<\/p>\n<p>Zelenskis sav\u0101 vakara videouzrun\u0101 pazi\u0146oja par kara administr\u0101cijas vad\u012bt\u0101ja iecel\u0161anu Odesas pils\u0113tai. &#8220;P\u0101r\u0101k daudz dro\u0161\u012bbas jaut\u0101jumu Odes\u0101 p\u0101r\u0101k ilgi paliku\u0161i bez atbildes,&#8221; sac\u012bja Zelenskis, nesniedzot s\u012bk\u0101kas deta\u013cas. Vi\u0146\u0161 sac\u012bja, ka Odesai ir vajadz\u012bga stipr\u0101ka aizsardz\u012bba un liel\u0101ks atbalsts.<\/p>\n","protected":false},"excerpt":{"rendered":"&#8220;Ir ar\u012b apstiprin\u0101ts, ka vair\u0101k\u0101m person\u0101m ir Krievijas pilson\u012bba, un ir sagatavoti atbilsto\u0161i l\u0113mumi. Ir parakst\u012bts dekr\u0113ts,&#8221; Zelenskis&hellip;\n","protected":false},"author":2,"featured_media":21456,"comment_status":"","ping_status":"","sticky":false,"template":"","format":"standard","meta":{"footnotes":""},"categories":[14],"tags":[23,57,63,28,29,32,33,22,30,31,35,39,38,36,37,34,40,20,26,27,24,25,276,178,54,55,56,21,58],"class_list":{"0":"post-21455","1":"post","2":"type-post","3":"status-publish","4":"format-standard","5":"has-post-thumbnail","7":"category-zinas-no-arvalstim","8":"tag-aktualitates","9":"tag-arvalstim","10":"tag-arvalstis","11":"tag-breaking-news","12":"tag-breakingnews","13":"tag-featured-news","14":"tag-featurednews","15":"tag-headlines","16":"tag-latest-news","17":"tag-latestnews","18":"tag-latvia","19":"tag-latvian","20":"tag-latviesu","21":"tag-latviesu-valoda","22":"tag-latviesuvaloda","23":"tag-latvija","24":"tag-lv","25":"tag-news","26":"tag-popularakas-zinas","27":"tag-popularakaszinas","28":"tag-top-stories","29":"tag-topstories","30":"tag-ukraina","31":"tag-volodimirs-zelenskis","32":"tag-world","33":"tag-world-news","34":"tag-worldnews","35":"tag-zinas","36":"tag-zinas-no-arvalstim"},"share_on_mastodon":{"url":"","error":""},"_links":{"self":[{"href":"https:\/\/www.europesays.com\/lv\/wp-json\/wp\/v2\/posts\/21455","targetHints":{"allow":["GET"]}}],"collection":[{"href":"https:\/\/www.europesays.com\/lv\/wp-json\/wp\/v2\/posts"}],"about":[{"href":"https:\/\/www.europesays.com\/lv\/wp-json\/wp\/v2\/types\/post"}],"author":[{"embeddable":true,"href":"https:\/\/www.europesays.com\/lv\/wp-json\/wp\/v2\/users\/2"}],"replies":[{"embeddable":true,"href":"https:\/\/www.europesays.com\/lv\/wp-json\/wp\/v2\/comments?post=21455"}],"version-history":[{"count":0,"href":"https:\/\/www.europesays.com\/lv\/wp-json\/wp\/v2\/posts\/21455\/revisions"}],"wp:featuredmedia":[{"embeddable":true,"href":"https:\/\/www.europesays.com\/lv\/wp-json\/wp\/v2\/media\/21456"}],"wp:attachment":[{"href":"https:\/\/www.europesays.com\/lv\/wp-json\/wp\/v2\/media?parent=21455"}],"wp:term":[{"taxonomy":"category","embeddable":true,"href":"https:\/\/www.europesays.com\/lv\/wp-json\/wp\/v2\/categories?post=21455"},{"taxonomy":"post_tag","embeddable":true,"href":"https:\/\/www.europesays.com\/lv\/wp-json\/wp\/v2\/tags?post=21455"}],"curies":[{"name":"wp","href":"https:\/\/api.w.org\/{rel}","templated":true}]}}