{"id":21459,"date":"2025-10-15T05:41:08","date_gmt":"2025-10-15T05:41:08","guid":{"rendered":"https:\/\/www.europesays.com\/lv\/21459\/"},"modified":"2025-10-15T05:41:08","modified_gmt":"2025-10-15T05:41:08","slug":"pec-izraelas-armijas-atvilksanas-hamas-atjauno-kontroli-par-gazas-joslu","status":"publish","type":"post","link":"https:\/\/www.europesays.com\/lv\/21459\/","title":{"rendered":"P\u0113c Izra\u0113las armijas atvilk\u0161anas &#8220;Ham\u0101s&#8221; atjauno kontroli p\u0101r Gazas joslu"},"content":{"rendered":"<p>&#8220;Ham\u0101s&#8221; Gazas joslu kontrol\u0113 kop\u0161 2007. gada, kad isl\u0101misti ar varu padzina no \u0161\u012bs teritorijas sekul\u0101r\u0101 grup\u0113juma &#8220;Fatah&#8221; kontrol\u0113tajai palest\u012bnie\u0161u pa\u0161p\u0101rvaldei loj\u0101los dro\u0161\u012bbas sp\u0113kus.<\/p>\n<blockquote class=\"quote ck-widget\" contenteditable=\"false\">\n<p>Izra\u0113la uzst\u0101j, ka &#8220;Ham\u0101s&#8221; nedr\u012bkst sp\u0113l\u0113t nek\u0101du lomu turpm\u0101kaj\u0101 Gazas joslas p\u0101rvald\u0113 un ka grup\u0113jumam ir j\u0101noliek iero\u010di.<\/p>\n<\/blockquote>\n<p>Premjerministrs Benjamins Netanjahu otrdien nor\u0101d\u012bja, ka ASV miera pl\u0101ns nep\u0101rprotami paredz &#8220;Ham\u0101s&#8221; demilitariz\u0101ciju un atbru\u0146o\u0161anos.<\/p>\n<p>&#8220;Pirmk\u0101rt, &#8220;Ham\u0101s&#8221; j\u0101noliek iero\u010di, bet otrk\u0101rt, j\u0101nodro\u0161ina, ka Gaz\u0101 nav iero\u010du fabriku [un] nav iero\u010du kontrabandas uz Gazu. T\u0101 ir demilitariz\u0101cija,&#8221; uzsv\u0113ra Izra\u0113las premjers.<\/p>\n<p>ASV prezidenta Donalda Trampa 20 punktu miera pl\u0101ns paredz, ka tie &#8220;Ham\u0101s&#8221; locek\u013ci, kas noliks iero\u010dus, tiks amnest\u0113ti.<\/p>\n<p>&#8220;Ja vi\u0146i neatbru\u0146osies, vi\u0146us atbru\u0146osim m\u0113s,&#8221; otrdien \u017eurn\u0101listiem Baltaj\u0101 nam\u0101 pazi\u0146oja Tramps, piebilstot, ka tas notiks \u0101tri un, iesp\u0113jams, pielietojot sp\u0113ku.<\/p>\n<p>Tikm\u0113r Izra\u0113l\u0101 no Gazas joslas otrdien tika nog\u0101d\u0101tas v\u0113l \u010detru \u0137\u012blnieku mirst\u012bg\u0101s atliekas, kuras atdevis palest\u012bnie\u0161u kaujinieku grup\u0113jums &#8220;Ham\u0101s&#8221;, pazi\u0146oja Izra\u0113las armija.<\/p>\n<p>Tas notika p\u0113c tam, kad tika identific\u0113tas pirmo \u010detru \u0137\u012blnieku mirst\u012bg\u0101s atliekas, kuras Izra\u0113l\u0101 tika nog\u0101d\u0101tas pirmdien.<\/p>\n<p>&#8220;Ham\u0101s&#8221; vispirms nodeva mirst\u012bg\u0101s atliekas Sarkanajam Krustam, kas t\u0101s aizveda uz Izra\u0113lu. &#8220;\u010cetri miru\u0161o \u0137\u012blnieku z\u0101rki (..) pirms neilga laika \u0161\u0137\u0113rsoja Izra\u0113las valsts robe\u017eu,&#8221; pazi\u0146oja armija, piebilstot, ka mirst\u012bg\u0101s atliekas tiek nodotas tiesu medi\u0137iem identific\u0113\u0161anai.<\/p>\n<p>Pirmo \u010detru \u0137\u012blnieku mirst\u012bg\u0101s atliekas tika atdotas pirmdien da\u017eas stundas p\u0113c tam, kad &#8220;Ham\u0101s&#8221; pabeidza visu 20 v\u0113l dz\u012bvo \u0137\u012blnieku atbr\u012bvo\u0161anu saska\u0146\u0101 ar pamiera vieno\u0161anos, ko pal\u012bdz\u0113ja pan\u0101kt ASV prezidents Donalds Tramps.<\/p>\n<p>Nasera Medic\u012bnas centrs Gaz\u0101 pazi\u0146oja, ka ir sa\u0146\u0113mis 45 palest\u012bnie\u0161u l\u012b\u0137us, kurus atdeva Izra\u0113la.<\/p>\n<p>\u0136\u012blnieki, kuru mirst\u012bg\u0101s atliekas Izra\u0113la sa\u0146\u0113ma pirmdien, ir identific\u0113ti k\u0101 Izra\u0113las pilso\u0146i Gajs Iluzs, Josi \u0160arabi un Daniels Perecs, un Nep\u0101las lauksaimniec\u012bbas students Bipins D\u017eo\u0161i.<\/p>\n<p>Palest\u012bnie\u0161u kaujiniekiem v\u0113l ir j\u0101atdod Izra\u0113lai 20 \u0137\u012blnieku mirst\u012bg\u0101s atliekas. Ir gaid\u0101ms, ka tas notiks saska\u0146\u0101 ar pamiera vieno\u0161an\u0101s nosac\u012bjumiem.<\/p>\n","protected":false},"excerpt":{"rendered":"&#8220;Ham\u0101s&#8221; Gazas joslu kontrol\u0113 kop\u0161 2007. gada, kad isl\u0101misti ar varu padzina no \u0161\u012bs teritorijas sekul\u0101r\u0101 grup\u0113juma &#8220;Fatah&#8221;&hellip;\n","protected":false},"author":2,"featured_media":21460,"comment_status":"","ping_status":"","sticky":false,"template":"","format":"standard","meta":{"footnotes":""},"categories":[14],"tags":[23,57,28,29,32,33,1274,1272,22,493,503,30,31,35,39,38,36,37,34,40,20,26,27,24,25,54,55,56,21,58],"class_list":{"0":"post-21459","1":"post","2":"type-post","3":"status-publish","4":"format-standard","5":"has-post-thumbnail","7":"category-zinas-no-arvalstim","8":"tag-aktualitates","9":"tag-arvalstim","10":"tag-breaking-news","11":"tag-breakingnews","12":"tag-featured-news","13":"tag-featurednews","14":"tag-gazas-josla","15":"tag-hamas","16":"tag-headlines","17":"tag-izraela","18":"tag-izraelas-palestiniesu-konflikts","19":"tag-latest-news","20":"tag-latestnews","21":"tag-latvia","22":"tag-latvian","23":"tag-latviesu","24":"tag-latviesu-valoda","25":"tag-latviesuvaloda","26":"tag-latvija","27":"tag-lv","28":"tag-news","29":"tag-popularakas-zinas","30":"tag-popularakaszinas","31":"tag-top-stories","32":"tag-topstories","33":"tag-world","34":"tag-world-news","35":"tag-worldnews","36":"tag-zinas","37":"tag-zinas-no-arvalstim"},"share_on_mastodon":{"url":"","error":""},"_links":{"self":[{"href":"https:\/\/www.europesays.com\/lv\/wp-json\/wp\/v2\/posts\/21459","targetHints":{"allow":["GET"]}}],"collection":[{"href":"https:\/\/www.europesays.com\/lv\/wp-json\/wp\/v2\/posts"}],"about":[{"href":"https:\/\/www.europesays.com\/lv\/wp-json\/wp\/v2\/types\/post"}],"author":[{"embeddable":true,"href":"https:\/\/www.europesays.com\/lv\/wp-json\/wp\/v2\/users\/2"}],"replies":[{"embeddable":true,"href":"https:\/\/www.europesays.com\/lv\/wp-json\/wp\/v2\/comments?post=21459"}],"version-history":[{"count":0,"href":"https:\/\/www.europesays.com\/lv\/wp-json\/wp\/v2\/posts\/21459\/revisions"}],"wp:featuredmedia":[{"embeddable":true,"href":"https:\/\/www.europesays.com\/lv\/wp-json\/wp\/v2\/media\/21460"}],"wp:attachment":[{"href":"https:\/\/www.europesays.com\/lv\/wp-json\/wp\/v2\/media?parent=21459"}],"wp:term":[{"taxonomy":"category","embeddable":true,"href":"https:\/\/www.europesays.com\/lv\/wp-json\/wp\/v2\/categories?post=21459"},{"taxonomy":"post_tag","embeddable":true,"href":"https:\/\/www.europesays.com\/lv\/wp-json\/wp\/v2\/tags?post=21459"}],"curies":[{"name":"wp","href":"https:\/\/api.w.org\/{rel}","templated":true}]}}