{"id":214634,"date":"2026-05-31T01:15:13","date_gmt":"2026-05-31T01:15:13","guid":{"rendered":"https:\/\/www.europesays.com\/lv\/214634\/"},"modified":"2026-05-31T01:15:13","modified_gmt":"2026-05-31T01:15:13","slug":"gaisa-apdraudejuma-ena-daugavpils-gatavojas-pilsetas-svetkiem-ar-arkartas-planu","status":"publish","type":"post","link":"https:\/\/www.europesays.com\/lv\/214634\/","title":{"rendered":"Gaisa apdraud\u0113juma \u0113n\u0101: Daugavpils gatavojas pils\u0113tas sv\u0113tkiem ar \u0101rk\u0101rtas pl\u0101nu"},"content":{"rendered":"<p>Pierobe\u017eas pa\u0161vald\u012bbas jau vair\u0101kk\u0101rt sa\u0146\u0113mu\u0161as \u0161\u016bnu apraides pazi\u0146ojumus par iesp\u0113jamu gaisa telpas apdraud\u0113jumu. Tas rais\u012bjis jaut\u0101jumus par potenci\u0101lo r\u012bc\u012bbu, tostarp organiz\u0113jot masu pas\u0101kumus. <a rel=\"noopener nofollow\" target=\"_blank\" href=\"https:\/\/www.delfi.lv\/temas\/35212353\/daugavpils-0\" tag-id=\"35212353\">Daugavpils<\/a> \u0161aj\u0101 zi\u0146\u0101 b\u016bs pirmais tests \u2013 te jau j\u016bnija pirmaj\u0101 ned\u0113\u013c\u0101 notiks <a rel=\"noopener nofollow\" target=\"_blank\" href=\"https:\/\/www.delfi.lv\/temas\/44578798\/pilsetas-svetki\" tag-id=\"44578798\">pils\u0113tas sv\u0113tki<\/a>, kas ierasti pulc\u0113 t\u016bksto\u0161us. Attiec\u012bgi &#8220;Delfi&#8221; vaic\u0101ja valstspils\u0113tas pa\u0161vald\u012bb\u0101, k\u0101 t\u0101 pl\u0101no r\u012bkoties un nodro\u0161in\u0101t pas\u0101kuma apmekl\u0113t\u0101ju dro\u0161\u012bbu, ja trauksme pien\u0101k, piem\u0113ram, lielu masu apmekl\u0113ta koncerta laik\u0101.<\/p>\n","protected":false},"excerpt":{"rendered":"Pierobe\u017eas pa\u0161vald\u012bbas jau vair\u0101kk\u0101rt sa\u0146\u0113mu\u0161as \u0161\u016bnu apraides pazi\u0146ojumus par iesp\u0113jamu gaisa telpas apdraud\u0113jumu. Tas rais\u012bjis jaut\u0101jumus par potenci\u0101lo&hellip;\n","protected":false},"author":2,"featured_media":214635,"comment_status":"","ping_status":"","sticky":false,"template":"","format":"standard","meta":{"footnotes":"","_share_on_mastodon":"0"},"categories":[5],"tags":[23,10480,28,29,8156,168,5728,32,33,22,30,31,35,39,38,36,37,34,40,20,4955,37893,26,27,24,25,34127,21],"class_list":["post-214634","post","type-post","status-publish","format-standard","has-post-thumbnail","category-aktualitates","tag-aktualitates","tag-andrejs-elksnins","tag-breaking-news","tag-breakingnews","tag-civila-aizsardziba","tag-daugavpils","tag-delfi-plus","tag-featured-news","tag-featurednews","tag-headlines","tag-latest-news","tag-latestnews","tag-latvia","tag-latvian","tag-latviesu","tag-latviesu-valoda","tag-latviesuvaloda","tag-latvija","tag-lv","tag-news","tag-par-aktualo","tag-pilsetas-svetki","tag-popularakas-zinas","tag-popularakaszinas","tag-top-stories","tag-topstories","tag-valsts-drosiba-un-aizsardziba-2026-gada","tag-zinas"],"share_on_mastodon":{"url":"https:\/\/pubeurope.com\/@lv\/116666546613099989","error":""},"_links":{"self":[{"href":"https:\/\/www.europesays.com\/lv\/wp-json\/wp\/v2\/posts\/214634","targetHints":{"allow":["GET"]}}],"collection":[{"href":"https:\/\/www.europesays.com\/lv\/wp-json\/wp\/v2\/posts"}],"about":[{"href":"https:\/\/www.europesays.com\/lv\/wp-json\/wp\/v2\/types\/post"}],"author":[{"embeddable":true,"href":"https:\/\/www.europesays.com\/lv\/wp-json\/wp\/v2\/users\/2"}],"replies":[{"embeddable":true,"href":"https:\/\/www.europesays.com\/lv\/wp-json\/wp\/v2\/comments?post=214634"}],"version-history":[{"count":0,"href":"https:\/\/www.europesays.com\/lv\/wp-json\/wp\/v2\/posts\/214634\/revisions"}],"wp:featuredmedia":[{"embeddable":true,"href":"https:\/\/www.europesays.com\/lv\/wp-json\/wp\/v2\/media\/214635"}],"wp:attachment":[{"href":"https:\/\/www.europesays.com\/lv\/wp-json\/wp\/v2\/media?parent=214634"}],"wp:term":[{"taxonomy":"category","embeddable":true,"href":"https:\/\/www.europesays.com\/lv\/wp-json\/wp\/v2\/categories?post=214634"},{"taxonomy":"post_tag","embeddable":true,"href":"https:\/\/www.europesays.com\/lv\/wp-json\/wp\/v2\/tags?post=214634"}],"curies":[{"name":"wp","href":"https:\/\/api.w.org\/{rel}","templated":true}]}}