{"id":214953,"date":"2026-05-31T11:11:19","date_gmt":"2026-05-31T11:11:19","guid":{"rendered":"https:\/\/www.europesays.com\/lv\/214953\/"},"modified":"2026-05-31T11:11:19","modified_gmt":"2026-05-31T11:11:19","slug":"tomass-stolcermanis-ienem-16-vietu-slapjaja-spa-trase-f1lv-blogs","status":"publish","type":"post","link":"https:\/\/www.europesays.com\/lv\/214953\/","title":{"rendered":"Tomass \u0160tolcermanis ie\u0146em 16. vietu slapjaj\u0101 Sp\u0101 tras\u0113 : F1LV Blogs"},"content":{"rendered":"<p>Latvijas autosportists Tomass \u0160tolcermanis ie\u0146\u0113ma 16. poz\u012bciju \u201cFormula Regional\u201d Eiropas \u010dempion\u0101ta Be\u013c\u0123ijas posma pirmaj\u0101 sac\u012bkst\u0113 Sp\u0101-Franko\u0161ampas tras\u0113, kas notika uz slapja asfalta.<\/p>\n<p>Sacens\u012bb\u0101m bija j\u0101notiek jau priek\u0161pusdien\u0101, bet Ard\u0113nu kalniem nereti rakstur\u012bgais lietus ieviesa savas korekcijas. Piloti neilgi pari\u0146\u0137oja trasi aiz dro\u0161\u012bbas auto, tom\u0113r nokri\u0161\u0146i bija p\u0101r\u0101k sp\u0113c\u012bgi, l\u012bdz ar to dro\u0161\u012bbas apsv\u0113rumu d\u0113\u013c c\u012b\u0146as p\u0101rc\u0113la uz p\u0113cpusdienu.<\/p>\n<p>Trase aizvien bija slapja, bet vairs nelija, un piloti p\u0113c pirmajiem ap\u013ciem, kas pavad\u012bti aiz dro\u0161\u012bbas ma\u0161\u012bnas, beidzot ieraudz\u012bja za\u013cos karogus.<\/p>\n<p>P\u0113c ne p\u0101r\u0101k labas kvalifik\u0101cijas, kur tika uzr\u0101d\u012bts desmitais rezult\u0101ts sav\u0101 grup\u0101, \u0160tolcermanis pirmo braucienu uzs\u0101ka no 20. poz\u012bcijas. Vair\u0101kas vietas izdev\u0101s atg\u016bt un \u201cPrema Racing\u201d pilots p\u0113c vair\u0101kiem ap\u013ciem bija jau septi\u0146padsmitais.<\/p>\n<p>Bija veikta aptuveni tre\u0161da\u013ca sac\u012bkstes, kad p\u0113c k\u0101da pilota izst\u0101\u0161an\u0101s tras\u0113 izbrauca dro\u0161\u012bbas auto. Vien desmit min\u016btes pirms laika atskaites beig\u0101m sacens\u012bbas var\u0113ja ats\u0101kties, bet ne uz ilgu laiku, jo k\u0101ds no dal\u012bbniekiem palika grants josl\u0101, t\u0101d\u0113\u013c atkal bija j\u0101liek pie darba dro\u0161\u012bbas auto pilots.<\/p>\n<p>Za\u013cie karogi v\u0113lreiz nopl\u012bvoja apli pirms fini\u0161a. \u0160tolcermanis bija pac\u0113lies uz 16. vietu, bet pa\u0161\u0101s beig\u0101s vi\u0146u apdzina D\u017eovanni Maskio, atst\u0101jot latvieti 17. poz\u012bcij\u0101 fini\u0161\u0101. P\u0113c tam, kad laika sodu sa\u0146\u0113ma viens no konkurentiem, Tomass pak\u0101p\u0101s uz 16. vietu.<\/p>\n<p>Visu braucienu pirmais trijnieks c\u012bn\u012bj\u0101s \u013coti spraigi, bet poz\u012bciju izmai\u0146as nenotika. Pirmais start\u0113ja Aleksandrs Munjozs, t\u0101 ar\u012b noturot vad\u012bbu l\u012bdz beig\u0101m. Lai k\u0101 K\u012bns Nakamura-Berta nem\u0113\u0123in\u0101tu apdz\u012bt Ra\u0161idu Al Daheri, tas neizdev\u0101s un n\u0101c\u0101s palikt tre\u0161ajam.<\/p>\n<p>\u0145emot v\u0113r\u0101 apst\u0101k\u013cus, otrais brauciens tika atcelts. V\u0113l vienu sac\u012bksti \u010dempion\u0101ta dal\u012bbnieki veiks sv\u0113tdien. S\u0101kums plkst. 15:15 p\u0113c Latvijas laika, bet r\u012bta pus\u0113 notiks kvalifik\u0101cija. Tie\u0161raides b\u016bs v\u0113rojamas <a href=\"https:\/\/www.youtube.com\/@fiaformularegionaleu\/streams\" target=\"_blank\" rel=\"noopener nofollow\">FREC ofici\u0101laj\u0101 \u201cYoutube\u201d kan\u0101l\u0101<\/a>.<\/p>\n<p>1. brauciena rezult\u0101ti:<\/p>\n<p><a href=\"https:\/\/f1.lv\/wp-content\/uploads\/2026\/05\/TS-1.jpg\" rel=\"nofollow noopener\" target=\"_blank\"><img fetchpriority=\"high\" decoding=\"async\" class=\"alignnone size-large wp-image-77158\" src=\"https:\/\/www.europesays.com\/lv\/wp-content\/uploads\/2026\/05\/TS-1-1024x606.jpg\" alt=\"\" width=\"696\" height=\"412\"  \/><\/a><\/p>\n<p>\ufeff<\/p>\n<p>Sv\u0113tdienas brauciena tie\u0161raide b\u016bs skat\u0101ma te:<\/p>\n","protected":false},"excerpt":{"rendered":"Latvijas autosportists Tomass \u0160tolcermanis ie\u0146\u0113ma 16. poz\u012bciju \u201cFormula Regional\u201d Eiropas \u010dempion\u0101ta Be\u013c\u0123ijas posma pirmaj\u0101 sac\u012bkst\u0113 Sp\u0101-Franko\u0161ampas tras\u0113, kas&hellip;\n","protected":false},"author":2,"featured_media":214954,"comment_status":"","ping_status":"","sticky":false,"template":"","format":"standard","meta":{"footnotes":"","_share_on_mastodon":"0"},"categories":[17],"tags":[37945,35,39,38,36,37,34,40,30714,67,37946],"class_list":["post-214953","post","type-post","status-publish","format-standard","has-post-thumbnail","category-sports","tag-frec","tag-latvia","tag-latvian","tag-latviesu","tag-latviesu-valoda","tag-latviesuvaloda","tag-latvija","tag-lv","tag-prema","tag-sports","tag-tomass-stolcermanis"],"share_on_mastodon":{"url":"https:\/\/pubeurope.com\/@lv\/116668890388777872","error":""},"_links":{"self":[{"href":"https:\/\/www.europesays.com\/lv\/wp-json\/wp\/v2\/posts\/214953","targetHints":{"allow":["GET"]}}],"collection":[{"href":"https:\/\/www.europesays.com\/lv\/wp-json\/wp\/v2\/posts"}],"about":[{"href":"https:\/\/www.europesays.com\/lv\/wp-json\/wp\/v2\/types\/post"}],"author":[{"embeddable":true,"href":"https:\/\/www.europesays.com\/lv\/wp-json\/wp\/v2\/users\/2"}],"replies":[{"embeddable":true,"href":"https:\/\/www.europesays.com\/lv\/wp-json\/wp\/v2\/comments?post=214953"}],"version-history":[{"count":0,"href":"https:\/\/www.europesays.com\/lv\/wp-json\/wp\/v2\/posts\/214953\/revisions"}],"wp:featuredmedia":[{"embeddable":true,"href":"https:\/\/www.europesays.com\/lv\/wp-json\/wp\/v2\/media\/214954"}],"wp:attachment":[{"href":"https:\/\/www.europesays.com\/lv\/wp-json\/wp\/v2\/media?parent=214953"}],"wp:term":[{"taxonomy":"category","embeddable":true,"href":"https:\/\/www.europesays.com\/lv\/wp-json\/wp\/v2\/categories?post=214953"},{"taxonomy":"post_tag","embeddable":true,"href":"https:\/\/www.europesays.com\/lv\/wp-json\/wp\/v2\/tags?post=214953"}],"curies":[{"name":"wp","href":"https:\/\/api.w.org\/{rel}","templated":true}]}}