{"id":21497,"date":"2025-10-15T06:16:07","date_gmt":"2025-10-15T06:16:07","guid":{"rendered":"https:\/\/www.europesays.com\/lv\/21497\/"},"modified":"2025-10-15T06:16:07","modified_gmt":"2025-10-15T06:16:07","slug":"apple-iesudz-bijuso-darbinieku-apsudzot-oppo-par-noslepumu-zadzibu-no-apple-watch-lente-lv","status":"publish","type":"post","link":"https:\/\/www.europesays.com\/lv\/21497\/","title":{"rendered":"Apple ies\u016bdz biju\u0161o darbinieku, aps\u016bdzot Oppo par nosl\u0113pumu z\u0101dz\u012bbu no Apple Watch\u00a0\u2014\u00a0Lente.lv"},"content":{"rendered":"<p>Apple c\u012bn\u0101s par sav\u0101m nosl\u0113pumiem pulkste\u0146u nozar\u0113<\/p>\n<p>Tehnolo\u0123iju gigants Apple ir uzs\u0101cis k\u0101rt\u0113jo tiesas pr\u0101vu, \u0161oreiz v\u0113r\u0161oties pret biju\u0161o darbinieku, kur\u0161 tiek tur\u0113ts aizdom\u0101s par konfidenci\u0101lu inform\u0101ciju par Apple Watch izstr\u0101di nopludin\u0101\u0161anu savam jaunajam darba dev\u0113jam \u2013 \u0136\u012bnas uz\u0146\u0113mumam Guangdong Oppo Mobile Telecommunications.<\/p>\n<p>Aps\u016bdz\u012bbas par sadarb\u012bbu un inform\u0101cijas z\u0101dz\u012bbu<\/p>\n<p>Saska\u0146\u0101 ar Apple iesniegto pras\u012bbu, Dr. Chen Shi, kur\u0161 iepriek\u0161 ie\u0146\u0113ma svar\u012bgu amatu Apple Watch sensoru sist\u0113mu arhitekta poz\u012bcij\u0101, tiek aps\u016bdz\u0113ts par kompromit\u0113jo\u0161u l\u012bgumu ar Oppo. Uz\u0146\u0113mums apgalvo, ka Dr. Shi m\u0113r\u0137tiec\u012bgi ziedzis konfidenci\u0101lu inform\u0101ciju un nodevis to tie\u0161ajam Apple konkurentam p\u0101rn\u0113s\u0101jamo ier\u012b\u010du tirg\u016b. \u0160is incidents noticis vien da\u017eas ned\u0113\u013cas p\u0113c tam, kad Apple iesniedza l\u012bdz\u012bgu pras\u012bbu pret citu biju\u0161o darbinieku, Di Liu, kur\u0161 bija vec\u0101kais in\u017eenieris Vision Pro izstr\u0101des komand\u0101 un tiek aps\u016bdz\u0113ts par nosl\u0113pumu nodo\u0161anu uz\u0146\u0113mumam Snap.<\/p>\n<p>Slepena inform\u0101cijas v\u0101k\u0161ana pirms aizie\u0161anas<\/p>\n<p>Interesanti, ka Dr. Shi it k\u0101 s\u0101cis slepeni komunic\u0113t ar Oppo augst\u0101ko vad\u012bbu v\u0113l pirms vi\u0146a ofici\u0101l\u0101s aizie\u0161anas no Apple apr\u012bl\u012b. P\u0113c Apple teikt\u0101, vi\u0146\u0161 izmantojis savas tehnisk\u0101s komandas tik\u0161an\u0101s, lai akt\u012bvi v\u0101ktu nosl\u0113pumus par Apple Watch. Maz\u0101k nek\u0101 ned\u0113\u013cu pirms aizie\u0161anas 27. j\u016bnij\u0101, vi\u0146\u0161 esot lejupiel\u0101d\u0113jis 63 konfidenci\u0101lus dokumentus no uz\u0146\u0113muma dro\u0161\u0101 servera. \u0160ie dokumenti satur\u0113ja v\u0113rt\u012bgu inform\u0101ciju par Apple mikrosh\u0113m\u0101m, v\u0113l neizlaistiem produktiem un to funkcij\u0101m, k\u0101 ar\u012b detaliz\u0113tus tehniskos datus par EKG un PPG sensoriem.<\/p>\n<p>Uzsverot sakarus ar Oppo p\u0101rst\u0101vi<\/p>\n<p>Apple sav\u0101 pras\u012bb\u0101 \u012bpa\u0161i nor\u0101da uz Dr. Jijing Zeng, Oppo vesel\u012bbas jomas viceprezidentu, ar kuru Dr. Shi uztur\u0113jis kontaktu. Aps\u016bdz\u012bbas liecina, ka Dr. Zeng uz Dr. Shi zi\u0146ojumu &#8220;Pl\u0101noju s\u0101kt darbu 30. j\u016bnij\u0101. \u0160oned\u0113\u013c inform\u0113\u0161u savu komandu par aizie\u0161anu. P\u0113d\u0113j\u0101 laik\u0101 izskat\u012bju da\u017e\u0101dus iek\u0161\u0113jos materi\u0101lus un r\u012bkoju daudz individu\u0101lu tik\u0161anos, lai sav\u0101ktu p\u0113c iesp\u0113jas vair\u0101k inform\u0101cijas &#8211; v\u0113l\u0101k dal\u012b\u0161os ar jums visiem.&#8221; atbild\u0113jis vienk\u0101r\u0161i &#8220;Labi&#8221; un pievienojis &#8220;OK&#8221; emocijz\u012bmi, kas, Apple ieskat\u0101, liecina par cie\u0161u vieno\u0161anos.<\/p>\n<p>M\u0113\u0123in\u0101jumi sl\u0113pt p\u0113das un atkl\u0101\u0161ana<\/p>\n<p>P\u0113c datu iz\u0146em\u0161anas Dr. Shi it k\u0101 m\u0113\u0123in\u0101jis sl\u0113pt savas darb\u012bbas p\u0113das, izmantojot mekl\u0113t\u0101jprogrammas vaic\u0101jumus k\u0101 &#8220;k\u0101 izdz\u0113st datus no MacBook&#8221; un &#8220;vai k\u0101ds var p\u0101rbaud\u012bt, vai esmu atv\u0113ris failu kop\u0113j\u0101 disk\u0101?&#8221;. Vi\u0146\u0161 ar\u012b izdz\u0113sis mapi ar nozagtajiem failiem no sava darba portat\u012bv\u0101 datora p\u0113c to p\u0101rvieto\u0161anas uz \u0101r\u0113ju USB zibatmi\u0146u. V\u0113l\u0101k vi\u0146\u0161 esot melojis kol\u0113\u0123iem par iemeslu savai aizie\u0161anai, apgalvojot, ka dodas uz \u0136\u012bnu, lai r\u016bp\u0113tos par saviem vec\u0101kajiem vec\u0101kiem. \u0160is st\u0101sts atg\u0101dina iepriek\u0161 min\u0113to Di Liu, kur\u0161 ar\u012b apgalvoja, ka aizejot, lai velt\u012btu laiku \u0123imenei un vesel\u012bbai.<\/p>\n<p>Apple r\u012bc\u012bb\u0101 eso\u0161ie pier\u0101d\u012bjumi<\/p>\n<p>Apple apgalvo, ka konspir\u0101ciju atkl\u0101jusi, p\u0101rskatot Dr. Shi darba MacBook un iPhone failu lejupiel\u0101\u017eu \u017eurn\u0101lus un saturu. \u0160ie datu piek\u013cuves \u017eurn\u0101li ir k\u013cuvu\u0161i par vienu no galvenajiem pier\u0101d\u012bjumiem pret biju\u0161o darbinieku.<\/p>\n<p>Oppo reakcija un turpm\u0101kie so\u013ci<\/p>\n<p>Oppo jau ir ofici\u0101li rea\u0123\u0113jis uz Apple aps\u016bdz\u012bb\u0101m. Uz\u0146\u0113mums nor\u0101da: &#8220;Mums ir zin\u0101ms par neseno Apple iesniegto pras\u012bbu Kalifornij\u0101, un esam r\u016bp\u012bgi izskat\u012bju\u0161i Apple s\u016bdz\u012bb\u0101 izteikt\u0101s aps\u016bdz\u012bbas. M\u0113s neesam atradu\u0161i nek\u0101dus pier\u0101d\u012bjumus, kas apstiprin\u0101tu jebk\u0101du saist\u012bbu starp \u0161\u012bm aps\u016bdz\u012bb\u0101m un darbinieka uzved\u012bbu vi\u0146a darba laik\u0101 OPPO. OPPO respekt\u0113 visu uz\u0146\u0113mumu, ieskaitot Apple, komercnosl\u0113pumus, un OPPO nav piesavin\u0101jies Apple komercnosl\u0113pumus. OPPO akt\u012bvi sadarbosies ar tiesved\u012bbu, un m\u0113s esam p\u0101rliecin\u0101ti, ka taisn\u012bga tiesas izmekl\u0113\u0161ana noskaidros faktus.&#8221;<\/p>\n<p>Apple tiesas pr\u0101v\u0101 pieprasa tiesas aizliegumu, kas liegtu Oppo un Dr. Shi izmantot vi\u0146u komercnosl\u0113pumus. Papildus tam, uz\u0146\u0113mums pieprasa kompens\u0101ciju par finansi\u0101lajiem zaud\u0113jumiem un soda sankcijas k\u0101 sodu par iesp\u0113jamo z\u0101dz\u012bbu. Apple ir ar\u012b piepras\u012bjusi tiesu ar zv\u0113rin\u0101tajiem, lai izskat\u012btu lietu.<\/p>\n","protected":false},"excerpt":{"rendered":"Apple c\u012bn\u0101s par sav\u0101m nosl\u0113pumiem pulkste\u0146u nozar\u0113 Tehnolo\u0123iju gigants Apple ir uzs\u0101cis k\u0101rt\u0113jo tiesas pr\u0101vu, \u0161oreiz v\u0113r\u0161oties pret&hellip;\n","protected":false},"author":2,"featured_media":21498,"comment_status":"","ping_status":"","sticky":false,"template":"","format":"standard","meta":{"footnotes":""},"categories":[16],"tags":[2122,6847,77,76,6846,35,39,38,36,37,34,40,6845,5889],"class_list":{"0":"post-21497","1":"post","2":"type-post","3":"status-publish","4":"format-standard","5":"has-post-thumbnail","7":"category-bizness","8":"tag-apple","9":"tag-apple-watch","10":"tag-bizness","11":"tag-business","12":"tag-komercnoslepumi","13":"tag-latvia","14":"tag-latvian","15":"tag-latviesu","16":"tag-latviesu-valoda","17":"tag-latviesuvaloda","18":"tag-latvija","19":"tag-lv","20":"tag-oppo","21":"tag-tiesas-prava"},"share_on_mastodon":{"url":"","error":""},"_links":{"self":[{"href":"https:\/\/www.europesays.com\/lv\/wp-json\/wp\/v2\/posts\/21497","targetHints":{"allow":["GET"]}}],"collection":[{"href":"https:\/\/www.europesays.com\/lv\/wp-json\/wp\/v2\/posts"}],"about":[{"href":"https:\/\/www.europesays.com\/lv\/wp-json\/wp\/v2\/types\/post"}],"author":[{"embeddable":true,"href":"https:\/\/www.europesays.com\/lv\/wp-json\/wp\/v2\/users\/2"}],"replies":[{"embeddable":true,"href":"https:\/\/www.europesays.com\/lv\/wp-json\/wp\/v2\/comments?post=21497"}],"version-history":[{"count":0,"href":"https:\/\/www.europesays.com\/lv\/wp-json\/wp\/v2\/posts\/21497\/revisions"}],"wp:featuredmedia":[{"embeddable":true,"href":"https:\/\/www.europesays.com\/lv\/wp-json\/wp\/v2\/media\/21498"}],"wp:attachment":[{"href":"https:\/\/www.europesays.com\/lv\/wp-json\/wp\/v2\/media?parent=21497"}],"wp:term":[{"taxonomy":"category","embeddable":true,"href":"https:\/\/www.europesays.com\/lv\/wp-json\/wp\/v2\/categories?post=21497"},{"taxonomy":"post_tag","embeddable":true,"href":"https:\/\/www.europesays.com\/lv\/wp-json\/wp\/v2\/tags?post=21497"}],"curies":[{"name":"wp","href":"https:\/\/api.w.org\/{rel}","templated":true}]}}