{"id":21507,"date":"2025-10-15T06:24:11","date_gmt":"2025-10-15T06:24:11","guid":{"rendered":"https:\/\/www.europesays.com\/lv\/21507\/"},"modified":"2025-10-15T06:24:11","modified_gmt":"2025-10-15T06:24:11","slug":"lidz-sim-jaunaja-iecelosanas-un-izcelosanas-sistema-registreti-3797-treso-valstu-valstspiederigie","status":"publish","type":"post","link":"https:\/\/www.europesays.com\/lv\/21507\/","title":{"rendered":"L\u012bdz \u0161im jaunaj\u0101 Iece\u013co\u0161anas un izce\u013co\u0161anas sist\u0113m\u0101 re\u0123istr\u0113ti 3797 tre\u0161o valstu valstspieder\u012bgie"},"content":{"rendered":"<p>L\u012bdz \u0161im jaunaj\u0101 Iece\u013co\u0161anas un izce\u013co\u0161anas sist\u0113m\u0101 (IIS) re\u0123istr\u0113ti 3797 tre\u0161o valstu valstspieder\u012bgie, a\u0123ent\u016bru LETA inform\u0113ja Valsts robe\u017esardz\u0113 (VRS).<\/p>\n<p>Sist\u0113ma s\u0101ka darboties sv\u0113tdien. Pirmaj\u0101 diennakt\u012b, kop\u0161 Latvij\u0101, t\u0101pat k\u0101 cit\u0101s Eiropas valst\u012bs, s\u0101ka darboties jaun\u0101 sist\u0113ma, taj\u0101 re\u0123istr\u0113ti 2007 tre\u0161o valstu valstspieder\u012bgie, savuk\u0101rt l\u012bdz 14. oktobra plkst. 8.30 kopum\u0101 re\u0123istr\u0113tas 3797 personas.<\/p>\n<p>Ieguvumi no IIS Eiropas Savien\u012bbas (ES) valstu pilso\u0146iem un tre\u0161o valstu valstspieder\u012bgajiem ir ES \u0101r\u0113jo robe\u017eu p\u0101rvald\u012bbas moderniz\u0101cija un uzlabo\u0161ana, vienm\u0113r\u012bgas un \u0101tras robe\u017e\u0161\u0137\u0113rso\u0161anas nodro\u0161in\u0101\u0161ana, nelikum\u012bgas migr\u0101cijas nov\u0113r\u0161ana, k\u0101 ar\u012b dro\u0161\u012bbas stiprin\u0101\u0161ana uz ES \u0101r\u0113j\u0101m robe\u017e\u0101m un vis\u0101 ES kopum\u0101, uzskata VRS.<\/p>\n<p>Sist\u0113mas darb\u012bbas s\u0101kum\u0101 VRS aicina tre\u0161o valstu valstspieder\u012bgos ier\u0113\u0137in\u0101t ilg\u0101ku robe\u017ep\u0101rbaudei paredz\u0113to laiku, jo papildus ce\u013co\u0161anas dokumentu p\u0101rbaud\u0113m tre\u0161o valstu valstspieder\u012bgajam, pirmo reizi kop\u0161 IIS darb\u012bbas s\u0101kuma ierodoties robe\u017e\u0161\u0137\u0113rso\u0161anas viet\u0101, j\u0101iesniedz ar\u012b biometrijas dati &#8211; sejas att\u0113ls vai pirkstu nospiedumu dati.<\/p>\n<p>VRS apgalvo, ka jaun\u0101 sist\u0113ma ir m\u016bsdien\u012bg\u0101ka un efekt\u012bv\u0101ka par l\u012bdz\u0161in\u0113jo k\u0101rt\u012bbu, jo pak\u0101peniski aizst\u0101s pasu spiedogus ar digit\u0101lu sist\u0113mu, kas re\u0123istr\u0113s personu iece\u013co\u0161anu, izce\u013co\u0161anu un iece\u013co\u0161anas atteikumus, t\u0101d\u0113j\u0101di pa\u0101trinot robe\u017ep\u0101rbaudi un atvieglojot robe\u017esargu darbu.<\/p>\n","protected":false},"excerpt":{"rendered":"L\u012bdz \u0161im jaunaj\u0101 Iece\u013co\u0161anas un izce\u013co\u0161anas sist\u0113m\u0101 (IIS) re\u0123istr\u0113ti 3797 tre\u0161o valstu valstspieder\u012bgie, a\u0123ent\u016bru LETA inform\u0113ja Valsts robe\u017esardz\u0113&hellip;\n","protected":false},"author":2,"featured_media":21508,"comment_status":"","ping_status":"","sticky":false,"template":"","format":"standard","meta":{"footnotes":""},"categories":[12],"tags":[129,889,23,28,29,32,33,22,30,31,35,39,38,36,37,34,40,20,26,27,890,891,24,25,21],"class_list":{"0":"post-21507","1":"post","2":"type-post","3":"status-publish","4":"format-standard","5":"has-post-thumbnail","7":"category-latvija","8":"tag-__typenameadvicekeyword","9":"tag-id811","10":"tag-aktualitates","11":"tag-breaking-news","12":"tag-breakingnews","13":"tag-featured-news","14":"tag-featurednews","15":"tag-headlines","16":"tag-latest-news","17":"tag-latestnews","18":"tag-latvia","19":"tag-latvian","20":"tag-latviesu","21":"tag-latviesu-valoda","22":"tag-latviesuvaloda","23":"tag-latvija","24":"tag-lv","25":"tag-news","26":"tag-popularakas-zinas","27":"tag-popularakaszinas","28":"tag-slugsabiedriba","29":"tag-titlesabiedriba","30":"tag-top-stories","31":"tag-topstories","32":"tag-zinas"},"share_on_mastodon":{"url":"","error":""},"_links":{"self":[{"href":"https:\/\/www.europesays.com\/lv\/wp-json\/wp\/v2\/posts\/21507","targetHints":{"allow":["GET"]}}],"collection":[{"href":"https:\/\/www.europesays.com\/lv\/wp-json\/wp\/v2\/posts"}],"about":[{"href":"https:\/\/www.europesays.com\/lv\/wp-json\/wp\/v2\/types\/post"}],"author":[{"embeddable":true,"href":"https:\/\/www.europesays.com\/lv\/wp-json\/wp\/v2\/users\/2"}],"replies":[{"embeddable":true,"href":"https:\/\/www.europesays.com\/lv\/wp-json\/wp\/v2\/comments?post=21507"}],"version-history":[{"count":0,"href":"https:\/\/www.europesays.com\/lv\/wp-json\/wp\/v2\/posts\/21507\/revisions"}],"wp:featuredmedia":[{"embeddable":true,"href":"https:\/\/www.europesays.com\/lv\/wp-json\/wp\/v2\/media\/21508"}],"wp:attachment":[{"href":"https:\/\/www.europesays.com\/lv\/wp-json\/wp\/v2\/media?parent=21507"}],"wp:term":[{"taxonomy":"category","embeddable":true,"href":"https:\/\/www.europesays.com\/lv\/wp-json\/wp\/v2\/categories?post=21507"},{"taxonomy":"post_tag","embeddable":true,"href":"https:\/\/www.europesays.com\/lv\/wp-json\/wp\/v2\/tags?post=21507"}],"curies":[{"name":"wp","href":"https:\/\/api.w.org\/{rel}","templated":true}]}}