{"id":21509,"date":"2025-10-15T06:25:13","date_gmt":"2025-10-15T06:25:13","guid":{"rendered":"https:\/\/www.europesays.com\/lv\/21509\/"},"modified":"2025-10-15T06:25:13","modified_gmt":"2025-10-15T06:25:13","slug":"aptauja-ka-vertejat-stambulas-konvencijas-nozimi","status":"publish","type":"post","link":"https:\/\/www.europesays.com\/lv\/21509\/","title":{"rendered":"Aptauja. K\u0101 v\u0113rt\u0113jat Stambulas konvencijas noz\u012bmi?"},"content":{"rendered":"<p>Saeimas \u0100rlietu komisija \u0161oned\u0113\u013c turpin\u0101s skat\u012bt opoz\u012bcij\u0101 eso\u0161o politisko sp\u0113ku izstr\u0101d\u0101to likumprojektu, kas paredz Latvijas izst\u0101\u0161anos no t\u0101 saukt\u0101s Stambulas konvencijas. Vienlaikus Saeim\u0101 tiek v\u0113rt\u0113ts tai alternat\u012bvs dokuments \u2013 deklar\u0101cija par vardarb\u012bbas pret sieviet\u0113m un vardarb\u012bbas \u0123imen\u0113 nov\u0113r\u0161anu un izskau\u0161anu \u2013, kas nedod vietu ideolo\u0123isk\u0101m spekul\u0101cij\u0101m.\u00a0<\/p>\n","protected":false},"excerpt":{"rendered":"Saeimas \u0100rlietu komisija \u0161oned\u0113\u013c turpin\u0101s skat\u012bt opoz\u012bcij\u0101 eso\u0161o politisko sp\u0113ku izstr\u0101d\u0101to likumprojektu, kas paredz Latvijas izst\u0101\u0161anos no t\u0101&hellip;\n","protected":false},"author":2,"featured_media":21510,"comment_status":"","ping_status":"","sticky":false,"template":"","format":"standard","meta":{"footnotes":""},"categories":[5],"tags":[23,28,29,47,32,33,22,381,64,30,31,35,39,38,36,37,34,40,20,385,26,27,172,382,384,383,24,25,21],"class_list":{"0":"post-21509","1":"post","2":"type-post","3":"status-publish","4":"format-standard","5":"has-post-thumbnail","7":"category-aktualitates","8":"tag-aktualitates","9":"tag-breaking-news","10":"tag-breakingnews","11":"tag-ekonomika","12":"tag-featured-news","13":"tag-featurednews","14":"tag-headlines","15":"tag-jaunumi","16":"tag-kultura","17":"tag-latest-news","18":"tag-latestnews","19":"tag-latvia","20":"tag-latvian","21":"tag-latviesu","22":"tag-latviesu-valoda","23":"tag-latviesuvaloda","24":"tag-latvija","25":"tag-lv","26":"tag-news","27":"tag-pieriga","28":"tag-popularakas-zinas","29":"tag-popularakaszinas","30":"tag-riga","31":"tag-sabiedriba","32":"tag-sludinajumi","33":"tag-sports-afisa","34":"tag-top-stories","35":"tag-topstories","36":"tag-zinas"},"share_on_mastodon":{"url":"","error":""},"_links":{"self":[{"href":"https:\/\/www.europesays.com\/lv\/wp-json\/wp\/v2\/posts\/21509","targetHints":{"allow":["GET"]}}],"collection":[{"href":"https:\/\/www.europesays.com\/lv\/wp-json\/wp\/v2\/posts"}],"about":[{"href":"https:\/\/www.europesays.com\/lv\/wp-json\/wp\/v2\/types\/post"}],"author":[{"embeddable":true,"href":"https:\/\/www.europesays.com\/lv\/wp-json\/wp\/v2\/users\/2"}],"replies":[{"embeddable":true,"href":"https:\/\/www.europesays.com\/lv\/wp-json\/wp\/v2\/comments?post=21509"}],"version-history":[{"count":0,"href":"https:\/\/www.europesays.com\/lv\/wp-json\/wp\/v2\/posts\/21509\/revisions"}],"wp:featuredmedia":[{"embeddable":true,"href":"https:\/\/www.europesays.com\/lv\/wp-json\/wp\/v2\/media\/21510"}],"wp:attachment":[{"href":"https:\/\/www.europesays.com\/lv\/wp-json\/wp\/v2\/media?parent=21509"}],"wp:term":[{"taxonomy":"category","embeddable":true,"href":"https:\/\/www.europesays.com\/lv\/wp-json\/wp\/v2\/categories?post=21509"},{"taxonomy":"post_tag","embeddable":true,"href":"https:\/\/www.europesays.com\/lv\/wp-json\/wp\/v2\/tags?post=21509"}],"curies":[{"name":"wp","href":"https:\/\/api.w.org\/{rel}","templated":true}]}}