{"id":21523,"date":"2025-10-15T06:49:13","date_gmt":"2025-10-15T06:49:13","guid":{"rendered":"https:\/\/www.europesays.com\/lv\/21523\/"},"modified":"2025-10-15T06:49:13","modified_gmt":"2025-10-15T06:49:13","slug":"alternativas-teatra-balva-zelta-musa-godina-radosos-nacionalais-teatris-starp-laureatiem-lente-lv","status":"publish","type":"post","link":"https:\/\/www.europesays.com\/lv\/21523\/","title":{"rendered":"Alternat\u012bv\u0101s te\u0101tra balva \u00abZelta mu\u0161a\u00bb godina rado\u0161os, Nacion\u0101lais te\u0101tris starp laure\u0101tiem\u00a0\u2014\u00a0Lente.lv"},"content":{"rendered":"<p>\u00abZelta mu\u0161a\u00bb apbalvo rado\u0161os un neparastos te\u0101tra pasaul\u0113<\/p>\n<p>Pag\u0101ju\u0161aj\u0101 piektdien\u0101, 10. oktobr\u012b, Latvijas Kult\u016bras akad\u0113mijas Mazaj\u0101 z\u0101l\u0113 norisin\u0101j\u0101s kr\u0101\u0161\u0146s festiv\u0101la \u00abPatriarha rudens\u00bb nosl\u0113guma pas\u0101kums \u00abDrupa\u010du las\u012b\u0161ana\u00bb. Pas\u0101kuma centr\u0101lais notikums bija alternat\u012bv\u0101s te\u0101tra gada balvu \u00abZelta mu\u0161a\u00bb pasnieg\u0161ana, kas izce\u013c aizvad\u012bt\u0101s sezonas aktu\u0101l\u0101kos un neikdieni\u0161\u0137\u0101kos notikumus te\u0101tra vid\u0113. \u0160ogad starp laure\u0101tiem godalgots ar\u012b Latvijas Nacion\u0101lais te\u0101tris, apliecinot t\u0101 daudzpus\u012bbu un sp\u0113ju iekarot skat\u012bt\u0101ju sirdis ar inovat\u012bviem risin\u0101jumiem. \u0160\u012b neparast\u0101 balva, ko da\u017ek\u0101rt d\u0113v\u0113 par \u00absvaiga gaisa malku\u00bb te\u0101tra industrij\u0101, ir ieguvusi popularit\u0101ti, jo sp\u0113j aizraut un izrais\u012bt diskusijas, izgaismojot gan spo\u017e\u0101kos talantus, gan ar\u012b drosm\u012bg\u0101k\u0101s m\u0101ksliniecisk\u0101s izpausmes.<\/p>\n<p>Da\u017e\u0101d\u0101s kategorij\u0101s godin\u0101ti talanti<\/p>\n<p>\u00abZelta mu\u0161as\u00bb pasnieg\u0161anas ceremonij\u0101 tika godin\u0101ti m\u0101kslinieki un izr\u0101des da\u017e\u0101d\u0101s, bie\u017ei vien negaid\u012bt\u0101s kategorij\u0101s, kas atspogu\u013co alternat\u012bv\u0101 te\u0101tra daudzveid\u012bbu un ori\u0123inalit\u0101ti. Balvas tradicion\u0101li tiek pasniegtas p\u0113c skat\u012bt\u0101ju balsojuma festiv\u0101la \u00abPatriarha rudens\u00bb laik\u0101, kas \u013cauj skat\u012bt\u0101jiem akt\u012bvi l\u012bdzdarboties un paust savu v\u0113rt\u0113jumu par redz\u0113to uz skatuves un aiz t\u0101s. \u0160ogad, t\u0101pat k\u0101 iepriek\u0161\u0113jos gadus, pasniegtas tika ar\u012b Latvijas Kult\u016bras akad\u0113mijas strukt\u016brvien\u012bbu un festiv\u0101la patroneses pie\u0161\u0137irt\u0101s specbalvas, atz\u012bm\u0113jot studentu un absolventu rado\u0161os sasniegumus un apliecinot Latvijas Kult\u016bras akad\u0113mijas nelok\u0101mo atbalstu jaunajiem talantiem.<\/p>\n<p>Nacion\u0101lais te\u0101tris starp laure\u0101tiem<\/p>\n<p>Latvijas Nacion\u0101lais te\u0101tris ir ne tikai viens no nomin\u0113tajiem, bet ar\u012b viens no laure\u0101tiem, sa\u0146emot atzin\u012bbu par savu ieguld\u012bjumu te\u0101tra m\u0101ksl\u0101. \u0160\u012b balva tiek pie\u0161\u0137irta, izce\u013cot m\u0101kslinieciskos sasniegumus, kas iziet \u0101rpus ierast\u0101 r\u0101mja un pied\u0101v\u0101 skat\u012bt\u0101jiem jaunas pieredzes. \u00abZelta mu\u0161a\u00bb turpina savu trad\u012bciju \u2013 rad\u012bt spilgtus un neaizmirstamus mirk\u013cus Latvijas kult\u016bras dz\u012bv\u0113, godinot tos, kuri drosm\u012bgi eksperiment\u0113 un mekl\u0113 jaunus izteiksmes l\u012bdzek\u013cus.<\/p>\n","protected":false},"excerpt":{"rendered":"\u00abZelta mu\u0161a\u00bb apbalvo rado\u0161os un neparastos te\u0101tra pasaul\u0113 Pag\u0101ju\u0161aj\u0101 piektdien\u0101, 10. oktobr\u012b, Latvijas Kult\u016bras akad\u0113mijas Mazaj\u0101 z\u0101l\u0113 norisin\u0101j\u0101s&hellip;\n","protected":false},"author":2,"featured_media":21524,"comment_status":"","ping_status":"","sticky":false,"template":"","format":"standard","meta":{"footnotes":""},"categories":[5],"tags":[23,6850,28,29,32,33,22,30,31,35,39,38,36,37,34,1376,40,20,4538,26,27,6851,24,25,5323,21],"class_list":{"0":"post-21523","1":"post","2":"type-post","3":"status-publish","4":"format-standard","5":"has-post-thumbnail","7":"category-aktualitates","8":"tag-aktualitates","9":"tag-alternativais-teatris","10":"tag-breaking-news","11":"tag-breakingnews","12":"tag-featured-news","13":"tag-featurednews","14":"tag-headlines","15":"tag-latest-news","16":"tag-latestnews","17":"tag-latvia","18":"tag-latvian","19":"tag-latviesu","20":"tag-latviesu-valoda","21":"tag-latviesuvaloda","22":"tag-latvija","23":"tag-latvijas-nacionalais-teatris","24":"tag-lv","25":"tag-news","26":"tag-patriarha-rudens","27":"tag-popularakas-zinas","28":"tag-popularakaszinas","29":"tag-teatra-balvas","30":"tag-top-stories","31":"tag-topstories","32":"tag-zelta-musa","33":"tag-zinas"},"share_on_mastodon":{"url":"","error":""},"_links":{"self":[{"href":"https:\/\/www.europesays.com\/lv\/wp-json\/wp\/v2\/posts\/21523","targetHints":{"allow":["GET"]}}],"collection":[{"href":"https:\/\/www.europesays.com\/lv\/wp-json\/wp\/v2\/posts"}],"about":[{"href":"https:\/\/www.europesays.com\/lv\/wp-json\/wp\/v2\/types\/post"}],"author":[{"embeddable":true,"href":"https:\/\/www.europesays.com\/lv\/wp-json\/wp\/v2\/users\/2"}],"replies":[{"embeddable":true,"href":"https:\/\/www.europesays.com\/lv\/wp-json\/wp\/v2\/comments?post=21523"}],"version-history":[{"count":0,"href":"https:\/\/www.europesays.com\/lv\/wp-json\/wp\/v2\/posts\/21523\/revisions"}],"wp:featuredmedia":[{"embeddable":true,"href":"https:\/\/www.europesays.com\/lv\/wp-json\/wp\/v2\/media\/21524"}],"wp:attachment":[{"href":"https:\/\/www.europesays.com\/lv\/wp-json\/wp\/v2\/media?parent=21523"}],"wp:term":[{"taxonomy":"category","embeddable":true,"href":"https:\/\/www.europesays.com\/lv\/wp-json\/wp\/v2\/categories?post=21523"},{"taxonomy":"post_tag","embeddable":true,"href":"https:\/\/www.europesays.com\/lv\/wp-json\/wp\/v2\/tags?post=21523"}],"curies":[{"name":"wp","href":"https:\/\/api.w.org\/{rel}","templated":true}]}}