{"id":215252,"date":"2026-05-31T17:58:09","date_gmt":"2026-05-31T17:58:09","guid":{"rendered":"https:\/\/www.europesays.com\/lv\/215252\/"},"modified":"2026-05-31T17:58:09","modified_gmt":"2026-05-31T17:58:09","slug":"nosledzosa-frec-sacikste-belgija-tomasam-stolcermanim-neizversas-sekmiga-f1lv-blogs","status":"publish","type":"post","link":"https:\/\/www.europesays.com\/lv\/215252\/","title":{"rendered":"Nosl\u0113dzo\u0161\u0101 FREC sac\u012bkste Be\u013c\u0123ij\u0101 Tomasam \u0160tolcermanim neizv\u0113r\u0161as sekm\u012bga : F1LV Blogs"},"content":{"rendered":"<p>Ar\u012b tre\u0161aj\u0101 braucien\u0101 \u201cFormula Regional\u201d Eiropas \u010dempion\u0101ta (FREC) posm\u0101 Be\u013c\u0123ij\u0101 latvie\u0161u pilots Tomass \u0160tolcermanis palicis bez punktiem, turkl\u0101t \u0161oreiz fini\u0161s sasniegts tikai 27. poz\u012bcij\u0101.<\/p>\n<p>Slapjaj\u0101 Sp\u0101-Franko\u0161ampas tras\u0113 sestdien pirmaj\u0101 braucien\u0101 \u0160tolcermanis start\u0113ja no 20. poz\u012bcijas. Bija vair\u0101ki incidenti un tras\u0113 vair\u0101kk\u0101rt izbrauca dro\u0161\u012bbas ma\u0161\u012bna, l\u012bdz ar to c\u012b\u0146ai par poz\u012bcij\u0101m laika bija maz\u0101k nek\u0101 var\u0113ja b\u016bt pie cita scen\u0101rija. \u201cPrema Racing\u201d brauc\u0113js fini\u0161\u0113ja 16. viet\u0101.<\/p>\n<p>Taj\u0101 pa\u0161\u0101 dien\u0101 pl\u0101noto otro braucienu atc\u0113la, jo pirm\u0101 sac\u012bkste sp\u0113c\u012bg\u0101 lietus d\u0113\u013c no r\u012bta notikt nevar\u0113ja un risin\u0101j\u0101s p\u0113cpusdien\u0101. Sv\u0113tdien notika tre\u0161ais brauciens.<\/p>\n<p>\u0160odienas kvalifik\u0101cij\u0101 \u0160tolcermanis sav\u0101 grup\u0101 star 15 pilotiem uzr\u0101d\u012bja vien 12. rezult\u0101tu, kas noz\u012bm\u0113ja start\u0113\u0161anu no 24. poz\u012bcijas. Trase \u0161odien bija sausa.<\/p>\n<p>Sacens\u012bbu s\u0101kums \u0160tolcermanim bija neveiksm\u012bgs, \u0101tri vien tika pazaud\u0113tas poz\u012bcijas. P\u0113c tam Tomass atkrita uz pa\u0161\u0101m beig\u0101m un bija skaidrs, ka c\u012bn\u012bties par punktiem b\u016bs praktiski neiesp\u0113jami. Fini\u0161s sasniegts 27. viet\u0101 \u2013 p\u0113d\u0113j\u0101 no tiem pilotiem, kas fini\u0161\u0113ja vien\u0101 apl\u012b ar uzvar\u0113t\u0101ju. Rezult\u0101ti gan bija \u013coti bl\u012bvi, jo Tomass no pirm\u0101s vietas atpalika 12 sekundes.<\/p>\n<p>No pole position start\u0113ja Maksimilians Popovs (\u201cTrident Motorsport\u201d), kur\u0161 sp\u0113ja saglab\u0101t pirmo poz\u012bciju, lai gan fini\u0161\u0113ja vien 0.2 sekundes priek\u0161\u0101 Aleksandram Abkhazavam (\u201cMP Motorsport\u201d). Tre\u0161o vietu sasniedza FREC \u010dempion\u0101ta kopv\u0113rt\u0113juma l\u012bderis Ra\u0161ids Al Daheri (\u201cR-ace GP\u201d), un vi\u0146\u0161 vien\u012bgais k\u0101pa uz pjedest\u0101la abos \u0161\u012bs ned\u0113\u013cas nogales braucienos.<\/p>\n<p>Tomass \u0160tolcermanis p\u0113c trim posmiem atkritis uz 17. vietu kopv\u0113rt\u0113juma tabul\u0101. Tikm\u0113r n\u0101kamais posms tiks aizvad\u012bts 19.-21. j\u016bnij\u0101 It\u0101lij\u0101, \u0101traj\u0101 Moncas tras\u0113.<\/p>\n<p>Tre\u0161ais brauciens:<\/p>\n<tr>\nVieta<br \/>\nPilots<br \/>\nKomanda<br \/>\nAp\u013ci<br \/>\nRezult\u0101ts<br \/>\n\u0100tr. aplis<br \/>\n<\/tr>\n<tr class=\"even\">\n<td>1.<\/td>\n<td>Maximilian Popov<\/td>\n<td>Trident Motorsport<\/td>\n<td class=\"ralign\">12<\/td>\n<td class=\"ralign\">33:51.316<\/td>\n<td class=\"ralign\">2:18.462<\/td>\n<\/tr>\n<tr class=\"odd\">\n<td>2.<\/td>\n<td>Alexander Abkhazava<\/td>\n<td>MP Motorsport<\/td>\n<td class=\"ralign\">12<\/td>\n<td class=\"ralign\">+0.214<\/td>\n<td class=\"ralign\">2:18.353<\/td>\n<\/tr>\n<tr class=\"even\">\n<td>3.<\/td>\n<td>Rashid Al Dhaheri<\/td>\n<td>R-ace GP<\/td>\n<td class=\"ralign\">12<\/td>\n<td class=\"ralign\">+0.527<\/td>\n<td class=\"ralign\">2:17.641<\/td>\n<\/tr>\n<tr class=\"odd\">\n<td>4.<\/td>\n<td>Jan Przyrowski<\/td>\n<td>RPM<\/td>\n<td class=\"ralign\">12<\/td>\n<td class=\"ralign\">+0.850<\/td>\n<td class=\"ralign\">2:18.566<\/td>\n<\/tr>\n<tr class=\"even\">\n<td>5.<\/td>\n<td>Kean Nakamura-Berta<\/td>\n<td>Prema Racing<\/td>\n<td class=\"ralign\">12<\/td>\n<td class=\"ralign\">+1.113<\/td>\n<td class=\"ralign\">2:17.939<\/td>\n<\/tr>\n<tr class=\"odd\">\n<td>6.<\/td>\n<td>Alex Ninovic<\/td>\n<td>Rodin Motorsport<\/td>\n<td class=\"ralign\">12<\/td>\n<td class=\"ralign\">+1.477<\/td>\n<td class=\"ralign\">2:18.419<\/td>\n<\/tr>\n<tr class=\"even\">\n<td>7.<\/td>\n<td>Marcus S\u00e6ter<\/td>\n<td>G4 Racing<\/td>\n<td class=\"ralign\">12<\/td>\n<td class=\"ralign\">+2.257<\/td>\n<td class=\"ralign\">2:17.808<\/td>\n<\/tr>\n<tr class=\"odd\">\n<td>8.<\/td>\n<td>Emanuele Olivieri<\/td>\n<td>R-ace GP<\/td>\n<td class=\"ralign\">12<\/td>\n<td class=\"ralign\">+2.553<\/td>\n<td class=\"ralign\">2:18.645<\/td>\n<\/tr>\n<tr class=\"even\">\n<td>9.<\/td>\n<td>Alexandre Munoz<\/td>\n<td>ART Grand Prix<\/td>\n<td class=\"ralign\">12<\/td>\n<td class=\"ralign\">+2.882<\/td>\n<td class=\"ralign\">2:19.699<\/td>\n<\/tr>\n<tr class=\"odd\">\n<td>10.<\/td>\n<td>Sebastian Wheldon<\/td>\n<td>MP Motorsport<\/td>\n<td class=\"ralign\">12<\/td>\n<td class=\"ralign\">+3.413<\/td>\n<td class=\"ralign\">2:17.883<\/td>\n<\/tr>\n<tr class=\"even\">\n<td>11.<\/td>\n<td>Zhenrui Chi<\/td>\n<td>MP Motorsport<\/td>\n<td class=\"ralign\">12<\/td>\n<td class=\"ralign\">+3.853<\/td>\n<td class=\"ralign\">2:18.652<\/td>\n<\/tr>\n<tr class=\"odd\">\n<td>12.<\/td>\n<td>Reza Seewooruthun<\/td>\n<td>Rodin Motorsport<\/td>\n<td class=\"ralign\">12<\/td>\n<td class=\"ralign\">+4.101<\/td>\n<td class=\"ralign\">2:18.331<\/td>\n<\/tr>\n<tr class=\"even\">\n<td>13.<\/td>\n<td>Jules Roussel<\/td>\n<td>CL Motorsport<\/td>\n<td class=\"ralign\">12<\/td>\n<td class=\"ralign\">+4.336<\/td>\n<td class=\"ralign\">2:17.835<\/td>\n<\/tr>\n<tr class=\"odd\">\n<td>14.<\/td>\n<td>Matteo Giaccardi<\/td>\n<td>ART Grand Prix<\/td>\n<td class=\"ralign\">12<\/td>\n<td class=\"ralign\">+5.486<\/td>\n<td class=\"ralign\">2:17.965<\/td>\n<\/tr>\n<tr class=\"even\">\n<td>15.<\/td>\n<td>Andrea Dup\u00e9<\/td>\n<td>Van Amersfoort Racing<\/td>\n<td class=\"ralign\">12<\/td>\n<td class=\"ralign\">+5.814<\/td>\n<td class=\"ralign\">2:18.558<\/td>\n<\/tr>\n<tr class=\"odd\">\n<td>16.<\/td>\n<td>Yuki Sano<\/td>\n<td>R-ace GP<\/td>\n<td class=\"ralign\">12<\/td>\n<td class=\"ralign\">+6.351<\/td>\n<td class=\"ralign\">2:18.464<\/td>\n<\/tr>\n<tr class=\"even\">\n<td>17.<\/td>\n<td>Gabriel Gomez<\/td>\n<td>Rodin Motorsport<\/td>\n<td class=\"ralign\">12<\/td>\n<td class=\"ralign\">+6.982<\/td>\n<td class=\"ralign\">2:18.761<\/td>\n<\/tr>\n<tr class=\"odd\">\n<td>18.<\/td>\n<td>Kai Daryanani<\/td>\n<td>Trident Motorsport<\/td>\n<td class=\"ralign\">12<\/td>\n<td class=\"ralign\">+7.294<\/td>\n<td class=\"ralign\">2:18.721<\/td>\n<\/tr>\n<tr class=\"even\">\n<td>19.<\/td>\n<td>Giovanni Maschio<\/td>\n<td>RPM<\/td>\n<td class=\"ralign\">12<\/td>\n<td class=\"ralign\">+8.038<\/td>\n<td class=\"ralign\">2:18.972<\/td>\n<\/tr>\n<tr class=\"odd\">\n<td>20.<\/td>\n<td>Reno Francot<\/td>\n<td>CL Motorsport<\/td>\n<td class=\"ralign\">12<\/td>\n<td class=\"ralign\">+8.323<\/td>\n<td class=\"ralign\">2:18.761<\/td>\n<\/tr>\n<tr class=\"even\">\n<td>21.<\/td>\n<td>Salim Hanna<\/td>\n<td>Prema Racing<\/td>\n<td class=\"ralign\">12<\/td>\n<td class=\"ralign\">+9.651<\/td>\n<td class=\"ralign\">2:19.368<\/td>\n<\/tr>\n<tr class=\"odd\">\n<td>22.<\/td>\n<td>Andrija Kosti\u0107<\/td>\n<td>Trident Motorsport<\/td>\n<td class=\"ralign\">12<\/td>\n<td class=\"ralign\">+10.250<\/td>\n<td class=\"ralign\">2:19.141<\/td>\n<\/tr>\n<tr class=\"even\">\n<td>23.<\/td>\n<td>Francisco Macedo<\/td>\n<td>Van Amersfoort Racing<\/td>\n<td class=\"ralign\">12<\/td>\n<td class=\"ralign\">+10.617<\/td>\n<td class=\"ralign\">2:18.793<\/td>\n<\/tr>\n<tr class=\"odd\">\n<td>24.<\/td>\n<td>Thomas Strauven<\/td>\n<td>CL Motorsport<\/td>\n<td class=\"ralign\">12<\/td>\n<td class=\"ralign\">+11.195<\/td>\n<td class=\"ralign\">2:18.544<\/td>\n<\/tr>\n<tr class=\"even\">\n<td>25.<\/td>\n<td>Kabir Anurag<\/td>\n<td>ART Grand Prix<\/td>\n<td class=\"ralign\">12<\/td>\n<td class=\"ralign\">+11.770<\/td>\n<td class=\"ralign\">2:20.062<\/td>\n<\/tr>\n<tr class=\"odd\">\n<td>26.<\/td>\n<td>Rahim Alibhai<\/td>\n<td>G4 Racing<\/td>\n<td class=\"ralign\">12<\/td>\n<td class=\"ralign\">+12.321<\/td>\n<td class=\"ralign\">2:20.437<\/td>\n<\/tr>\n<tr class=\"even\">\n<td>27.<\/td>\n<td>Tomass \u0160tolcermanis<\/td>\n<td>Prema Racing<\/td>\n<td class=\"ralign\">12<\/td>\n<td class=\"ralign\">+12.680<\/td>\n<td class=\"ralign\">2:20.084<\/td>\n<\/tr>\n<tr class=\"odd\">\n<td>28.<\/td>\n<td>Dion Gowda<\/td>\n<td>Van Amersfoort Racing<\/td>\n<td class=\"ralign\">10<\/td>\n<td class=\"ralign\">+2 ap\u013ci<\/td>\n<td class=\"ralign\">2:19.097<\/td>\n<\/tr>\n<tr class=\"even\">\n<td>\u2013<\/td>\n<td>Miguel Costa<\/td>\n<td>RPM<\/td>\n<td class=\"ralign\">6<\/td>\n<td class=\"ralign\">Izst\u0101j\u0101s<\/td>\n<td class=\"ralign\">2:18.247<\/td>\n<\/tr>\n<tr class=\"odd\">\n<td>\u2013<\/td>\n<td>Saqer Al Maosherji<\/td>\n<td>G4 Racing<\/td>\n<td class=\"ralign\">6<\/td>\n<td class=\"ralign\">Izst\u0101j\u0101s<\/td>\n<td class=\"ralign\">2:17.949<\/td>\n<\/tr>\n<p>FREC kopv\u0113rt\u0113jums p\u0113c 3. posma:<\/p>\n<tr>\nVieta<br \/>\nPilots<br \/>\nKomanda<br \/>\nPunkti<br \/>\n<\/tr>\n<tr class=\"even\">\n<td>1.<\/td>\n<td>Rashid Al Dhaheri<\/td>\n<td>R-ace GP<\/td>\n<td class=\"ralign\">94<\/td>\n<\/tr>\n<tr class=\"odd\">\n<td>2.<\/td>\n<td>Sebastian Wheldon<\/td>\n<td>MP Motorsport<\/td>\n<td class=\"ralign\">93<\/td>\n<\/tr>\n<tr class=\"even\">\n<td>3.<\/td>\n<td>Kean Nakamura-Berta<\/td>\n<td>Prema Racing<\/td>\n<td class=\"ralign\">81<\/td>\n<\/tr>\n<tr class=\"odd\">\n<td>4.<\/td>\n<td>Reno Francot<\/td>\n<td>CL Motorsport<\/td>\n<td class=\"ralign\">70<\/td>\n<\/tr>\n<tr class=\"even\">\n<td>5.<\/td>\n<td>Alex Ninovic<\/td>\n<td>Rodin Motorsport<\/td>\n<td class=\"ralign\">41<\/td>\n<\/tr>\n<tr class=\"odd\">\n<td>6.<\/td>\n<td>Emanuele Olivieri<\/td>\n<td>R-ace GP<\/td>\n<td class=\"ralign\">40<\/td>\n<\/tr>\n<tr class=\"even\">\n<td>7.<\/td>\n<td>Alexandre Munoz<\/td>\n<td>ART Grand Prix<\/td>\n<td class=\"ralign\">37<\/td>\n<\/tr>\n<tr class=\"odd\">\n<td>8.<\/td>\n<td>Maximilian Popov<\/td>\n<td>Trident Motorsport<\/td>\n<td class=\"ralign\">35<\/td>\n<\/tr>\n<tr class=\"even\">\n<td>9.<\/td>\n<td>Alexander Abkhazava<\/td>\n<td>MP Motorsport<\/td>\n<td class=\"ralign\">32<\/td>\n<\/tr>\n<tr class=\"odd\">\n<td>10.<\/td>\n<td>Zhenrui Chi<\/td>\n<td>MP Motorsport<\/td>\n<td class=\"ralign\">32<\/td>\n<\/tr>\n<tr class=\"even\">\n<td>11.<\/td>\n<td>Salim Hanna<\/td>\n<td>Prema Racing<\/td>\n<td class=\"ralign\">31<\/td>\n<\/tr>\n<tr class=\"odd\">\n<td>12.<\/td>\n<td>Dion Gowda<\/td>\n<td>Van Amersfoort Racing<\/td>\n<td class=\"ralign\">19<\/td>\n<\/tr>\n<tr class=\"even\">\n<td>13.<\/td>\n<td>Reza Seewooruthun<\/td>\n<td>Rodin Motorsport<\/td>\n<td class=\"ralign\">13<\/td>\n<\/tr>\n<tr class=\"odd\">\n<td>14.<\/td>\n<td>Yuki Sano<\/td>\n<td>R-ace GP<\/td>\n<td class=\"ralign\">13<\/td>\n<\/tr>\n<tr class=\"even\">\n<td>15.<\/td>\n<td>Jan Przyrowski<\/td>\n<td>RPM<\/td>\n<td class=\"ralign\">12<\/td>\n<\/tr>\n<tr class=\"odd\">\n<td>16.<\/td>\n<td>Kai Daryanani<\/td>\n<td>Trident Motorsport<\/td>\n<td class=\"ralign\">9<\/td>\n<\/tr>\n<tr class=\"even\">\n<td>17.<\/td>\n<td>Gabriel Gomez<\/td>\n<td>Rodin Motorsport<\/td>\n<td class=\"ralign\">8<\/td>\n<\/tr>\n<tr class=\"odd\">\n<td>18.<\/td>\n<td>Tomass \u0160tolcermanis<\/td>\n<td>Prema Racing<\/td>\n<td class=\"ralign\">7<\/td>\n<\/tr>\n<tr class=\"even\">\n<td>19.<\/td>\n<td>Marcus S\u00e6ter<\/td>\n<td>G4 Racing<\/td>\n<td class=\"ralign\">6<\/td>\n<\/tr>\n<tr class=\"odd\">\n<td>20.<\/td>\n<td>Miguel Costa<\/td>\n<td>RPM<\/td>\n<td class=\"ralign\">4<\/td>\n<\/tr>\n<tr class=\"even\">\n<td>21.<\/td>\n<td>Francisco Macedo<\/td>\n<td>Van Amersfoort Racing<\/td>\n<td class=\"ralign\">2<\/td>\n<\/tr>\n<p>\ufeff<\/p>\n","protected":false},"excerpt":{"rendered":"Ar\u012b tre\u0161aj\u0101 braucien\u0101 \u201cFormula Regional\u201d Eiropas \u010dempion\u0101ta (FREC) posm\u0101 Be\u013c\u0123ij\u0101 latvie\u0161u pilots Tomass \u0160tolcermanis palicis bez punktiem, turkl\u0101t&hellip;\n","protected":false},"author":2,"featured_media":215253,"comment_status":"","ping_status":"","sticky":false,"template":"","format":"standard","meta":{"footnotes":"","_share_on_mastodon":"0"},"categories":[17],"tags":[37945,35,39,38,36,37,34,40,30714,67,37946],"class_list":["post-215252","post","type-post","status-publish","format-standard","has-post-thumbnail","category-sports","tag-frec","tag-latvia","tag-latvian","tag-latviesu","tag-latviesu-valoda","tag-latviesuvaloda","tag-latvija","tag-lv","tag-prema","tag-sports","tag-tomass-stolcermanis"],"share_on_mastodon":{"url":"https:\/\/pubeurope.com\/@lv\/116670490486013663","error":""},"_links":{"self":[{"href":"https:\/\/www.europesays.com\/lv\/wp-json\/wp\/v2\/posts\/215252","targetHints":{"allow":["GET"]}}],"collection":[{"href":"https:\/\/www.europesays.com\/lv\/wp-json\/wp\/v2\/posts"}],"about":[{"href":"https:\/\/www.europesays.com\/lv\/wp-json\/wp\/v2\/types\/post"}],"author":[{"embeddable":true,"href":"https:\/\/www.europesays.com\/lv\/wp-json\/wp\/v2\/users\/2"}],"replies":[{"embeddable":true,"href":"https:\/\/www.europesays.com\/lv\/wp-json\/wp\/v2\/comments?post=215252"}],"version-history":[{"count":0,"href":"https:\/\/www.europesays.com\/lv\/wp-json\/wp\/v2\/posts\/215252\/revisions"}],"wp:featuredmedia":[{"embeddable":true,"href":"https:\/\/www.europesays.com\/lv\/wp-json\/wp\/v2\/media\/215253"}],"wp:attachment":[{"href":"https:\/\/www.europesays.com\/lv\/wp-json\/wp\/v2\/media?parent=215252"}],"wp:term":[{"taxonomy":"category","embeddable":true,"href":"https:\/\/www.europesays.com\/lv\/wp-json\/wp\/v2\/categories?post=215252"},{"taxonomy":"post_tag","embeddable":true,"href":"https:\/\/www.europesays.com\/lv\/wp-json\/wp\/v2\/tags?post=215252"}],"curies":[{"name":"wp","href":"https:\/\/api.w.org\/{rel}","templated":true}]}}