{"id":21549,"date":"2025-10-15T07:30:08","date_gmt":"2025-10-15T07:30:08","guid":{"rendered":"https:\/\/www.europesays.com\/lv\/21549\/"},"modified":"2025-10-15T07:30:08","modified_gmt":"2025-10-15T07:30:08","slug":"pakistana-zino-par-jaunam-sadursmem-gar-robezu-ar-afganistanu","status":"publish","type":"post","link":"https:\/\/www.europesays.com\/lv\/21549\/","title":{"rendered":"Pakist\u0101na zi\u0146o par jaun\u0101m sadursm\u0113m gar robe\u017eu ar Afganist\u0101nu"},"content":{"rendered":"<p>Afganist\u0101nas karav\u012bri un Pakist\u0101nas talibi atkl\u0101ja uguni, uz ko Pakist\u0101nas sp\u0113ki atbild\u0113ja, izn\u012bcinot afg\u0101\u0146u tankus un armijas poste\u0146us, v\u0113sta Pakist\u0101nas mediji un amatpersonas.<\/p>\n<p>Pakist\u0101nas amatpersonas atkl\u0101ja, ka armija izn\u012bcin\u0101jusi ar\u012b Pakist\u0101nas talibu treni\u0146u nometni.<\/p>\n<p>Afganist\u0101nas Houstas provinces policijas preses sekret\u0101ra vietnieks apstiprin\u0101ja, ka sadursmes notiku\u0161as, bet pla\u0161\u0101ku inform\u0101ciju nesniedza.<\/p>\n<p>Ar\u012b sestdien vair\u0101kos pierobe\u017eas re\u0123ionos izc\u0113l\u0101s ap\u0161audes, k\u0101 rezult\u0101t\u0101 ab\u0101s pus\u0113s tika nogalin\u0101ti vair\u0101ki cilv\u0113ki. Lai gan p\u0113c Sa\u016bda Ar\u0101bijas un Kataras aicin\u0101jumiem sadursmes sv\u0113tdien tika p\u0101rtrauktas, visi robe\u017e\u0161\u0137\u0113rso\u0161anas punkti starp Pakist\u0101nu un Afganist\u0101nu joproj\u0101m ir sl\u0113gti.<\/p>\n<p>Ned\u0113\u013cas nogal\u0113 Kabula pazi\u0146oja, ka, atriebjoties par vair\u0101kk\u0101rt\u0113jiem Afganist\u0101nas teritorijas un gaisa telpas p\u0101rk\u0101pumiem, t\u0101 uzbrukusi vair\u0101kiem Pakist\u0101nas milit\u0101rajiem poste\u0146iem un nogalin\u0101jusi 58 Pakist\u0101nas karav\u012brus. Pakist\u0101nas armija savuk\u0101rt zi\u0146oja, ka ap\u0161aud\u0113s gar robe\u017eu zaud\u0113ti 23 karav\u012bri un nogalin\u0101ti vair\u0101k nek\u0101 200 talibi un citi teroristi.<\/p>\n<p>Situ\u0101cija ir saspringta kop\u0161 pag\u0101ju\u0161\u0101s ned\u0113\u013cas, kad Afganist\u0101nas talibu re\u017e\u012bms aps\u016bdz\u0113ja Pakist\u0101nu par Kabulas bombard\u0113\u0161anu un par uzbrukumu tirgum valsts austrumos.<\/p>\n<p><a href=\"https:\/\/www.tvnet.lv\/term\/557010\/pakistana\" class=\"topicLink\" target=\"_blank\" rel=\"nofollow noopener\">Pakist\u0101na<\/a> nav atzinusies \u0161ajos uzbrukumos, bet iepriek\u0161 ir \u012bstenojusi triecienus Afganist\u0101nas teritorij\u0101. Pakist\u0101na apgalvo, ka v\u0113r\u0161as pret Pakist\u0101nas talibu grup\u0113jumu &#8220;Tehreek-e-Taliban Pakistan&#8221; (TTP), kas ir saist\u012bts ar Afganist\u0101nas talibiem.<\/p>\n<p>Islamabada aps\u016bdz afg\u0101\u0146u varasiest\u0101des par patv\u0113ruma snieg\u0161anu TTP, kas veic teroraktus Pakist\u0101nas teritorij\u0101. Kabula \u0161\u012bs aps\u016bdz\u012bbas noraida, apgalvojot, ka ne\u013cauj savu teritoriju izmantot pret cit\u0101m valst\u012bm v\u0113rst\u0101m darb\u012bb\u0101m.<\/p>\n","protected":false},"excerpt":{"rendered":"Afganist\u0101nas karav\u012bri un Pakist\u0101nas talibi atkl\u0101ja uguni, uz ko Pakist\u0101nas sp\u0113ki atbild\u0113ja, izn\u012bcinot afg\u0101\u0146u tankus un armijas poste\u0146us,&hellip;\n","protected":false},"author":2,"featured_media":21550,"comment_status":"","ping_status":"","sticky":false,"template":"","format":"standard","meta":{"footnotes":""},"categories":[14],"tags":[872,23,57,28,29,32,33,22,30,31,35,39,38,36,37,34,40,20,6209,26,27,24,25,54,55,56,21,58],"class_list":{"0":"post-21549","1":"post","2":"type-post","3":"status-publish","4":"format-standard","5":"has-post-thumbnail","7":"category-zinas-no-arvalstim","8":"tag-afganistana","9":"tag-aktualitates","10":"tag-arvalstim","11":"tag-breaking-news","12":"tag-breakingnews","13":"tag-featured-news","14":"tag-featurednews","15":"tag-headlines","16":"tag-latest-news","17":"tag-latestnews","18":"tag-latvia","19":"tag-latvian","20":"tag-latviesu","21":"tag-latviesu-valoda","22":"tag-latviesuvaloda","23":"tag-latvija","24":"tag-lv","25":"tag-news","26":"tag-pakistana","27":"tag-popularakas-zinas","28":"tag-popularakaszinas","29":"tag-top-stories","30":"tag-topstories","31":"tag-world","32":"tag-world-news","33":"tag-worldnews","34":"tag-zinas","35":"tag-zinas-no-arvalstim"},"share_on_mastodon":{"url":"","error":""},"_links":{"self":[{"href":"https:\/\/www.europesays.com\/lv\/wp-json\/wp\/v2\/posts\/21549","targetHints":{"allow":["GET"]}}],"collection":[{"href":"https:\/\/www.europesays.com\/lv\/wp-json\/wp\/v2\/posts"}],"about":[{"href":"https:\/\/www.europesays.com\/lv\/wp-json\/wp\/v2\/types\/post"}],"author":[{"embeddable":true,"href":"https:\/\/www.europesays.com\/lv\/wp-json\/wp\/v2\/users\/2"}],"replies":[{"embeddable":true,"href":"https:\/\/www.europesays.com\/lv\/wp-json\/wp\/v2\/comments?post=21549"}],"version-history":[{"count":0,"href":"https:\/\/www.europesays.com\/lv\/wp-json\/wp\/v2\/posts\/21549\/revisions"}],"wp:featuredmedia":[{"embeddable":true,"href":"https:\/\/www.europesays.com\/lv\/wp-json\/wp\/v2\/media\/21550"}],"wp:attachment":[{"href":"https:\/\/www.europesays.com\/lv\/wp-json\/wp\/v2\/media?parent=21549"}],"wp:term":[{"taxonomy":"category","embeddable":true,"href":"https:\/\/www.europesays.com\/lv\/wp-json\/wp\/v2\/categories?post=21549"},{"taxonomy":"post_tag","embeddable":true,"href":"https:\/\/www.europesays.com\/lv\/wp-json\/wp\/v2\/tags?post=21549"}],"curies":[{"name":"wp","href":"https:\/\/api.w.org\/{rel}","templated":true}]}}