{"id":21553,"date":"2025-10-15T07:33:09","date_gmt":"2025-10-15T07:33:09","guid":{"rendered":"https:\/\/www.europesays.com\/lv\/21553\/"},"modified":"2025-10-15T07:33:09","modified_gmt":"2025-10-15T07:33:09","slug":"imanta-kalnina-dziesmu-stasts-vini-dejoja-vienu-vasaru-aicina-celojuma-cauri-laikam-un-cilveku-likteniem-lente-lv","status":"publish","type":"post","link":"https:\/\/www.europesays.com\/lv\/21553\/","title":{"rendered":"Imanta Kalni\u0146a dziesmu st\u0101sts \u00abVi\u0146i dejoja vienu vasaru\u00bb aicina ce\u013cojum\u0101 cauri laikam un cilv\u0113ku likte\u0146iem\u00a0\u2014\u00a0Lente.lv"},"content":{"rendered":"<p>Imanta Kalni\u0146a m\u016bzikas atspulgi dziesmu st\u0101st\u0101 \u00abVi\u0146i dejoja vienu vasaru\u00bb<\/p>\n<p>Ulbrokas kult\u016bras centr\u0101 &#8220;Ulbrokas p\u0113rle&#8221; 12. oktobr\u012b notika pirmizr\u0101de aizraujo\u0161am koncertst\u0101stam &#8220;Vi\u0146i dejoja vienu vasaru&#8221;, kas caur Imanta Kalni\u0146a dziesm\u0101m aicina ce\u013cojum\u0101 cauri laikam un cilv\u0113ku likte\u0146iem. \u0160is muzik\u0101lais notikums, kura idejas autore un re\u017eisore ir R\u0113zija Kalni\u0146a, atkl\u0101j dziesmu daudzsl\u0101\u0146ain\u012bbu, apl\u016bkojot t\u0101s no 70. gadu br\u012bvdom\u012bbas l\u012bdz pat m\u016bsdienu dinamiskajai realit\u0101tei. St\u0101sts ir par m\u012blest\u012bbu, br\u012bv\u012bbas alk\u0101m, sevis mekl\u0113jumiem un dz\u012bves lielajiem pagriezieniem gan tautas, gan indiv\u012bda l\u012bmen\u012b.<\/p>\n<p>Laika sl\u0101\u0146i Imanta Kalni\u0146a m\u016bzik\u0101<\/p>\n<p>Koncertst\u0101sts &#8220;Vi\u0146i dejoja vienu vasaru&#8221; ir r\u016bp\u012bgi veidots dramatur\u0123iskais darbs, ko raksturo Lelde Stumbre. Tas izved skat\u012bt\u0101jus cauri Latvijas v\u0113stures noz\u012bm\u012bgiem posmiem, s\u0101kot ar 70. gadiem, kad skan\u0113ja t\u0101das dziesmas k\u0101 &#8220;Fatamorg\u0101na&#8221;, &#8220;Romantika&#8221; un, protams, tituldziesma &#8220;Vi\u0146i dejoja vienu vasaru&#8221;. T\u0101l\u0101k st\u0101sts aptver pirm\u0101s br\u012bv\u012bbas v\u0113smas, tautas atmodu, barik\u0101\u017eu laiku un m\u016bsdienu izaicin\u0101jumus. \u0160\u012b laika perspekt\u012bva atspogu\u013cojas ar\u012b personisko likte\u0146u att\u012bst\u012bb\u0101, liekot aizdom\u0101ties par pieder\u012bbu savai zemei un t\u0101s v\u0113rt\u012bb\u0101m, par kur\u0101m sen\u010di c\u012bn\u012bju\u0161ies plecu pie pleca.<\/p>\n<p>Re\u017eisore R\u0113zija Kalni\u0146a atkl\u0101j, ka vi\u0146as un vi\u0146as mammas Helgas Dancbergas atmi\u0146as ir iedvesmoju\u0161as Almas t\u0113lu, ta\u010du kopum\u0101 \u0161is t\u0113ls ir daudz pla\u0161\u0101ks un ietilp\u012bg\u0101ks, simboliz\u0113jot sievietes likteni da\u017e\u0101dos laikos. Galvenajos t\u0113los iej\u016btas talant\u012bgie dzied\u0101t\u0101ji Paula P\u0113rkone, Anmary un Ivo Gr\u012bsni\u0146\u0161-Gr\u012bslis, kuriem izdevies iedz\u012bvin\u0101t gan personisk\u0101s, gan kolekt\u012bv\u0101s atmi\u0146as, radot atpaz\u012bstamus un dzi\u013cus t\u0113lus.<\/p>\n<p>M\u012blest\u012bbas manifest\u0101cija un m\u016bzikas fenomens<\/p>\n<p>Tituldzesma &#8220;Vi\u0146i dejoja vienu vasaru&#8221; ir ne tikai koncertst\u0101sta nosaukums, bet ar\u012b t\u0101 galvenais vadmot\u012bvs. Ivo Gr\u012bsni\u0146\u0161-Gr\u012bslis to rakturo k\u0101 &#8220;m\u012blest\u012bbas manifest\u0101ciju&#8221;, kas aptver visu m\u012blest\u012bbas ciklu \u2013 no t\u0101s dzirksto\u0161\u0101s aizdeg\u0161an\u0101s l\u012bdz pat beig\u0101m un jauna s\u0101kumam. \u0160\u012b dziesma ir k\u013cuvusi par ikonu, kur\u0101 atkl\u0101jas visa m\u012blest\u012bbas sare\u017e\u0123\u012bt\u012bba un daudzveid\u012bba.<\/p>\n<p>Imanta Kalni\u0146a m\u016bzika, lai gan tehniski sare\u017e\u0123\u012bta un virtuozas, ir sp\u0113jusi iekarot tautas sirdis. Dzied\u0101t\u0101ji Paula P\u0113rkone un Anmary atz\u012bst, ka ikdienas darbs ar vi\u0146a ska\u0146darbiem \u013cauj atkl\u0101t arvien jaunas muzik\u0101l\u0101s nianses un dziesmu dzi\u013c\u0101ko saturu. \u0160is fenomens apliecina Imanta Kalni\u0146a sp\u0113ju rad\u012bt m\u016bziku, kas ir gan intelektu\u0101li baud\u0101ma, gan emocion\u0101li aizkustino\u0161a, vienlaic\u012bgi dzi\u013ci latviska un vispasaul\u012bga.<\/p>\n<p>M\u016bzi\u0137u un t\u0113lu atkl\u0101sme<\/p>\n<p>Ivo Gr\u012bsni\u0146\u0161-Gr\u012bslis atveidotaj\u0101 Hugo t\u0113l\u0101 klaus\u012bt\u0101ji var saskat\u012bt paral\u0113les ar Latvijas di\u017egariem, piem\u0113ram, Oj\u0101ru V\u0101cieti, M\u0101ri \u010cakl\u0101, Imantu Ziedoni vai pa\u0161u Imantu Kalni\u0146u, pie\u0161\u0137irot t\u0113lam intelektu\u0101lu un rado\u0161u dzi\u013cumu. Paula P\u0113rkone un Anmary, simboliz\u0113jot sievietes daudzveid\u012bbu, iemieso da\u017e\u0101du sievie\u0161u likte\u0146us un atmi\u0146as, radot sp\u0113c\u012bgu un atpaz\u012bstamu sievietes portretu.<\/p>\n<p>Anmary \u012bpa\u0161i izce\u013c dziesmu &#8220;Debess tu esi&#8221; no U\u0123a Roza albuma &#8220;Divtul\u012bba&#8221; k\u0101 piln\u012bgu atkl\u0101jumu \u2013 &#8220;\u0101\u0137\u012bgu, jaud\u012bgu un \u0101rk\u0101rt\u012bgi skaistu&#8221;. T\u0101pat Ivo Gr\u012bsni\u0146\u0161-Gr\u012bslis nor\u0101da uz latvie\u0161u patriotisma izpausm\u0113m Imanta Kalni\u0146a dziesm\u0101s, uzsverot, ka m\u016bzika atkl\u0101jas &#8220;v\u0113l cit\u0101s \u0161\u0137autn\u0113s&#8221;, kad to izdz\u012bvo cilv\u0113ks, kas m\u012bl\u0113jis Latviju un bijis gatavs par to c\u012bn\u012bties.<\/p>\n<p>Koncertst\u0101sta v\u0113st\u012bjums un n\u0101kotnes perspekt\u012bvas<\/p>\n<p>&#8220;Vi\u0146i dejoja vienu vasaru&#8221; ir vair\u0101k nek\u0101 tikai koncerts; tas ir st\u0101sts par laika ritumu, par cilv\u0113ciskaj\u0101m attiec\u012bb\u0101m un par sevi mekl\u0113jumiem main\u012bgaj\u0101 pasaul\u0113. Tas ir aicin\u0101jums ne tikai atskat\u012bties uz pag\u0101tni, bet ar\u012b dom\u0101t par n\u0101kotni, par to, kas m\u0113s esam un kurp ejam. Viegli ironisks, sirsn\u012bgs un skan\u012bgs piedz\u012bvojums, kas paliek atmi\u0146\u0101 ilgi p\u0113c t\u0101 noskat\u012b\u0161an\u0101s.<\/p>\n<p>Koncertst\u0101sts nav tikai Ulbrok\u0101, bet turpina savu ce\u013cu pa cit\u0101m Latvijas pils\u0113t\u0101m, \u013caujot pla\u0161\u0101kam skat\u012bt\u0101ju lokam baud\u012bt Imanta Kalni\u0146a m\u016bzikas un dz\u012bvesst\u0101stu.<\/p>\n","protected":false},"excerpt":{"rendered":"Imanta Kalni\u0146a m\u016bzikas atspulgi dziesmu st\u0101st\u0101 \u00abVi\u0146i dejoja vienu vasaru\u00bb Ulbrokas kult\u016bras centr\u0101 &#8220;Ulbrokas p\u0113rle&#8221; 12. oktobr\u012b notika&hellip;\n","protected":false},"author":2,"featured_media":21554,"comment_status":"","ping_status":"","sticky":false,"template":"","format":"standard","meta":{"footnotes":""},"categories":[19],"tags":[89,6853,90,6855,35,39,38,194,36,37,34,40,6480,6854],"class_list":{"0":"post-21553","1":"post","2":"type-post","3":"status-publish","4":"format-standard","5":"has-post-thumbnail","7":"category-izklaide","8":"tag-entertainment","9":"tag-imants-kalnins","10":"tag-izklaide","11":"tag-koncertstasts","12":"tag-latvia","13":"tag-latvian","14":"tag-latviesu","15":"tag-latviesu-muzika","16":"tag-latviesu-valoda","17":"tag-latviesuvaloda","18":"tag-latvija","19":"tag-lv","20":"tag-ulbrokas-perle","21":"tag-vini-dejoja-vienu-vasaru"},"share_on_mastodon":{"url":"","error":""},"_links":{"self":[{"href":"https:\/\/www.europesays.com\/lv\/wp-json\/wp\/v2\/posts\/21553","targetHints":{"allow":["GET"]}}],"collection":[{"href":"https:\/\/www.europesays.com\/lv\/wp-json\/wp\/v2\/posts"}],"about":[{"href":"https:\/\/www.europesays.com\/lv\/wp-json\/wp\/v2\/types\/post"}],"author":[{"embeddable":true,"href":"https:\/\/www.europesays.com\/lv\/wp-json\/wp\/v2\/users\/2"}],"replies":[{"embeddable":true,"href":"https:\/\/www.europesays.com\/lv\/wp-json\/wp\/v2\/comments?post=21553"}],"version-history":[{"count":0,"href":"https:\/\/www.europesays.com\/lv\/wp-json\/wp\/v2\/posts\/21553\/revisions"}],"wp:featuredmedia":[{"embeddable":true,"href":"https:\/\/www.europesays.com\/lv\/wp-json\/wp\/v2\/media\/21554"}],"wp:attachment":[{"href":"https:\/\/www.europesays.com\/lv\/wp-json\/wp\/v2\/media?parent=21553"}],"wp:term":[{"taxonomy":"category","embeddable":true,"href":"https:\/\/www.europesays.com\/lv\/wp-json\/wp\/v2\/categories?post=21553"},{"taxonomy":"post_tag","embeddable":true,"href":"https:\/\/www.europesays.com\/lv\/wp-json\/wp\/v2\/tags?post=21553"}],"curies":[{"name":"wp","href":"https:\/\/api.w.org\/{rel}","templated":true}]}}