{"id":21568,"date":"2025-10-15T07:45:21","date_gmt":"2025-10-15T07:45:21","guid":{"rendered":"https:\/\/www.europesays.com\/lv\/21568\/"},"modified":"2025-10-15T07:45:21","modified_gmt":"2025-10-15T07:45:21","slug":"the-sound-poets-izdod-jaunu-singlu-un-aicina-uz-10-gadu-jubilejas-koncertu","status":"publish","type":"post","link":"https:\/\/www.europesays.com\/lv\/21568\/","title":{"rendered":"&#8220;The Sound Poets&#8221; izdod jaunu singlu un aicina uz 10 gadu jubilejas koncertu"},"content":{"rendered":"<p>\u0160\u012b ir jau otr\u0101 dziesma, kas tapusi cie\u0161\u0101 sadarb\u012bb\u0101 ar igau\u0146u m\u016bzi\u0137i un producentu Erki P\u0101rnoju.<\/p>\n<p>Video: &#8220;The Sound Poets&#8221; &#8211; &#8220;Tu man\u012b ugunis dedz&#8221;<\/p>\n<p>Grupas solists J\u0101nis Ai\u0161purs par dziesmas tap\u0161anas procesu un \u0161\u012b br\u012b\u017ea aktualit\u0101t\u0113m:<\/p>\n<p>&#8220;Dziesmas v\u0101rdiem run\u0101jot, tik viena doma pr\u0101t\u0101 man &#8211; for\u0161i sagatavoties &#8220;Palladium&#8221; koncertam, turpin\u0101t rakst\u012bt dziesmu v\u0101rdus jaunajam albumam un \u0101tr\u0101k piesaukt n\u0101kamo vasaru, kur\u0101 grupai gaid\u0101ms k\u0101ds \u012bpa\u0161s datums. Labi, san\u0101k tom\u0113r tr\u012bs domas, ta\u010du tas tikai no vienas puses.<\/p>\n<blockquote class=\"quote ck-widget\" contenteditable=\"false\">\n<p>No otras puses, t\u0101s visas tom\u0113r ir par vienu un to pa\u0161u \u2013 par to lielo sv\u0113tku gaid\u012b\u0161anas prieku, par atkalsatik\u0161an\u0101s prieku. Par to ir ar\u012b m\u016bsu jaun\u0101k\u0101 dziesma, t\u0101 ir burtiski uzl\u0101d\u0113ta ar \u0161\u012bm pozit\u012bvaj\u0101m emocij\u0101m. Lai t\u0101 labi klaus\u0101s ar\u012b tev, mans draugs! Tiekamies!\u201d<\/p>\n<\/blockquote>\n<p>Grupas darbs pie jaun\u0101 albuma ir intens\u012bvs, aizraujo\u0161s un rado\u0161uma piepild\u012bts.<\/p>\n<p>Turpinot sadarb\u012bbu ar igau\u0146u m\u016bzi\u0137i un producentu Erki P\u0101rnoju, &#8220;The Sound Poets&#8221; eksperiment\u0113 ar pavisam jaunu skan\u0113jumu. T\u0101d\u0113\u013c katra jaun\u0101 singla izdo\u0161ana ir satrauco\u0161s laiks &#8211; nodot ska\u0146darbu klaus\u012bt\u0101jiem un redz\u0113t, k\u0101 tas dz\u012bvos savu dz\u012bvi.<\/p>\n<p><img decoding=\"async\" class=\"figure__image\" onclick=\"triggerEvent('articleImageClick', { id: 17211158, focus: 'single-image', focusIndex: '17211158' })\" onkeydown=\"if (event.key === 'Enter') {&#10;        triggerEvent('articleImageClick', { id: 17211158, focus: 'single-image', focusIndex: '17211158' })&#10;        }\" role=\"button\" tabindex=\"0\" data-focus-from=\"single-image\" data-focus-index=\"17211158\" src=\"https:\/\/www.europesays.com\/lv\/wp-content\/uploads\/2025\/10\/17211158t1h1101.jpg\" onload=\"this.parentElement.classList.remove('figure__image-loading')\" alt=\"Dziesmas ieraksta sesija\"\/>Dziesmas ieraksta sesija Foto: J\u0101nis Deinats<\/p>\n<p>Singls &#8220;Tu man\u012b ugunis dedz&#8221; savu pirmatska\u0146ojumu piedz\u012bvos jau pavisam dr\u012bz, grupai &#8220;The Sound Poets&#8221; \u012bpa\u0161i svar\u012bg\u0101 notikum\u0101: 7. novembr\u012b, &#8220;Palladium&#8221; koncertz\u0101l\u0113, kur tiks nosvin\u0113ta albuma &#8220;Puls\u0113&#8221; desmitgade. Tiekamies tur!<\/p>\n<p>Bi\u013cetes pieejamas &#8220;Bi\u013ce\u0161u parad\u012bzes&#8221; kas\u0113s &#8211; <a target=\"_blank\" rel=\"noopener noreferrer nofollow\" href=\"https:\/\/www.bilesuparadize.lv\/lv\/event\/152574\">https:\/\/www.bilesuparadize.lv\/lv\/event\/152574<\/a><\/p>\n<p><img decoding=\"async\" class=\"figure__image\" onclick=\"triggerEvent('articleImageClick', { id: 17211160, focus: 'single-image', focusIndex: '17211160' })\" onkeydown=\"if (event.key === 'Enter') {&#10;        triggerEvent('articleImageClick', { id: 17211160, focus: 'single-image', focusIndex: '17211160' })&#10;        }\" role=\"button\" tabindex=\"0\" data-focus-from=\"single-image\" data-focus-index=\"17211160\" src=\"https:\/\/www.europesays.com\/lv\/wp-content\/uploads\/2025\/10\/17211160t1hc7b6.jpg\" onload=\"this.parentElement.classList.remove('figure__image-loading')\" alt=\"&quot;The Sound Poets&quot;\"\/>&#8220;The Sound Poets&#8221; Foto: Publicit\u0101tes foto<\/p>\n<p>Grup\u0101 \u201cThe Sound Poets\u201d sp\u0113l\u0113 J\u0101nis Ai\u0161purs, Und\u012bne Balode, Normunds Luk\u0161a, P\u0113teris Lunde un K\u0101rlis Josts.<\/p>\n<p>Kop\u0161 dibin\u0101\u0161anas klaj\u0101 n\u0101ku\u0161i pieci studijas albumi, nosp\u0113l\u0113ti koncerti uz liel\u0101kaj\u0101m Latvijas skatuv\u0113m un vair\u0101kas izp\u0101rdotas koncertt\u016bres vis\u0101 Latvij\u0101. Grupas m\u016bzik\u0101 liriska un emocion\u0101la refleksija ir iet\u0113rpta himnisk\u0101s melodij\u0101s un pla\u0161os, atmosf\u0113riskos aran\u017e\u0113jumos.<\/p>\n","protected":false},"excerpt":{"rendered":"\u0160\u012b ir jau otr\u0101 dziesma, kas tapusi cie\u0161\u0101 sadarb\u012bb\u0101 ar igau\u0146u m\u016bzi\u0137i un producentu Erki P\u0101rnoju. Video: &#8220;The&hellip;\n","protected":false},"author":2,"featured_media":21569,"comment_status":"","ping_status":"","sticky":false,"template":"","format":"standard","meta":{"footnotes":""},"categories":[19],"tags":[89,90,35,39,38,36,37,34,40,1337,6856],"class_list":{"0":"post-21568","1":"post","2":"type-post","3":"status-publish","4":"format-standard","5":"has-post-thumbnail","7":"category-izklaide","8":"tag-entertainment","9":"tag-izklaide","10":"tag-latvia","11":"tag-latvian","12":"tag-latviesu","13":"tag-latviesu-valoda","14":"tag-latviesuvaloda","15":"tag-latvija","16":"tag-lv","17":"tag-palladium","18":"tag-the-sound-poets"},"share_on_mastodon":{"url":"","error":""},"_links":{"self":[{"href":"https:\/\/www.europesays.com\/lv\/wp-json\/wp\/v2\/posts\/21568","targetHints":{"allow":["GET"]}}],"collection":[{"href":"https:\/\/www.europesays.com\/lv\/wp-json\/wp\/v2\/posts"}],"about":[{"href":"https:\/\/www.europesays.com\/lv\/wp-json\/wp\/v2\/types\/post"}],"author":[{"embeddable":true,"href":"https:\/\/www.europesays.com\/lv\/wp-json\/wp\/v2\/users\/2"}],"replies":[{"embeddable":true,"href":"https:\/\/www.europesays.com\/lv\/wp-json\/wp\/v2\/comments?post=21568"}],"version-history":[{"count":0,"href":"https:\/\/www.europesays.com\/lv\/wp-json\/wp\/v2\/posts\/21568\/revisions"}],"wp:featuredmedia":[{"embeddable":true,"href":"https:\/\/www.europesays.com\/lv\/wp-json\/wp\/v2\/media\/21569"}],"wp:attachment":[{"href":"https:\/\/www.europesays.com\/lv\/wp-json\/wp\/v2\/media?parent=21568"}],"wp:term":[{"taxonomy":"category","embeddable":true,"href":"https:\/\/www.europesays.com\/lv\/wp-json\/wp\/v2\/categories?post=21568"},{"taxonomy":"post_tag","embeddable":true,"href":"https:\/\/www.europesays.com\/lv\/wp-json\/wp\/v2\/tags?post=21568"}],"curies":[{"name":"wp","href":"https:\/\/api.w.org\/{rel}","templated":true}]}}