{"id":21580,"date":"2025-10-15T07:56:07","date_gmt":"2025-10-15T07:56:07","guid":{"rendered":"https:\/\/www.europesays.com\/lv\/21580\/"},"modified":"2025-10-15T07:56:07","modified_gmt":"2025-10-15T07:56:07","slug":"turpmak-maksimalais-brauksanas-atrums-ir-90-km-h-iznemums-vidzemes-sosejas-posms","status":"publish","type":"post","link":"https:\/\/www.europesays.com\/lv\/21580\/","title":{"rendered":"Turpm\u0101k maksim\u0101lais brauk\u0161anas \u0101trums ir 90 km\/h. Iz\u0146\u0113mums \u2013 Vidzemes \u0161osejas posms"},"content":{"rendered":"<p>Iz\u0146\u0113mums b\u016bs Vidzemes \u0161osejas (A2) posms no R\u012bgas l\u012bdz Siguldai, kur darbojas adapt\u012bv\u0101 satiksmes vad\u012bba ar main\u012bgas inform\u0101cijas ce\u013caz\u012bm\u0113m \u2013 \u013coti labos brauk\u0161anas apst\u0101k\u013cos maksim\u0101lais brauk\u0161anas \u0101trums tur b\u016bs 100 km\/h ar\u012b ruden\u012b un ziem\u0101.<\/p>\n<p>Meteorolo\u0123iskajiem un brauk\u0161anas apst\u0101k\u013ciem pasliktinoties, at\u013cauto \u0101trumu samazin\u0101s l\u012bdz 90, 80 vai 70 km\/h.<\/p>\n<p>J\u0101\u0146em v\u0113r\u0101, ka ziemas period\u0101 brauk\u0161anas un meteorolo\u0123iskie apst\u0101k\u013ci var man\u012bties vair\u0101kas reizes dien\u0101, t\u0101d\u0113\u013c autovad\u012bt\u0101jiem j\u0101piev\u0113r\u0161 uzman\u012bba main\u012bg\u0101s inform\u0101cijas ce\u013caz\u012bmju nor\u0101d\u012bjumiem un tie j\u0101iev\u0113ro.<\/p>\n","protected":false},"excerpt":{"rendered":"Iz\u0146\u0113mums b\u016bs Vidzemes \u0161osejas (A2) posms no R\u012bgas l\u012bdz Siguldai, kur darbojas adapt\u012bv\u0101 satiksmes vad\u012bba ar main\u012bgas inform\u0101cijas&hellip;\n","protected":false},"author":2,"featured_media":21581,"comment_status":"","ping_status":"","sticky":false,"template":"","format":"standard","meta":{"footnotes":""},"categories":[5],"tags":[23,28,29,32,33,22,30,31,35,39,38,36,37,34,2857,40,20,26,27,1529,1528,24,25,21],"class_list":{"0":"post-21580","1":"post","2":"type-post","3":"status-publish","4":"format-standard","5":"has-post-thumbnail","7":"category-aktualitates","8":"tag-aktualitates","9":"tag-breaking-news","10":"tag-breakingnews","11":"tag-featured-news","12":"tag-featurednews","13":"tag-headlines","14":"tag-latest-news","15":"tag-latestnews","16":"tag-latvia","17":"tag-latvian","18":"tag-latviesu","19":"tag-latviesu-valoda","20":"tag-latviesuvaloda","21":"tag-latvija","22":"tag-latvijas-valsts-celi","23":"tag-lv","24":"tag-news","25":"tag-popularakas-zinas","26":"tag-popularakaszinas","27":"tag-satiksme","28":"tag-satiksmes-drosiba","29":"tag-top-stories","30":"tag-topstories","31":"tag-zinas"},"share_on_mastodon":{"url":"","error":""},"_links":{"self":[{"href":"https:\/\/www.europesays.com\/lv\/wp-json\/wp\/v2\/posts\/21580","targetHints":{"allow":["GET"]}}],"collection":[{"href":"https:\/\/www.europesays.com\/lv\/wp-json\/wp\/v2\/posts"}],"about":[{"href":"https:\/\/www.europesays.com\/lv\/wp-json\/wp\/v2\/types\/post"}],"author":[{"embeddable":true,"href":"https:\/\/www.europesays.com\/lv\/wp-json\/wp\/v2\/users\/2"}],"replies":[{"embeddable":true,"href":"https:\/\/www.europesays.com\/lv\/wp-json\/wp\/v2\/comments?post=21580"}],"version-history":[{"count":0,"href":"https:\/\/www.europesays.com\/lv\/wp-json\/wp\/v2\/posts\/21580\/revisions"}],"wp:featuredmedia":[{"embeddable":true,"href":"https:\/\/www.europesays.com\/lv\/wp-json\/wp\/v2\/media\/21581"}],"wp:attachment":[{"href":"https:\/\/www.europesays.com\/lv\/wp-json\/wp\/v2\/media?parent=21580"}],"wp:term":[{"taxonomy":"category","embeddable":true,"href":"https:\/\/www.europesays.com\/lv\/wp-json\/wp\/v2\/categories?post=21580"},{"taxonomy":"post_tag","embeddable":true,"href":"https:\/\/www.europesays.com\/lv\/wp-json\/wp\/v2\/tags?post=21580"}],"curies":[{"name":"wp","href":"https:\/\/api.w.org\/{rel}","templated":true}]}}