{"id":21590,"date":"2025-10-15T08:09:16","date_gmt":"2025-10-15T08:09:16","guid":{"rendered":"https:\/\/www.europesays.com\/lv\/21590\/"},"modified":"2025-10-15T08:09:16","modified_gmt":"2025-10-15T08:09:16","slug":"timotijs-salame-treninbikses-un-ar-10-000-eiro-vertu-somu-par-plecu","status":"publish","type":"post","link":"https:\/\/www.europesays.com\/lv\/21590\/","title":{"rendered":"Timotijs \u0160alam\u0113 treni\u0146biks\u0113s un ar 10 000 eiro v\u0113rtu somu p\u0101r plecu"},"content":{"rendered":"<p>Timotijs \u0160alam\u0113 atkal pier\u0101da, ka mode ir vi\u0146a otr\u0101 valoda \u2013 un vi\u0146\u0161 taj\u0101 prot run\u0101t teko\u0161i, ar p\u0101rliec\u012bbu un ironiju. <a rel=\"noopener nofollow\" target=\"_blank\" href=\"https:\/\/www.delfi.lv\/temas\/44184181\/aktieris\" tag-id=\"44184181\">Aktieris<\/a> pievienojies to stil\u012bgo v\u012brie\u0161u komandai, kas zina, ka lieliska <a rel=\"noopener nofollow\" target=\"_blank\" href=\"https:\/\/www.delfi.lv\/temas\/44182923\/soma\" tag-id=\"44182923\">soma<\/a> nav tikai aksesu\u0101rs, t\u0101 ir varas simbols. Un meli, ka t\u0101s ir paredz\u0113tas tikai sieviet\u0113m.<\/p>\n<p>Aiz\u0146emts ar jaun\u0101s filmas &#8220;Marty Supreme&#8221; rekl\u0101mas kampa\u0146u, \u0160alam\u0113 p\u0113d\u0113j\u0101s ned\u0113\u013c\u0101s redz\u0113ts visur \u2013 no sarkaniem pakl\u0101jiem l\u012bdz beisbola randi\u0146iem ar Kailiju D\u017eeneri (viena no Karda\u0161janu klana meit\u0101m). Un, protams, ar\u012b Manhetenas iel\u0101s, kur vi\u0146\u0161 11. oktobr\u012b redz\u0113ts ar jauno, \u012bso matu griezumu, melnu \u0101das jaku, pel\u0113k\u0101s treni\u0146biks\u0113s un stil\u012bgos z\u0101bakos. Bez pietic\u012bbas \u2013 \u0161im ikdieni\u0161\u0137ajam t\u0113lam k\u0101 izsaukuma z\u012bme p\u0101ri \u2013 le\u0123end\u0101r\u0101, aptuveni 10 000 eiro v\u0113rt\u0101 &#8220;Herm\u00e8s Kelly&#8221; soma.<\/p>\n<p>Starp citu, vi\u0146\u0161 nav viens: Bad Bunny, A$AP Rocky, D\u017eeikobss Elordi un Harijs Stailzs jau sen pier\u0101d\u012bju\u0161i, ka v\u012brietis ar somu ir nevis p\u0101rpratums, bet stila manifest\u0101cija. Jo \u012bsts d\u017eentlmenis ne tikai pal\u012bdz n\u0113s\u0101t m\u012b\u013cot\u0101s somu, bet lepni n\u0113s\u0101 ar\u012b sav\u0113jo. <\/p>\n<p class=\"m-0\">Seko &#8220;Delfi&#8221; ar\u012b  <a target=\"_blank\" href=\"https:\/\/www.instagram.com\/delfi.lv\/\" rel=\"nofollow noopener\">Instagram<\/a>  un <a target=\"_blank\" href=\"https:\/\/www.youtube.com\/channel\/UCw5foWtcJvAbUm64rv7jwUQ\" rel=\"nofollow noopener\">YouTube<\/a>  profil\u0101 \u2013 pievienojies, lai uzzin\u0101tu svar\u012bg\u0101ko un interesant\u0101ko pirmais!<\/p>\n<p>Publik\u0101cijas saturs vai t\u0101s jebk\u0101da apjoma da\u013ca ir aizsarg\u0101ts autorties\u012bbu objekts Autorties\u012bbu likuma izpratn\u0113, un t\u0101 izmanto\u0161ana bez izdev\u0113ja at\u013caujas ir aizliegta. Vair\u0101k lasi  <a target=\"_blank\" href=\"https:\/\/www.delfi.lv\/noteikumi#autortiesibas\" rel=\"nofollow noopener\">\u0161eit<\/a><script async src=\"\/\/www.instagram.com\/embed.js\"><\/script><\/p>\n","protected":false},"excerpt":{"rendered":"Timotijs \u0160alam\u0113 atkal pier\u0101da, ka mode ir vi\u0146a otr\u0101 valoda \u2013 un vi\u0146\u0161 taj\u0101 prot run\u0101t teko\u0161i, ar&hellip;\n","protected":false},"author":2,"featured_media":21591,"comment_status":"","ping_status":"","sticky":false,"template":"","format":"standard","meta":{"footnotes":""},"categories":[19],"tags":[1267,89,90,35,39,38,36,37,34,40,3058,6861,6248],"class_list":{"0":"post-21590","1":"post","2":"type-post","3":"status-publish","4":"format-standard","5":"has-post-thumbnail","7":"category-izklaide","8":"tag-aktieris","9":"tag-entertainment","10":"tag-izklaide","11":"tag-latvia","12":"tag-latvian","13":"tag-latviesu","14":"tag-latviesu-valoda","15":"tag-latviesuvaloda","16":"tag-latvija","17":"tag-lv","18":"tag-modes-tendences","19":"tag-soma","20":"tag-stils"},"share_on_mastodon":{"url":"","error":""},"_links":{"self":[{"href":"https:\/\/www.europesays.com\/lv\/wp-json\/wp\/v2\/posts\/21590","targetHints":{"allow":["GET"]}}],"collection":[{"href":"https:\/\/www.europesays.com\/lv\/wp-json\/wp\/v2\/posts"}],"about":[{"href":"https:\/\/www.europesays.com\/lv\/wp-json\/wp\/v2\/types\/post"}],"author":[{"embeddable":true,"href":"https:\/\/www.europesays.com\/lv\/wp-json\/wp\/v2\/users\/2"}],"replies":[{"embeddable":true,"href":"https:\/\/www.europesays.com\/lv\/wp-json\/wp\/v2\/comments?post=21590"}],"version-history":[{"count":0,"href":"https:\/\/www.europesays.com\/lv\/wp-json\/wp\/v2\/posts\/21590\/revisions"}],"wp:featuredmedia":[{"embeddable":true,"href":"https:\/\/www.europesays.com\/lv\/wp-json\/wp\/v2\/media\/21591"}],"wp:attachment":[{"href":"https:\/\/www.europesays.com\/lv\/wp-json\/wp\/v2\/media?parent=21590"}],"wp:term":[{"taxonomy":"category","embeddable":true,"href":"https:\/\/www.europesays.com\/lv\/wp-json\/wp\/v2\/categories?post=21590"},{"taxonomy":"post_tag","embeddable":true,"href":"https:\/\/www.europesays.com\/lv\/wp-json\/wp\/v2\/tags?post=21590"}],"curies":[{"name":"wp","href":"https:\/\/api.w.org\/{rel}","templated":true}]}}