{"id":21598,"date":"2025-10-15T08:17:08","date_gmt":"2025-10-15T08:17:08","guid":{"rendered":"https:\/\/www.europesays.com\/lv\/21598\/"},"modified":"2025-10-15T08:17:08","modified_gmt":"2025-10-15T08:17:08","slug":"ne-tikai-ekonomiski-bet-ari-jaudigi-un-aizraujosi-lente-lv-2","status":"publish","type":"post","link":"https:\/\/www.europesays.com\/lv\/21598\/","title":{"rendered":"Ne tikai ekonomiski, bet ar\u012b jaud\u012bgi un aizraujo\u0161i\u00a0\u2014\u00a0Lente.lv"},"content":{"rendered":"<p>Hibr\u012bda automobi\u013cu evol\u016bcija: Efektivit\u0101te un jauda jaun\u0101 l\u012bmen\u012b<\/p>\n<p>Hibr\u012bda automobi\u013ci, kas agr\u0101k tika uztverti k\u0101 kompromiss starp ekonomiju un praktiskumu, \u0161obr\u012bd piedz\u012bvo iespaid\u012bgu transform\u0101ciju. Vairs neesot vien l\u0113ni un nepietiekami jaud\u012bgi, modernie hibr\u012bdi apvieno gan zemas degvielas pat\u0113ri\u0146a un emisiju priek\u0161roc\u012bbas, gan ar\u012b pied\u0101v\u0101 aizvien iespaid\u012bg\u0101ku dinamiku un veiktsp\u0113ju. \u0160\u012b att\u012bst\u012bba liek aizdom\u0101ties par to, vai hibr\u012bdi k\u013c\u016bs par pirc\u0113ju izv\u0113li numur viens.<\/p>\n<p>Tehnolo\u0123iskie jaunin\u0101jumi un to priek\u0161roc\u012bbas<\/p>\n<p>Hibr\u012bdu tehnolo\u0123iju att\u012bst\u012bba ir bijusi nep\u0101rtraukta. Viens no galvenajiem virzieniem ir gudr\u0101ku ener\u0123ijas p\u0101rvald\u012bbas sist\u0113mu integr\u0101cija. \u0160\u012bs sist\u0113mas sp\u0113j analiz\u0113t brauk\u0161anas stilu, ce\u013ca apst\u0101k\u013cus un pat satiksmes pl\u016bsmu, lai optim\u0101li l\u012bdzsvarotu elektrisk\u0101 un iek\u0161dedzes dzin\u0113ja darbu. Tas noz\u012bm\u0113 ne tikai v\u0113l efekt\u012bv\u0101ku degvielas pat\u0113ri\u0146u un zem\u0101kas izme\u0161u ra\u017eo\u0161anas, bet ar\u012b vienm\u0113r\u012bg\u0101ku un pat\u012bkam\u0101ku brauk\u0161anas pieredzi. N\u0101kotn\u0113 sagaid\u0101ma ar\u012b hibr\u012bdu integr\u0101cija ar viedajiem elektrot\u012bkliem, \u013caujot automa\u0161\u012bn\u0101m ne tikai pat\u0113r\u0113t, bet ar\u012b atdot elektroener\u0123iju atbilsto\u0161i t\u012bkla vajadz\u012bb\u0101m.<\/p>\n<p>B\u016btiskus uzlabojumus sola ar\u012b jaun\u0101k\u0101s bateriju tehnolo\u0123ijas, \u012bpa\u0161i cietvielu baterijas (solid-state batteries). T\u0101s pied\u0101v\u0101 augst\u0101ku ener\u0123ijas bl\u012bvumu, \u0101tr\u0101ku uzl\u0101di un liel\u0101ku dro\u0161\u012bbu sal\u012bdzin\u0101jum\u0101 ar pa\u0161reiz lietotaj\u0101m litija-jonu baterij\u0101m. \u0160\u012bs inov\u0101cijas \u013caus palielin\u0101t ar\u012b elektrisk\u0101 darb\u012bbas r\u0101diusu plug-in hibr\u012bdiem (PHEV), padarot tos par v\u0113l pievilc\u012bg\u0101ku alternat\u012bvu tiem, kas v\u0113las samazin\u0101t atkar\u012bbu no fosil\u0101s degvielas. Turkl\u0101t tiek uzsv\u0113rta ar\u012b bateriju ra\u017eo\u0161anas ilgtsp\u0113ja, izmantojot otrreiz\u0113ji p\u0101rstr\u0101d\u0101jamus un videi draudz\u012bgus materi\u0101lus.<\/p>\n<p>Lai uzlabotu gan efektivit\u0101ti, gan veiktsp\u0113ju, automobi\u013cu ra\u017eot\u0101ji arvien akt\u012bv\u0101k izmanto viegl\u0101kus materi\u0101lus un aerodinamisk\u0101kus risin\u0101jumus. Augstas iztur\u012bbas kompoz\u012btmateri\u0101li un vieglie sakaus\u0113jumi \u013cauj samazin\u0101t automa\u0161\u012bnas kop\u0113jo svaru, kas tie\u0161\u0101 veid\u0101 uzlabo gan degvielas ekonomiju, gan elektrisk\u0101 darb\u012bbas r\u0101diusu, vienlaikus saglab\u0101jot dro\u0161\u012bbas standartus.<\/p>\n<p>Hibr\u012bdu daudzveid\u012bba un pielietojums<\/p>\n<p>Hibr\u012bdu kl\u0101sts k\u013c\u016bst arvien pla\u0161\u0101ks, pied\u0101v\u0101jot risin\u0101jumus da\u017e\u0101d\u0101m vajadz\u012bb\u0101m. Ir vair\u0101ki hibr\u012bdu tipi, tostarp \u201cvieglie\u201d jeb \u201cmaigie\u201d hibr\u012bdi (mild hybrid), pilnie hibr\u012bdi (full hybrid) un plug-in hibr\u012bdi (PHEV). Vieglie hibr\u012bdi pied\u0101v\u0101 nelielu elektrisko atbalstu iek\u0161dedzes dzin\u0113jam, pal\u012bdzot iedarbin\u0101\u0161an\u0101 un pa\u0101trin\u0101jum\u0101, nodro\u0161inot nelielu degvielas pat\u0113ri\u0146a un izme\u0161u samazin\u0101jumu. Tie ir k\u0101 daudzpus\u012bgi partneri jebkuros brauk\u0161anas apst\u0101k\u013cos.<\/p>\n<p>Pilnie hibr\u012bdi, kas ir izplat\u012bt\u0101kie, sp\u0113j p\u0101rvietoties gan ar iek\u0161dedzes dzin\u0113ju, gan ar elektrisko motoru, vai izmantot abus kop\u0101. Tie bie\u017ei vien ir apr\u012bkoti ar re\u0123enerat\u012bv\u0101s bremz\u0113\u0161anas sist\u0113mu, kas uzkr\u0101j ener\u0123iju bremz\u0113\u0161anas laik\u0101 un novada to uz akumulatoru, t\u0101d\u0113j\u0101di samazinot brem\u017eu sist\u0113mas nodilumu.<\/p>\n<p>Plug-in hibr\u012bdi (PHEV) pied\u0101v\u0101 liel\u0101ku elektrisk\u0101 darb\u012bbas r\u0101diusu, \u013caujot veikt ikdienas braucienus tikai ar elektr\u012bbu, pirms tiek aktiviz\u0113ts iek\u0161dedzes dzin\u0113js. \u0160ie mode\u013ci parasti ir d\u0101rg\u0101ki, bet var rad\u012bt iev\u0113rojamus ietaup\u012bjumus degvielas izmaks\u0101s, \u012bpa\u0161i, ja ir iesp\u0113ja tos regul\u0101ri uzl\u0101d\u0113t m\u0101j\u0101s vai darb\u0101. Tom\u0113r PHEV kop\u0113jais svars, kas rodas no diviem dzin\u0113jiem, var ietekm\u0113t veiktsp\u0113ju un degvielas pat\u0113ri\u0146u uz \u0161osejas, ja tiek p\u0101rsniegts elektriskais r\u0101diuss.<\/p>\n<p>Hibr\u012bdu priek\u0161roc\u012bbas un potenci\u0101lie m\u012bnusi<\/p>\n<p>Galven\u0101s priek\u0161roc\u012bbas, ko pied\u0101v\u0101 hibr\u012bdi, ir uzlabota degvielas efektivit\u0101te un zem\u0101kas ekspluat\u0101cijas izmaksas, sal\u012bdzinot ar tradicion\u0101lajiem benz\u012bna dzin\u0113jiem. Re\u0123enerat\u012bv\u0101 bremz\u0113\u0161ana un efekt\u012bv\u0101ka ener\u0123ijas izmanto\u0161ana \u013cauj ietaup\u012bt l\u012bdz pat vair\u0101kiem simtiem eiro gad\u0101. Hibr\u012bdi pied\u0101v\u0101 ar\u012b klus\u0101ku un vienm\u0113r\u012bg\u0101ku brauk\u0161anas pieredzi, \u012bpa\u0161i zem\u0101 \u0101trum\u0101 un pils\u0113tas satiksm\u0113, kur bie\u017e\u0101k izmanto elektrisko piedzi\u0146u.<\/p>\n<p>Tom\u0113r hibr\u012bdiem ir ar\u012b savi potenci\u0101lie tr\u016bkumi. Viens no tiem ir augst\u0101kas s\u0101kotn\u0113j\u0101s ieg\u0101des izmaksas sal\u012bdzin\u0101jum\u0101 ar l\u012bdzv\u0113rt\u012bgiem benz\u012bna dzin\u0113ju mode\u013ciem, ko nosaka sare\u017e\u0123\u012bt\u0101k\u0101 tehnolo\u0123ija un papildu komponenti. Lai gan ekspluat\u0101cijas izmaksas ir zem\u0101kas, var paiet k\u0101ds laiks, lai \u0161\u012b s\u0101kotn\u0113j\u0101 invest\u012bcija atmaks\u0101tos. T\u0101pat j\u0101\u0146em v\u0113r\u0101, ka hibr\u012bdi joproj\u0101m rada izme\u0161us, lai gan maz\u0101k nek\u0101 tradicion\u0101lie auto, un tie nevar sasniegt nulles izme\u0161u l\u012bmeni, k\u0101du pied\u0101v\u0101 piln\u012bgi elektriskie transportl\u012bdzek\u013ci. Atsevi\u0161\u0137os p\u0113t\u012bjumos ar\u012b nor\u0101d\u012bts, ka plug-in hibr\u012bdu uzticam\u012bba p\u0113d\u0113j\u0101 laik\u0101 ir samazin\u0101jusies.<\/p>\n<p>Hibr\u012bdu n\u0101kotne un pirc\u0113ju izv\u0113le<\/p>\n<p>Tiek prognoz\u0113ts, ka hibr\u012bdu un PHEV \u012bpatsvars auto tirg\u016b 2025. gad\u0101 sasniegs aptuveni 15%. \u0160\u012b tendence nor\u0101da uz pieaugo\u0161o pat\u0113r\u0113t\u0101ju interesi par videi draudz\u012bg\u0101kiem un ekonomisk\u0101kiem transportl\u012bdzek\u013ciem. Hibr\u012bdu tehnolo\u0123iju nep\u0101rtraukt\u0101 att\u012bst\u012bba, uzlabojot veiktsp\u0113ju, efektivit\u0101ti un pied\u0101v\u0101jot pla\u0161\u0101ku mode\u013cu kl\u0101stu, liecina par to, ka tie sp\u0113j apmierin\u0101t da\u017e\u0101das vajadz\u012bbas un k\u013c\u016bt par aizvien popul\u0101r\u0101ku izv\u0113li. Hibr\u012bdi pied\u0101v\u0101 sabalans\u0113tu risin\u0101jumu, apvienojot lab\u0101ko no ab\u0101m pasaul\u0113m \u2013 iek\u0161dedzes dzin\u0113ju praktiskumu un elektroauto ekolo\u0123isk\u0101s un ekonomisk\u0101s priek\u0161roc\u012bbas, t\u0101d\u0113j\u0101di piel\u0101gojoties m\u016bsdienu main\u012bgaj\u0101m pras\u012bb\u0101m un ilgtsp\u0113j\u012bgas mobilit\u0101tes m\u0113r\u0137iem.<\/p>\n","protected":false},"excerpt":{"rendered":"Hibr\u012bda automobi\u013cu evol\u016bcija: Efektivit\u0101te un jauda jaun\u0101 l\u012bmen\u012b Hibr\u012bda automobi\u013ci, kas agr\u0101k tika uztverti k\u0101 kompromiss starp ekonomiju&hellip;\n","protected":false},"author":2,"featured_media":21599,"comment_status":"","ping_status":"","sticky":false,"template":"","format":"standard","meta":{"footnotes":""},"categories":[16],"tags":[6769,77,76,6770,6768,6772,6771,35,39,38,36,37,34,40],"class_list":{"0":"post-21598","1":"post","2":"type-post","3":"status-publish","4":"format-standard","5":"has-post-thumbnail","7":"category-bizness","8":"tag-auto-tehnologijas","9":"tag-bizness","10":"tag-business","11":"tag-degvielas-ekonomija","12":"tag-hibrida-auto","13":"tag-ilgtspejiga-mobilitate","14":"tag-jauda","15":"tag-latvia","16":"tag-latvian","17":"tag-latviesu","18":"tag-latviesu-valoda","19":"tag-latviesuvaloda","20":"tag-latvija","21":"tag-lv"},"share_on_mastodon":{"url":"","error":""},"_links":{"self":[{"href":"https:\/\/www.europesays.com\/lv\/wp-json\/wp\/v2\/posts\/21598","targetHints":{"allow":["GET"]}}],"collection":[{"href":"https:\/\/www.europesays.com\/lv\/wp-json\/wp\/v2\/posts"}],"about":[{"href":"https:\/\/www.europesays.com\/lv\/wp-json\/wp\/v2\/types\/post"}],"author":[{"embeddable":true,"href":"https:\/\/www.europesays.com\/lv\/wp-json\/wp\/v2\/users\/2"}],"replies":[{"embeddable":true,"href":"https:\/\/www.europesays.com\/lv\/wp-json\/wp\/v2\/comments?post=21598"}],"version-history":[{"count":0,"href":"https:\/\/www.europesays.com\/lv\/wp-json\/wp\/v2\/posts\/21598\/revisions"}],"wp:featuredmedia":[{"embeddable":true,"href":"https:\/\/www.europesays.com\/lv\/wp-json\/wp\/v2\/media\/21599"}],"wp:attachment":[{"href":"https:\/\/www.europesays.com\/lv\/wp-json\/wp\/v2\/media?parent=21598"}],"wp:term":[{"taxonomy":"category","embeddable":true,"href":"https:\/\/www.europesays.com\/lv\/wp-json\/wp\/v2\/categories?post=21598"},{"taxonomy":"post_tag","embeddable":true,"href":"https:\/\/www.europesays.com\/lv\/wp-json\/wp\/v2\/tags?post=21598"}],"curies":[{"name":"wp","href":"https:\/\/api.w.org\/{rel}","templated":true}]}}