{"id":21600,"date":"2025-10-15T08:18:15","date_gmt":"2025-10-15T08:18:15","guid":{"rendered":"https:\/\/www.europesays.com\/lv\/21600\/"},"modified":"2025-10-15T08:18:15","modified_gmt":"2025-10-15T08:18:15","slug":"trampu-ukraina-interese-tikai-nobela-premija","status":"publish","type":"post","link":"https:\/\/www.europesays.com\/lv\/21600\/","title":{"rendered":"Trampu Ukrain\u0101 interes\u0113 tikai Nobela pr\u0113mija"},"content":{"rendered":"<p>ASV vald\u012bbas retorika attiec\u012bb\u0101 uz karu Ukrain\u0101 bie\u017ei vien ir pretrun\u012bga. K\u0101di, j\u016bsupr\u0101t, ir Trampa administr\u0101cijas m\u0113r\u0137i un sarkan\u0101s l\u012bnijas \u0161\u012b konflikta kontekst\u0101?<\/p>\n<p>Ja v\u0113laties izprast to, k\u0101 att\u012bst\u012bjusies Donalda Trampa pieeja Krievijai, jums j\u0101atgrie\u017eas pie b\u0113d\u012bgi slaven\u0101s telefonsarunas ar Volodimiru Zelenski 2019. gad\u0101, kas izrais\u012bja Trampa pirmo imp\u012b\u010dmentu, \u2013 Ukrainu vi\u0146\u0161 vienm\u0113r asoci\u0113 ar to. \u0160aj\u0101 telefonsarun\u0101 Tramps saka Zelenskim, ka apmai\u0146\u0101 pret iero\u010du pieg\u0101d\u0113m, par kur\u0101m <a href=\"https:\/\/www.tvnet.lv\/term\/555410\/asv\" class=\"topicLink\" target=\"_blank\" rel=\"nofollow noopener\">ASV<\/a> Kongress jau ir samaks\u0101jis, vi\u0146am j\u0101uzrok kompromit\u0113jo\u0161a inform\u0101cija par D\u017eo Baidenu. P\u0101rsteidzo\u0161i, ka \u0161\u012bs sarunas izrakstu pat nevajadz\u0113ja nopludin\u0101t \u2013 t\u0101 tika ofici\u0101li public\u0113ta, jo Tramps ac\u012bmredzot nedom\u0101ja, ka to var\u0113tu uztvert k\u0101 ko sliktu. Ta\u010du tas izrais\u012bja pirmo imp\u012b\u010dmentu. T\u0101tad Tramps asoci\u0113 Zelenski ar to, ka vi\u0146\u0161 nepiekrita izpal\u012bdz\u0113t un v\u0113l sag\u0101d\u0101ja lielas nepatik\u0161anas. Dom\u0101jot par Ukrainu, Tramps sav\u0101 galv\u0101 redz\u0113ja tikai \u0161o si\u017eetu. T\u0101s \u0161ausmas, kas realit\u0101t\u0113 notika Ukrain\u0101, Tramps \u012bsti neizjuta.<\/p>\n","protected":false},"excerpt":{"rendered":"ASV vald\u012bbas retorika attiec\u012bb\u0101 uz karu Ukrain\u0101 bie\u017ei vien ir pretrun\u012bga. K\u0101di, j\u016bsupr\u0101t, ir Trampa administr\u0101cijas m\u0113r\u0137i un&hellip;\n","protected":false},"author":2,"featured_media":21601,"comment_status":"","ping_status":"","sticky":false,"template":"","format":"standard","meta":{"footnotes":""},"categories":[14],"tags":[23,57,292,28,29,542,32,33,22,30,31,35,39,38,36,37,34,40,20,26,27,5222,24,25,6818,2238,54,55,56,21,58],"class_list":{"0":"post-21600","1":"post","2":"type-post","3":"status-publish","4":"format-standard","5":"has-post-thumbnail","7":"category-zinas-no-arvalstim","8":"tag-aktualitates","9":"tag-arvalstim","10":"tag-asv","11":"tag-breaking-news","12":"tag-breakingnews","13":"tag-donalds-tramps","14":"tag-featured-news","15":"tag-featurednews","16":"tag-headlines","17":"tag-latest-news","18":"tag-latestnews","19":"tag-latvia","20":"tag-latvian","21":"tag-latviesu","22":"tag-latviesu-valoda","23":"tag-latviesuvaloda","24":"tag-latvija","25":"tag-lv","26":"tag-news","27":"tag-popularakas-zinas","28":"tag-popularakaszinas","29":"tag-rigas-konference","30":"tag-top-stories","31":"tag-topstories","32":"tag-tvnet-intervijas","33":"tag-tvnet-arvalstis","34":"tag-world","35":"tag-world-news","36":"tag-worldnews","37":"tag-zinas","38":"tag-zinas-no-arvalstim"},"share_on_mastodon":{"url":"","error":""},"_links":{"self":[{"href":"https:\/\/www.europesays.com\/lv\/wp-json\/wp\/v2\/posts\/21600","targetHints":{"allow":["GET"]}}],"collection":[{"href":"https:\/\/www.europesays.com\/lv\/wp-json\/wp\/v2\/posts"}],"about":[{"href":"https:\/\/www.europesays.com\/lv\/wp-json\/wp\/v2\/types\/post"}],"author":[{"embeddable":true,"href":"https:\/\/www.europesays.com\/lv\/wp-json\/wp\/v2\/users\/2"}],"replies":[{"embeddable":true,"href":"https:\/\/www.europesays.com\/lv\/wp-json\/wp\/v2\/comments?post=21600"}],"version-history":[{"count":0,"href":"https:\/\/www.europesays.com\/lv\/wp-json\/wp\/v2\/posts\/21600\/revisions"}],"wp:featuredmedia":[{"embeddable":true,"href":"https:\/\/www.europesays.com\/lv\/wp-json\/wp\/v2\/media\/21601"}],"wp:attachment":[{"href":"https:\/\/www.europesays.com\/lv\/wp-json\/wp\/v2\/media?parent=21600"}],"wp:term":[{"taxonomy":"category","embeddable":true,"href":"https:\/\/www.europesays.com\/lv\/wp-json\/wp\/v2\/categories?post=21600"},{"taxonomy":"post_tag","embeddable":true,"href":"https:\/\/www.europesays.com\/lv\/wp-json\/wp\/v2\/tags?post=21600"}],"curies":[{"name":"wp","href":"https:\/\/api.w.org\/{rel}","templated":true}]}}