{"id":21627,"date":"2025-10-15T08:57:09","date_gmt":"2025-10-15T08:57:09","guid":{"rendered":"https:\/\/www.europesays.com\/lv\/21627\/"},"modified":"2025-10-15T08:57:09","modified_gmt":"2025-10-15T08:57:09","slug":"visu-laiku-dzivoju-starp-sapem-un-spazmam","status":"publish","type":"post","link":"https:\/\/www.europesays.com\/lv\/21627\/","title":{"rendered":"Visu laiku dz\u012bvoju starp s\u0101p\u0113m un spazm\u0101m"},"content":{"rendered":"<p>&#8220;Rad\u0101s ar\u012b milz\u012bga netaisn\u012bbas izj\u016bta &#8211; ka visu manu dz\u012bvi ietekm\u0113 kas t\u0101ds, ko es k\u0101 mazs b\u0113rns neizv\u0113l\u0113jos (Inga piedz\u012bvojusi seksu\u0101lu vardarb\u012bbu &#8211; red.). Nevar\u0113ju ne palas\u012bt, ne kaut ko paskat\u012bties, pat sarunas un labas emocijas dzemdes muskulim lika str\u0101d\u0101t,&#8221; atminas Ungure.<\/p>\n<p>&#8220;Visu laiku dz\u012bvoju starp s\u0101p\u0113m un spazm\u0101m. No vienas puses, saproti, ka tev ir j\u0101saglab\u0101 miers, bet t\u0101 miera nav. Tas ir \u012bpatn\u0113js un \u0137ermenim \u013coti sare\u017e\u0123\u012bts uzdevums.<\/p>\n<blockquote class=\"quote ck-widget\" contenteditable=\"false\">\n<p>Kad Grieti\u0146a par\u0101d\u012bja, ka vi\u0146a tom\u0113r \u013coti grib dz\u012bvot, nol\u0113mu &#8211; es nedr\u012bkstu padoties. Vi\u0146a mani \u013coti motiv\u0113ja,&#8221; atkl\u0101j Inga.<\/p>\n<\/blockquote>\n<p>&#8220;Atceros, k\u0101 p\u0113c vis\u0101m piedz\u012bvotaj\u0101m gr\u016bt\u012bb\u0101m mums visiem bija tik liela laimes izj\u016bta un es gul\u0113ju &#8211; pie vieniem s\u0101niem maz\u0101 meiti\u0146a, pie otriem lielais d\u0113ls. Visapk\u0101rt t\u0101da m\u012blest\u012bba! B\u0113rns ir ekskluz\u012bva, dz\u012bves dota d\u0101vana. Man ir laime pieredz\u0113t divus da\u017e\u0101dus dzimumus, turkl\u0101t ar tik lielu vecuma starp\u012bbu, un pati esmu \u013coti main\u012bjusies &#8211; ir jaunas atzi\u0146as, dz\u012bves priorit\u0101tes, kvalit\u0101tes. Abas ir labas, bet \u013coti da\u017e\u0101das skolas,&#8221; savu st\u0101stu nosl\u0113dz Inga.<\/p>\n<p><img decoding=\"async\" class=\"figure__image\" onclick=\"triggerEvent('articleImageClick', { id: 17211288, focus: 'single-image', focusIndex: '17211288' })\" onkeydown=\"if (event.key === 'Enter') {&#10;        triggerEvent('articleImageClick', { id: 17211288, focus: 'single-image', focusIndex: '17211288' })&#10;        }\" role=\"button\" tabindex=\"0\" data-focus-from=\"single-image\" data-focus-index=\"17211288\" src=\"https:\/\/www.europesays.com\/lv\/wp-content\/uploads\/2025\/10\/17211288t1h2f99.png\" onload=\"this.parentElement.classList.remove('figure__image-loading')\" alt=\"Inga Ungure ar d\u0113lu un meitu.\"\/>Inga Ungure ar d\u0113lu un meitu. Foto: www.facebook.com\/Inga Ungure\/ekr\u0101nuzn\u0113mums<\/p>\n<p>Par Ingas un Gata attiec\u012bb\u0101m publiski k\u013cuva zin\u0101ms p\u0113rn &#8211; abi kop\u0101 film\u0113j\u0101s &#8220;Melnaj\u0101 samt\u0101&#8221;.<\/p>\n<p>Iepriek\u0161 Tropa bija prec\u0113jusies ar m\u0101kslinieku Mi\u0137eli Fi\u0161eru &#8211; abi satuvin\u0101j\u0101s 2016. gad\u0101 un apprec\u0113j\u0101s 2020. gad\u0101, ta\u010du 2022. gada vasar\u0101 k\u013cuva zin\u0101ms, ka abi g\u0101ju\u0161i katrs savu ce\u013cu. Fi\u0161ers p\u0113c tam atkal apprec\u0113j\u0101s, par sievu ap\u0146emot komponisti Annu \u0136irsi.<\/p>\n<p>Jau v\u0113st\u012bts, ka Ingai jau ir viens d\u0113ls \u2013 Mihels Vimba, kura t\u0113vs ir Tropas k\u0101dreiz\u0113jais dz\u012bvesbiedrs re\u017eisors Ren\u0101rs Vimba.<\/p>\n<p>Vair\u0101k lasi \u017eurn\u0101la <a target=\"_blank\" rel=\"noopener noreferrer nofollow\" href=\"https:\/\/www.santa.lv\">&#8220;Ieva&#8221;<\/a> 15. oktobra numur\u0101!<\/p>\n","protected":false},"excerpt":{"rendered":"&#8220;Rad\u0101s ar\u012b milz\u012bga netaisn\u012bbas izj\u016bta &#8211; ka visu manu dz\u012bvi ietekm\u0113 kas t\u0101ds, ko es k\u0101 mazs b\u0113rns&hellip;\n","protected":false},"author":2,"featured_media":21628,"comment_status":"","ping_status":"","sticky":false,"template":"","format":"standard","meta":{"footnotes":""},"categories":[19],"tags":[89,90,35,39,38,36,37,34,1429,40],"class_list":{"0":"post-21627","1":"post","2":"type-post","3":"status-publish","4":"format-standard","5":"has-post-thumbnail","7":"category-izklaide","8":"tag-entertainment","9":"tag-izklaide","10":"tag-latvia","11":"tag-latvian","12":"tag-latviesu","13":"tag-latviesu-valoda","14":"tag-latviesuvaloda","15":"tag-latvija","16":"tag-latvijas-zurnali","17":"tag-lv"},"share_on_mastodon":{"url":"","error":""},"_links":{"self":[{"href":"https:\/\/www.europesays.com\/lv\/wp-json\/wp\/v2\/posts\/21627","targetHints":{"allow":["GET"]}}],"collection":[{"href":"https:\/\/www.europesays.com\/lv\/wp-json\/wp\/v2\/posts"}],"about":[{"href":"https:\/\/www.europesays.com\/lv\/wp-json\/wp\/v2\/types\/post"}],"author":[{"embeddable":true,"href":"https:\/\/www.europesays.com\/lv\/wp-json\/wp\/v2\/users\/2"}],"replies":[{"embeddable":true,"href":"https:\/\/www.europesays.com\/lv\/wp-json\/wp\/v2\/comments?post=21627"}],"version-history":[{"count":0,"href":"https:\/\/www.europesays.com\/lv\/wp-json\/wp\/v2\/posts\/21627\/revisions"}],"wp:featuredmedia":[{"embeddable":true,"href":"https:\/\/www.europesays.com\/lv\/wp-json\/wp\/v2\/media\/21628"}],"wp:attachment":[{"href":"https:\/\/www.europesays.com\/lv\/wp-json\/wp\/v2\/media?parent=21627"}],"wp:term":[{"taxonomy":"category","embeddable":true,"href":"https:\/\/www.europesays.com\/lv\/wp-json\/wp\/v2\/categories?post=21627"},{"taxonomy":"post_tag","embeddable":true,"href":"https:\/\/www.europesays.com\/lv\/wp-json\/wp\/v2\/tags?post=21627"}],"curies":[{"name":"wp","href":"https:\/\/api.w.org\/{rel}","templated":true}]}}