{"id":21631,"date":"2025-10-15T09:01:13","date_gmt":"2025-10-15T09:01:13","guid":{"rendered":"https:\/\/www.europesays.com\/lv\/21631\/"},"modified":"2025-10-15T09:01:13","modified_gmt":"2025-10-15T09:01:13","slug":"diona-izbeigusi-attiecibas-ar-ivaru-krastu-2","status":"publish","type":"post","link":"https:\/\/www.europesays.com\/lv\/21631\/","title":{"rendered":"Diona izbeigusi attiec\u012bbas ar Ivaru Krastu"},"content":{"rendered":"<p>Abu atiec\u012bbas ir lek\u0101ju\u0161as k\u0101 pa kalniem un lej\u0101m &#8211; te kop\u0101, te atkal \u0161\u0137irti, ta\u010du nu <a href=\"https:\/\/sejas.tvnet.lv\/term\/741674\/diona\" class=\"topicLink\" target=\"_blank\" rel=\"nofollow noopener\">Diona<\/a> pie\u0146\u0113musi l\u0113mumu no Ivara \u0161\u0137irties. J\u016btas arvien vienojot, ta\u010du kop\u0101 k\u0101 p\u0101ris vi\u0146i vairs nedz\u012bvo.<\/p>\n<p>K\u0101 las\u0101ms jaun\u0101kaj\u0101 &#8220;Kas Jauns&#8221; numur\u0101, Diona atvad\u012bjusies ar\u012b no Ivara ka\u0137iem, kas p\u0113c kopdz\u012bves p\u0101rtrauk\u0161anas bija paliku\u0161i vi\u0146as g\u0101d\u012bb\u0101. M\u016bzi\u0137e l\u0113musi adopt\u0113t kuc\u0113nu, l\u012bdz ar to Ivara ka\u0137i nu atgriezu\u0161ies sava s\u0101kotn\u0113j\u0101 saimnieka m\u0101jokl\u012b.<\/p>\n<p>K\u0101 iepriek\u0161 bija zin\u0101ms, p\u0101ris iepazin\u0101s k\u0101d\u0101 ball\u012bt\u0113 2023. gad\u0101.<\/p>\n<p>Vair\u0101k lasi \u017eurn\u0101la &#8220;Kas Jauns&#8221; 14. oktobra numur\u0101!<\/p>\n","protected":false},"excerpt":{"rendered":"Abu atiec\u012bbas ir lek\u0101ju\u0161as k\u0101 pa kalniem un lej\u0101m &#8211; te kop\u0101, te atkal \u0161\u0137irti, ta\u010du nu Diona&hellip;\n","protected":false},"author":2,"featured_media":21632,"comment_status":"","ping_status":"","sticky":false,"template":"","format":"standard","meta":{"footnotes":""},"categories":[12],"tags":[23,28,29,6267,6269,32,33,22,6701,30,31,35,39,38,36,37,34,40,20,26,27,24,25,21],"class_list":{"0":"post-21631","1":"post","2":"type-post","3":"status-publish","4":"format-standard","5":"has-post-thumbnail","7":"category-latvija","8":"tag-aktualitates","9":"tag-breaking-news","10":"tag-breakingnews","11":"tag-diona","12":"tag-diona-liepina","13":"tag-featured-news","14":"tag-featurednews","15":"tag-headlines","16":"tag-ivars-krasts","17":"tag-latest-news","18":"tag-latestnews","19":"tag-latvia","20":"tag-latvian","21":"tag-latviesu","22":"tag-latviesu-valoda","23":"tag-latviesuvaloda","24":"tag-latvija","25":"tag-lv","26":"tag-news","27":"tag-popularakas-zinas","28":"tag-popularakaszinas","29":"tag-top-stories","30":"tag-topstories","31":"tag-zinas"},"share_on_mastodon":{"url":"","error":""},"_links":{"self":[{"href":"https:\/\/www.europesays.com\/lv\/wp-json\/wp\/v2\/posts\/21631","targetHints":{"allow":["GET"]}}],"collection":[{"href":"https:\/\/www.europesays.com\/lv\/wp-json\/wp\/v2\/posts"}],"about":[{"href":"https:\/\/www.europesays.com\/lv\/wp-json\/wp\/v2\/types\/post"}],"author":[{"embeddable":true,"href":"https:\/\/www.europesays.com\/lv\/wp-json\/wp\/v2\/users\/2"}],"replies":[{"embeddable":true,"href":"https:\/\/www.europesays.com\/lv\/wp-json\/wp\/v2\/comments?post=21631"}],"version-history":[{"count":0,"href":"https:\/\/www.europesays.com\/lv\/wp-json\/wp\/v2\/posts\/21631\/revisions"}],"wp:featuredmedia":[{"embeddable":true,"href":"https:\/\/www.europesays.com\/lv\/wp-json\/wp\/v2\/media\/21632"}],"wp:attachment":[{"href":"https:\/\/www.europesays.com\/lv\/wp-json\/wp\/v2\/media?parent=21631"}],"wp:term":[{"taxonomy":"category","embeddable":true,"href":"https:\/\/www.europesays.com\/lv\/wp-json\/wp\/v2\/categories?post=21631"},{"taxonomy":"post_tag","embeddable":true,"href":"https:\/\/www.europesays.com\/lv\/wp-json\/wp\/v2\/tags?post=21631"}],"curies":[{"name":"wp","href":"https:\/\/api.w.org\/{rel}","templated":true}]}}