{"id":216382,"date":"2026-06-02T04:15:09","date_gmt":"2026-06-02T04:15:09","guid":{"rendered":"https:\/\/www.europesays.com\/lv\/216382\/"},"modified":"2026-06-02T04:15:09","modified_gmt":"2026-06-02T04:15:09","slug":"madrides-real-basketbola-klubs-pirms-izslegsanas-spelem-pastiprinas-ar-jaunu-centru-lente-lv","status":"publish","type":"post","link":"https:\/\/www.europesays.com\/lv\/216382\/","title":{"rendered":"Madrides &#8220;Real&#8221; basketbola klubs pirms izsl\u0113g\u0161anas sp\u0113l\u0113m pastiprin\u0101s ar jaunu centru\u00a0\u2014\u00a0Lente.lv"},"content":{"rendered":"<p>Sisoko pievienojas &#8220;Real&#8221; <\/p>\n<p>2025.\/2026. gada ULEB Eirol\u012bgas sezonas vice\u010dempione un Sp\u0101nijas ACB l\u012bgas regul\u0101r\u0101s sezonas uzvar\u0113t\u0101ja Madrides &#8220;Real&#8221; pirms viet\u0113j\u0101 \u010dempion\u0101ta izsl\u0113g\u0161anas sp\u0113l\u0113m ir pastiprin\u0101jusi sast\u0101vu ar 25 gadus veco centru no Mali, Madi Sisoko. Vi\u0146a l\u012bgums ar Sp\u0101nijas grandu nosl\u0113gts l\u012bdz sezonas beig\u0101m, kas \u013caus klubam aizpild\u012bt sast\u0101va tuk\u0161umu garaj\u0101 gal\u0101.<\/p>\n<p>Traumu rad\u012btais izsaukums<\/p>\n<p>Madrides &#8220;Real&#8221; sast\u0101va probl\u0113mas s\u0101k\u0101s p\u0113c tam, kad Ahilleja c\u012bpslas pl\u012bsuma d\u0113\u013c nesp\u0113l\u0113 Usmana Garuba. Papildus tam, ar\u012b pamatcentrs Valters Tavaress un Alekss Lenis iepriek\u0161\u0113j\u0101s izsl\u0113g\u0161anas sp\u0113l\u0113s guvu\u0161i ilgtermi\u0146a traumas, radot nopietnu defic\u012btu centra poz\u012bcij\u0101. Sisoko pievieno\u0161an\u0101s ir strat\u0113\u0123isks solis, lai nodro\u0161in\u0101tu komandas konkur\u0113tsp\u0113ju.<\/p>\n<p>Sisoko debija un statistika<\/p>\n<p>Mad\u012b Sisoko \u0161\u012b ir pirm\u0101 sezona profesion\u0101laj\u0101 basketbol\u0101, iepriek\u0161 sp\u0113l\u0113jot koled\u017eu basketbolu ASV. Vi\u0146\u0161 p\u0101rst\u0101v\u0113ja It\u0101lijas A s\u0113rijas klubu &#8220;Trieste&#8221;, kur 19 regul\u0101r\u0101s sezonas sp\u0113l\u0113s guva vid\u0113ji 10.2 punktus un izc\u012bn\u012bja 7.3 atl\u0113ku\u0161\u0101s bumbas. Savuk\u0101rt tr\u012bs &#8220;play-off&#8221; ma\u010dos vi\u0146a r\u0101d\u012bt\u0101ji bija 11.7 punkti un 8.3 atl\u0113ku\u0161\u0101s bumbas. Sisoko sevi ir apliecin\u0101jis k\u0101 fiziski sp\u0113c\u012bgu sp\u0113l\u0113t\u0101ju, kur\u0161 sp\u0113j c\u012bn\u012bties par atl\u0113ku\u0161aj\u0101m bumb\u0101m un blo\u0137\u0113t metienus.<\/p>\n<p>ACB l\u012bgas izsl\u0113g\u0161anas sp\u0113les<\/p>\n<p>Madrides &#8220;Real&#8221; ar bilanci 26-8 ACB l\u012bgas regul\u0101raj\u0101 sezon\u0101 ie\u0146\u0113ma pirmo vietu. Komanda izsl\u0113g\u0161anas sp\u0113les uzs\u0101ks jau otrdien, 2. j\u016bnij\u0101, pret &#8220;Tenerife&#8221; komandu ceturtda\u013cfin\u0101la s\u0113rij\u0101. Sisoko var\u0113tu piedz\u012bvot debiju jau \u0161aj\u0101 sp\u0113l\u0113. Visas ACB l\u012bgas izsl\u0113g\u0161anas sp\u0113les tiks transl\u0113tas kan\u0101los &#8220;Go3 Sport&#8221;.<\/p>\n<p>Komandas sast\u0101vs<\/p>\n<p>Papildus Sisoko, &#8220;Real&#8221; sast\u0101vu jau iepriek\u0161 papildin\u0101ja ar\u012b turku centrs Omers Jurcevens, t\u0101d\u0113j\u0101di cen\u0161oties kompens\u0113t traumu rad\u012btos zaud\u0113jumus. &#8220;Real&#8221; galvenais treneris ir Serd\u017eo Skariolo.<\/p>\n","protected":false},"excerpt":{"rendered":"Sisoko pievienojas &#8220;Real&#8221; 2025.\/2026. gada ULEB Eirol\u012bgas sezonas vice\u010dempione un Sp\u0101nijas ACB l\u012bgas regul\u0101r\u0101s sezonas uzvar\u0113t\u0101ja Madrides &#8220;Real&#8221;&hellip;\n","protected":false},"author":2,"featured_media":216383,"comment_status":"","ping_status":"","sticky":false,"template":"","format":"standard","meta":{"footnotes":"","_share_on_mastodon":"0"},"categories":[17],"tags":[5600,145,35,39,38,36,37,34,40,38093,4718,67,2120],"class_list":["post-216382","post","type-post","status-publish","format-standard","has-post-thumbnail","category-sports","tag-acb-liga","tag-basketbols","tag-latvia","tag-latvian","tag-latviesu","tag-latviesu-valoda","tag-latviesuvaloda","tag-latvija","tag-lv","tag-madi-sisoko","tag-real-madrid","tag-sports","tag-uleb-eiroliga"],"share_on_mastodon":{"url":"https:\/\/pubeurope.com\/@lv\/116678578934092669","error":""},"_links":{"self":[{"href":"https:\/\/www.europesays.com\/lv\/wp-json\/wp\/v2\/posts\/216382","targetHints":{"allow":["GET"]}}],"collection":[{"href":"https:\/\/www.europesays.com\/lv\/wp-json\/wp\/v2\/posts"}],"about":[{"href":"https:\/\/www.europesays.com\/lv\/wp-json\/wp\/v2\/types\/post"}],"author":[{"embeddable":true,"href":"https:\/\/www.europesays.com\/lv\/wp-json\/wp\/v2\/users\/2"}],"replies":[{"embeddable":true,"href":"https:\/\/www.europesays.com\/lv\/wp-json\/wp\/v2\/comments?post=216382"}],"version-history":[{"count":0,"href":"https:\/\/www.europesays.com\/lv\/wp-json\/wp\/v2\/posts\/216382\/revisions"}],"wp:featuredmedia":[{"embeddable":true,"href":"https:\/\/www.europesays.com\/lv\/wp-json\/wp\/v2\/media\/216383"}],"wp:attachment":[{"href":"https:\/\/www.europesays.com\/lv\/wp-json\/wp\/v2\/media?parent=216382"}],"wp:term":[{"taxonomy":"category","embeddable":true,"href":"https:\/\/www.europesays.com\/lv\/wp-json\/wp\/v2\/categories?post=216382"},{"taxonomy":"post_tag","embeddable":true,"href":"https:\/\/www.europesays.com\/lv\/wp-json\/wp\/v2\/tags?post=216382"}],"curies":[{"name":"wp","href":"https:\/\/api.w.org\/{rel}","templated":true}]}}