{"id":21658,"date":"2025-10-15T09:45:11","date_gmt":"2025-10-15T09:45:11","guid":{"rendered":"https:\/\/www.europesays.com\/lv\/21658\/"},"modified":"2025-10-15T09:45:11","modified_gmt":"2025-10-15T09:45:11","slug":"peksni-atcelts-raimonda-paula-koncerts-satrauc-maestro-talanta-cienitajus","status":"publish","type":"post","link":"https:\/\/www.europesays.com\/lv\/21658\/","title":{"rendered":"P\u0113k\u0161\u0146i atcelts Raimonda Paula koncerts satrauc Maestro talanta cien\u012bt\u0101jus"},"content":{"rendered":"<p style=\"text-align: justify;\">Raimonds Pauls. Foto: Kaspars Dvinskis<\/p>\n<p style=\"text-align: justify;\">Pag\u0101ju\u0161aj\u0101 sv\u0113tdien\u0101 m\u016bzikas nam\u0101 \u201cDaile\u201d negaid\u012bti atcelts koncertuzvedums \u201cPauls un Kei\u0161s. V\u012brie\u0161i lab\u0101kos gados\u201d, pamat\u012bgi satraucot komponista Raimonda Paula talanta cien\u012bt\u0101jus, v\u0113sta \u017eurn\u0101ls \u201cPriv\u0101t\u0101 Dz\u012bve\u201d.<\/p>\n<p style=\"text-align: justify;\">M\u016bzikas nama \u201cDaile\u201d m\u0101jaslap\u0101 bija par\u0101d\u012bjies pazi\u0146ojums, ka iepriek\u0161 neparedz\u0113tu apst\u0101k\u013cu d\u0113\u013c koncerts ir atcelts un par bi\u013cet\u0113m izt\u0113r\u0113t\u0101 nauda tiks atgriezta.<\/p>\n<p style=\"text-align: justify;\">Daudzus \u0161is pazi\u0146ojums dar\u012bja ba\u017e\u012bgus, jo v\u0113l ceturtdien ar st\u0101vov\u0101cij\u0101m VEF Kult\u016bras pil\u012b norit\u0113ja Raimonda Paula un Esgara O\u0161lejas koncerts \u201cAtbalss\u201d, kur\u0101 komponists bija lab\u0101 om\u0101, v\u0113sta izdevums.<\/p>\n<blockquote>\n<p style=\"text-align: center;\">K\u0101da no komponista \u0123imenes sieviet\u0113m izdevumam nor\u0101d\u012bjusi, ka Paulam \u0161obr\u012bd nepiecie\u0161ams miers, ta\u010du jau n\u0101kamned\u0113\u013c vi\u0146\u0161 b\u016b\u0161ot run\u0101jams.<\/p>\n<\/blockquote>\n<p style=\"text-align: justify;\">Savuk\u0101rt m\u016bizkas nama \u201cDaile\u201d direktore Anda Zadovska \u017eurn\u0101lam \u201cPriv\u0101t\u0101 Dz\u012bve\u201d pauda, ka \u201cm\u0101kslinieki apslimu\u0161i. Tagad jau visi slimo. Negribas Maestro moc\u012bt, jo tuv\u0101kaj\u0101s dien\u0101s vi\u0146am paredz\u0113ti divi koncerti.\u201d<\/p>\n<p style=\"text-align: justify;\">Ar\u012b producents J\u0101nis K\u013cavi\u0146\u0161 izdevumam nor\u0101d\u012bjis, ka tuv\u0101kaj\u0101 laik\u0101 paredz\u0113tie Maestro koncerti notiks.<\/p>\n<p style=\"text-align: justify;\">Iepriek\u0161, \u010detrus m\u0113ne\u0161us pirms 90. jubilejas,\u00a0izdevumam \u201cPriv\u0101t\u0101 Dz\u012bve\u201d Maestro Raimonds Pauls\u00a0nor\u0101d\u012bjis: \u201cMani iepriecina jau pats fakts, ka v\u0113l kustos, varu uzst\u0101ties un man apk\u0101rt ir cilv\u0113ki, kas pret mani labi izturas. Kas gan manos gados vair\u0101k vajadz\u012bgs.\u201d<\/p>\n<p style=\"text-align: justify;\">\u201cNav jau vairs k\u0101 agr\u0101k\u2026 Skatuve gan pal\u012bdz justies lab\u0101k, bet katra uzst\u0101\u0161an\u0101s ir liela atbild\u012bba. Man s\u0101k palikt bail, ka vairs nevar\u0113\u0161u koncentr\u0113ties un atcer\u0113ties visu programmu. Paral\u0113li ta\u010du visu laiku ir j\u0101sp\u0113l\u0113,\u201d izdevumam nor\u0101d\u012bjis\u00a0Maestro, kur\u0161 nupat rad\u012bjis divu stundu garu muzik\u0101lu izr\u0101di \u201c\u0160eksp\u012brs. Soneti\u201d. Programmai vi\u0146\u0161 izv\u0113l\u0113jies dzied\u0101t\u0101ju Intaru Busuli un aktieri Andri Kei\u0161u, kuri izr\u0101d\u0113 dzeju gan run\u0101, gan dzied.<\/p>\n<p style=\"text-align: justify;\">Paral\u0113li Maestro s\u0101cis gatavoties savai 90. jubilejai, un v\u0113l pirms lielaj\u0101m svin\u012bb\u0101m vi\u0146\u0161 veido savdab\u012bgu programmu, ko atska\u0146ot, piem\u0113ram, Medic\u012bnas darbinieku dien\u0101. \u201cPar t\u0101d\u0101m liet\u0101m k\u0101 slimn\u012bca un oper\u0101cijas jau nedr\u012bkst smaid\u012bt, bet es to t\u012b\u0161\u0101m daru. Ska\u0146darbiem b\u016bs nosaukumi \u201cPirms oper\u0101cijas\u201d, \u201cP\u0113c oper\u0101cijas\u201d, \u201cPusdienas slimn\u012bc\u0101\u201d, \u201cRadi atn\u0101ku\u0161i\u201d\u2026\u201d izdevumam atkl\u0101j Pauls, piebilstot, ka \u0161\u012b programma adres\u0113ta labam draugam profesoram Andrejam \u0112rglim, kur\u0161 par vi\u0146a vesel\u012bbu ir nomod\u0101 dienu un nakti.<\/p>\n<p style=\"text-align: justify;\">Lasiet ar\u012b:\u00a0<\/p>\n<p style=\"text-align: justify;\"><a style=\"color: #800000;\" href=\"https:\/\/ritakafija.lv\/2025\/10\/14\/es-iesu-lidz-galam-sola-brunavas-pagasta-nosauto-sunu-saimnieks\/\" target=\"_blank\" rel=\"noopener nofollow\">\u00abEs ie\u0161u l\u012bdz galam!\u00bb \u2013 sola Brunavas pagast\u0101 no\u0161auto su\u0146u saimnieks<\/a><\/p>\n<p style=\"text-align: justify;\"><a style=\"color: #800000;\" href=\"https:\/\/ritakafija.lv\/2025\/10\/14\/latvija-radito-zalo-griku-kefiru-atzist-par-vienu-no-inovativakajiem-produktiem-pasaule\/\" target=\"_blank\" rel=\"noopener nofollow\">Latvij\u0101 rad\u012bto\u00a0za\u013co gri\u0137u kef\u012bru atz\u012bst par vienu no inovat\u012bv\u0101kajiem produktiem pasaul\u0113<\/a><\/p>\n<p style=\"text-align: justify;\"><a style=\"color: #800000;\" href=\"https:\/\/ritakafija.lv\/2025\/10\/14\/latvija-ieverojami-pieaudzis-ar-leptospirozi-saslimuso-skaits-viens-cilveks-miris\/\" target=\"_blank\" rel=\"noopener nofollow\">Latvij\u0101 iev\u0113rojami pieaudzis\u00a0ar leptospirozi saslimu\u0161o\u00a0skaits; viens cilv\u0113ks miris<\/a><\/p>\n<p style=\"text-align: justify;\"><a style=\"color: #800000;\" href=\"https:\/\/ritakafija.lv\/2025\/10\/14\/video-kriminala-ekselences-fonda-rezisors-pec-septiniem-gadiem-atgriezies-ar-jaunu-filmu\/\" target=\"_blank\" rel=\"noopener nofollow\">VIDEO |\u00a0Krimin\u0101l\u0101 ekselences fonda\u00a0re\u017eisors p\u0113c septi\u0146iem gadiem atgriezies ar jaunu filmu<\/a><\/p>\n<p style=\"text-align: justify;\"><a style=\"color: #800000;\" href=\"https:\/\/ritakafija.lv\/2025\/10\/14\/man-nelava-pat-pa-logu-skatities-erksku-sova-dalibniece-egija-atklaj-savu-tragisko-dzivesstastu\/\" target=\"_blank\" rel=\"noopener nofollow\">\u00abMan ne\u013c\u0101va pat pa logu skat\u012bties,\u00bb \u2013\u00a0\u0112rk\u0161\u0137u\u00a0\u0161ova dal\u012bbniece Egija atkl\u0101j savu tra\u0123isko dz\u012bvesst\u0101stu<\/a><\/p>\n<p style=\"text-align: justify;\"><a style=\"color: #800000;\" href=\"https:\/\/ritakafija.lv\/2025\/10\/14\/jaunas-iespejas-par-spiti-grutibam-oktobra-horoskops-visam-austrumu-zodiaka-zimem\/\" target=\"_blank\" rel=\"noopener nofollow\">Jaunas iesp\u0113jas par sp\u012bti gr\u016bt\u012bb\u0101m \u2013 oktobra horoskops vis\u0101m Austrumu zodiaka z\u012bm\u0113m<\/a><\/p>\n","protected":false},"excerpt":{"rendered":"Raimonds Pauls. Foto: Kaspars Dvinskis Pag\u0101ju\u0161aj\u0101 sv\u0113tdien\u0101 m\u016bzikas nam\u0101 \u201cDaile\u201d negaid\u012bti atcelts koncertuzvedums \u201cPauls un Kei\u0161s. V\u012brie\u0161i lab\u0101kos&hellip;\n","protected":false},"author":2,"featured_media":21659,"comment_status":"","ping_status":"","sticky":false,"template":"","format":"standard","meta":{"footnotes":""},"categories":[19],"tags":[5391,6880,6881,89,90,202,35,39,38,36,37,34,40,6882,2672,181],"class_list":{"0":"post-21658","1":"post","2":"type-post","3":"status-publish","4":"format-standard","5":"has-post-thumbnail","7":"category-izklaide","8":"tag-andris-keiss","9":"tag-daile","10":"tag-edgars-osleja","11":"tag-entertainment","12":"tag-izklaide","13":"tag-koncerts","14":"tag-latvia","15":"tag-latvian","16":"tag-latviesu","17":"tag-latviesu-valoda","18":"tag-latviesuvaloda","19":"tag-latvija","20":"tag-lv","21":"tag-maestro","22":"tag-raimonds-pauls","23":"tag-veseliba"},"share_on_mastodon":{"url":"","error":""},"_links":{"self":[{"href":"https:\/\/www.europesays.com\/lv\/wp-json\/wp\/v2\/posts\/21658","targetHints":{"allow":["GET"]}}],"collection":[{"href":"https:\/\/www.europesays.com\/lv\/wp-json\/wp\/v2\/posts"}],"about":[{"href":"https:\/\/www.europesays.com\/lv\/wp-json\/wp\/v2\/types\/post"}],"author":[{"embeddable":true,"href":"https:\/\/www.europesays.com\/lv\/wp-json\/wp\/v2\/users\/2"}],"replies":[{"embeddable":true,"href":"https:\/\/www.europesays.com\/lv\/wp-json\/wp\/v2\/comments?post=21658"}],"version-history":[{"count":0,"href":"https:\/\/www.europesays.com\/lv\/wp-json\/wp\/v2\/posts\/21658\/revisions"}],"wp:featuredmedia":[{"embeddable":true,"href":"https:\/\/www.europesays.com\/lv\/wp-json\/wp\/v2\/media\/21659"}],"wp:attachment":[{"href":"https:\/\/www.europesays.com\/lv\/wp-json\/wp\/v2\/media?parent=21658"}],"wp:term":[{"taxonomy":"category","embeddable":true,"href":"https:\/\/www.europesays.com\/lv\/wp-json\/wp\/v2\/categories?post=21658"},{"taxonomy":"post_tag","embeddable":true,"href":"https:\/\/www.europesays.com\/lv\/wp-json\/wp\/v2\/tags?post=21658"}],"curies":[{"name":"wp","href":"https:\/\/api.w.org\/{rel}","templated":true}]}}