{"id":21711,"date":"2025-10-15T11:03:06","date_gmt":"2025-10-15T11:03:06","guid":{"rendered":"https:\/\/www.europesays.com\/lv\/21711\/"},"modified":"2025-10-15T11:03:06","modified_gmt":"2025-10-15T11:03:06","slug":"andris-bulis-pievienojas-sovam-slavenibas-bez-filtra","status":"publish","type":"post","link":"https:\/\/www.europesays.com\/lv\/21711\/","title":{"rendered":"Andris Bulis pievienojas \u0161ovam &#8220;Slaven\u012bbas. Bez filtra&#8221;"},"content":{"rendered":"<p>Andris Bulis apciemos Sandu radio darba viet\u0101, kur ir ar\u012b vi\u0146as jaunais partneris Nauris Brikmanis, ta\u010du, zinot vi\u0146as v\u0113lmi k\u013c\u016bt par aktrisi, Andris aizved\u012bs Sandu uz k\u0101du \u012bpa\u0161u vietu, kas vi\u0146u \u013coti iedvesmos un p\u0101rsteigs, k\u0101 ar\u012b \u013caus izm\u0113\u0123in\u0101t roku un talantu sap\u0146os, ko \u0161obr\u012bd ir izteikusi jau ska\u013ci.<\/p>\n<blockquote class=\"quote ck-widget\" contenteditable=\"false\">\n<p>Savuk\u0101rt tik\u0161an\u0101s ar Andra Bu\u013ca skatuves kol\u0113\u0123i J\u0101ni Jar\u0101nu izv\u0113rt\u012bsies \u012bpa\u0161i emocion\u0101la. \u0160ogad Jar\u0101nam aprit\u0113ja 70 gadi. Aiz muguras bag\u0101ta dz\u012bves pieredze, kas rosina da\u017e\u0101das p\u0101rdomas un secin\u0101jumus.<\/p>\n<\/blockquote>\n<p>Vi\u0146\u0161 p\u0101rsteigs ar atz\u012b\u0161anos, ka savos gados nav nek\u0101ds parastais pension\u0101rs, bet cilv\u0113ks, kur\u0161 dodas p\u0101rg\u0101jienos, k\u0101pj kalnos, aizraujas ar golfu un m\u0101kslu. Tom\u0113r ir ar\u012b vair\u0101kas dz\u012bves s\u0101pes, kas saist\u0101s ar vi\u0146a meit\u0101m. Jar\u0101ns \u013causies emocij\u0101m un atkl\u0101s Andrim to, par ko sirds ir s\u0101p\u0113jusi ilgi.<\/p>\n<p>Nepalaid gar\u0101m! Jaun\u0101 rubrika &#8220;Aktu\u0101li. Bez filtra&#8221; ar Andri Buli skat\u012bt\u0101jus priec\u0113s \u0161ov\u0101 &#8220;Slaven\u012bbas. Bez filtra&#8221; jau no 15. oktobra plkst. 19:20 kan\u0101l\u0101 STV Pirm\u0101!<\/p>\n","protected":false},"excerpt":{"rendered":"Andris Bulis apciemos Sandu radio darba viet\u0101, kur ir ar\u012b vi\u0146as jaunais partneris Nauris Brikmanis, ta\u010du, zinot vi\u0146as&hellip;\n","protected":false},"author":2,"featured_media":21712,"comment_status":"","ping_status":"","sticky":false,"template":"","format":"standard","meta":{"footnotes":""},"categories":[19],"tags":[5903,89,90,35,39,38,36,37,34,40,95],"class_list":{"0":"post-21711","1":"post","2":"type-post","3":"status-publish","4":"format-standard","5":"has-post-thumbnail","7":"category-izklaide","8":"tag-andris-bulis","9":"tag-entertainment","10":"tag-izklaide","11":"tag-latvia","12":"tag-latvian","13":"tag-latviesu","14":"tag-latviesu-valoda","15":"tag-latviesuvaloda","16":"tag-latvija","17":"tag-lv","18":"tag-slavenibas-bez-filtra"},"share_on_mastodon":{"url":"","error":""},"_links":{"self":[{"href":"https:\/\/www.europesays.com\/lv\/wp-json\/wp\/v2\/posts\/21711","targetHints":{"allow":["GET"]}}],"collection":[{"href":"https:\/\/www.europesays.com\/lv\/wp-json\/wp\/v2\/posts"}],"about":[{"href":"https:\/\/www.europesays.com\/lv\/wp-json\/wp\/v2\/types\/post"}],"author":[{"embeddable":true,"href":"https:\/\/www.europesays.com\/lv\/wp-json\/wp\/v2\/users\/2"}],"replies":[{"embeddable":true,"href":"https:\/\/www.europesays.com\/lv\/wp-json\/wp\/v2\/comments?post=21711"}],"version-history":[{"count":0,"href":"https:\/\/www.europesays.com\/lv\/wp-json\/wp\/v2\/posts\/21711\/revisions"}],"wp:featuredmedia":[{"embeddable":true,"href":"https:\/\/www.europesays.com\/lv\/wp-json\/wp\/v2\/media\/21712"}],"wp:attachment":[{"href":"https:\/\/www.europesays.com\/lv\/wp-json\/wp\/v2\/media?parent=21711"}],"wp:term":[{"taxonomy":"category","embeddable":true,"href":"https:\/\/www.europesays.com\/lv\/wp-json\/wp\/v2\/categories?post=21711"},{"taxonomy":"post_tag","embeddable":true,"href":"https:\/\/www.europesays.com\/lv\/wp-json\/wp\/v2\/tags?post=21711"}],"curies":[{"name":"wp","href":"https:\/\/api.w.org\/{rel}","templated":true}]}}