{"id":217148,"date":"2026-06-02T19:26:10","date_gmt":"2026-06-02T19:26:10","guid":{"rendered":"https:\/\/www.europesays.com\/lv\/217148\/"},"modified":"2026-06-02T19:26:10","modified_gmt":"2026-06-02T19:26:10","slug":"pirms-pasaules-kausa-finalturnira-sveices-futbola-izlases-uzbrucejam-radusas-vizas-problemas","status":"publish","type":"post","link":"https:\/\/www.europesays.com\/lv\/217148\/","title":{"rendered":"Pirms Pasaules kausa fin\u0101lturn\u012bra \u0160veices futbola izlases uzbruc\u0113jam radu\u0161\u0101s v\u012bzas probl\u0113mas"},"content":{"rendered":"<p>Sestdien \u0160veices izlase sav\u0101 p\u0113d\u0113j\u0101 p\u0101rbaudes sp\u0113l\u0113 pirms turn\u012bra tiksies ar Austr\u0101liju.<\/p>\n<p>\u0160veices v\u012brie\u0161u futbola izlases sast\u0101vs:<\/p>\n<p>v\u0101rtsargi &#8211; Gregors Kobels (Dortmundes &#8220;Borussia&#8221;, V\u0101cija), Ivons Mvogo (&#8220;Lorient&#8221;, Francija), Marvins Kellers (Bernes &#8220;Young Boys&#8221;, <a href=\"https:\/\/www.apollo.lv\/term\/555459\/sveice\" class=\"topicLink\" target=\"_blank\" rel=\"nofollow noopener\">\u0160veice<\/a>);<\/p>\n<p>aizsargi &#8211; Maneuls Akand\u017ei (Mil\u0101nas &#8220;Inter&#8221;, It\u0101lija), Niko Elvedi (Menhengladbahas &#8220;Borussia&#8221;, V\u0101cija), Rikardo Rodrigess (Seviljas &#8220;Real Betis&#8221;, Sp\u0101nija), Silvans Vidmers (&#8220;Mainz 05&#8221;, V\u0101cija), Miro Muheims (Hamburgas SV, V\u0101cija), Orels Amend\u0101 (Frankfurtes &#8220;Eintrach&#8221;, V\u0101cija), Erajs Kemerts (&#8220;Valencia&#8221;, Sp\u0101nija), Luka \u017dakess (&#8220;VfB Stuttgart&#8221;, V\u0101cija);<\/p>\n<p>pussargi &#8211; Granits D\u017eaka (&#8220;Sunderland&#8221;, Anglija), D\u017eoans Manzabi (&#8220;Freiburg&#8221;, V\u0101cija), Remo Freilers (&#8220;Bologna&#8221;, It\u0101lija), Deniss Zakarija (&#8220;Monaco&#8221;, Francija), Ardons Ja\u0161ari (&#8220;AC Milan&#8221;, It\u0101lija), D\u017eibrils Sovs, Rubens Vargass (abi &#8211; &#8220;Sevilla&#8221;, Sp\u0101nija), Kristians Fasnahts (Bernes &#8220;Young Boys&#8221;, \u0160veice), Mi\u0161els Ebi\u0161ers (&#8220;Pisa&#8221;, It\u0101lija), Fabians R\u012bders (&#8220;Augsburg&#8221;, V\u0101cija);<\/p>\n<p>uzbruc\u0113ji &#8211; Br\u0113ls Embolo (&#8220;Stade Rennais&#8221;, Francija), Noa Okafors (L\u012bdsas &#8220;United&#8221;, Anglija), Dans Ndoj\u0113 (&#8220;Nottingham Forest&#8221;, Anglija), Zeki Amduni (&#8220;Burnley&#8221;, Anglija), Sedriks Itens (Diseldorfas &#8220;Fortuna&#8221;, V\u0101cija).<\/p>\n","protected":false},"excerpt":{"rendered":"Sestdien \u0160veices izlase sav\u0101 p\u0113d\u0113j\u0101 p\u0101rbaudes sp\u0113l\u0113 pirms turn\u012bra tiksies ar Austr\u0101liju. \u0160veices v\u012brie\u0161u futbola izlases sast\u0101vs: v\u0101rtsargi&hellip;\n","protected":false},"author":2,"featured_media":217149,"comment_status":"","ping_status":"","sticky":false,"template":"","format":"standard","meta":{"footnotes":"","_share_on_mastodon":"0"},"categories":[17],"tags":[1375,35,39,38,36,37,34,40,3983,67,7239],"class_list":["post-217148","post","type-post","status-publish","format-standard","has-post-thumbnail","category-sports","tag-futbols-pasaule","tag-latvia","tag-latvian","tag-latviesu","tag-latviesu-valoda","tag-latviesuvaloda","tag-latvija","tag-lv","tag-pasaules-kauss-futbola","tag-sports","tag-sveice"],"share_on_mastodon":{"url":"https:\/\/pubeurope.com\/@lv\/116682161224894721","error":""},"_links":{"self":[{"href":"https:\/\/www.europesays.com\/lv\/wp-json\/wp\/v2\/posts\/217148","targetHints":{"allow":["GET"]}}],"collection":[{"href":"https:\/\/www.europesays.com\/lv\/wp-json\/wp\/v2\/posts"}],"about":[{"href":"https:\/\/www.europesays.com\/lv\/wp-json\/wp\/v2\/types\/post"}],"author":[{"embeddable":true,"href":"https:\/\/www.europesays.com\/lv\/wp-json\/wp\/v2\/users\/2"}],"replies":[{"embeddable":true,"href":"https:\/\/www.europesays.com\/lv\/wp-json\/wp\/v2\/comments?post=217148"}],"version-history":[{"count":0,"href":"https:\/\/www.europesays.com\/lv\/wp-json\/wp\/v2\/posts\/217148\/revisions"}],"wp:featuredmedia":[{"embeddable":true,"href":"https:\/\/www.europesays.com\/lv\/wp-json\/wp\/v2\/media\/217149"}],"wp:attachment":[{"href":"https:\/\/www.europesays.com\/lv\/wp-json\/wp\/v2\/media?parent=217148"}],"wp:term":[{"taxonomy":"category","embeddable":true,"href":"https:\/\/www.europesays.com\/lv\/wp-json\/wp\/v2\/categories?post=217148"},{"taxonomy":"post_tag","embeddable":true,"href":"https:\/\/www.europesays.com\/lv\/wp-json\/wp\/v2\/tags?post=217148"}],"curies":[{"name":"wp","href":"https:\/\/api.w.org\/{rel}","templated":true}]}}