{"id":217154,"date":"2026-06-02T19:32:12","date_gmt":"2026-06-02T19:32:12","guid":{"rendered":"https:\/\/www.europesays.com\/lv\/217154\/"},"modified":"2026-06-02T19:32:12","modified_gmt":"2026-06-02T19:32:12","slug":"stolcermanis-macisimies-no-sis-grutas-nedelas-nogales-un-turpinasim-cinities-f1lv-blogs","status":"publish","type":"post","link":"https:\/\/www.europesays.com\/lv\/217154\/","title":{"rendered":"\u0160tolcermanis: &#8220;M\u0101c\u012bsimies no \u0161\u012bs gr\u016bt\u0101s ned\u0113\u013cas nogales un turpin\u0101sim c\u012bn\u012bties&#8221; : F1LV Blogs"},"content":{"rendered":"<p>\u201cFormula Regional\u201d Eiropas \u010dempion\u0101ta (FREC) sezonas tre\u0161ais posms, kas norisin\u0101j\u0101s le\u0123end\u0101raj\u0101 Sp\u0101-Franko\u0161ampas tras\u0113 Be\u013c\u0123ij\u0101, Tomasam \u0160tolcermanim izv\u0113rt\u0101s par milz\u012bgu p\u0101rbaud\u012bjumu.<\/p>\n<p>Main\u012bgie un neparedzamie laikapst\u0101k\u013ci, kas iek\u013c\u0101va gan svelmi, gan sp\u0113c\u012bgas lietusg\u0101zes, ieviesa korekcijas sacens\u012bbu grafik\u0101, bet \u0160tolcermanim visas ned\u0113\u013cas nogales garum\u0101 neizdev\u0101s atrast nepiecie\u0161amo \u0101trumu.<\/p>\n<p>K\u0101 atzina pats sportists, probl\u0113mas s\u0101k\u0101s jau ar kvalifik\u0101ciju, kas liedza cer\u0113t uz augst\u0101m viet\u0101m fin\u0101lbraucienos. \u201c\u013boti gr\u016bta ned\u0113\u013cas nogale. Kop\u0161 br\u012bvajiem treni\u0146braucieniem, kurus izmantoj\u0101m, lai m\u0101c\u012btos un pilnveidotos, mums nedaudz tr\u016bka \u0101truma. Pirm\u0101 kvalifik\u0101cija bija diezgan sare\u017e\u0123\u012bta. Negaid\u012bti izbrauc\u0101m tras\u0113 pirmie un n\u0101c\u0101s veikt divus \u013coti l\u0113nus ap\u013cus, gaidot, kad k\u0101ds mani apdz\u012bs, kas ietekm\u0113ja riepu uzsild\u012b\u0161anu. L\u012bdz br\u012bdim, kad s\u0101ku braukt \u0101tri, riepas bija p\u0101r\u0101k aukstas un t\u0101m vienk\u0101r\u0161i nebija pietiekami daudz sa\u0137eres,\u201d skaidroja \u0160tolcermanis.<\/p>\n<p>Pirmaj\u0101 braucien\u0101 sestdien, kas norisin\u0101j\u0101s slapjos apst\u0101k\u013cos, \u0160tolcermanis cent\u0101s uzlabot savu poz\u012bciju, start\u0113jot no 20. vietas. \u201cSestdienas p\u0113cpusdienas pirmais brauciens bija slapj\u0161, bet braucams. Start\u0113ju diezgan t\u0101lu aizmugur\u0113, s\u0101kum\u0101 veicu divus labus ap\u013cus, apdzenot vair\u0101kas ma\u0161\u012bnas, bet diem\u017e\u0113l sa\u0137ere pazuda un maz ko var\u0113ju lietas lab\u0101 dar\u012bt,\u201d vi\u0146\u0161 sac\u012bja. Fini\u0161\u0101 Tomass ie\u0146\u0113ma 16. vietu.<\/p>\n<p>Sv\u0113tdienas otrais brauciens izr\u0101d\u012bj\u0101s v\u0113l sare\u017e\u0123\u012bt\u0101ks. \u201cOtr\u0101 kvalifik\u0101cija bija gandr\u012bz piln\u012bb\u0101 sausa, bet atkal sare\u017e\u0123\u012bta. Iesild\u012b\u0161an\u0101s, trases poz\u012bcija un dzeltenie karogi \u2013 viss darboj\u0101s pret mums. Otrais brauciens bija diezgan nom\u0101co\u0161s. Es veicu sol\u012bdu startu un m\u0113\u0123in\u0101ju apbraukt konkurentus pa \u0101rmalu, bet proces\u0101 tiku izstumts. M\u0113s daudz m\u0101c\u012bsimies no \u0161\u012bs gr\u016bt\u0101s ned\u0113\u013cas nogales un turpin\u0101sim c\u012bn\u012bties,\u201d atzina \u0160tolcermanis. Sac\u012bksti vi\u0146\u0161 nosl\u0113dza 27. viet\u0101.<\/p>\n<p>\u0160is posms \u201cPrema Racing\u201d komandas pilotam ne\u013c\u0101va papildin\u0101t punktu kr\u0101jumu kopv\u0113rt\u0113jum\u0101 \u2013 \u0161obr\u012bd vi\u0146\u0161 atkritis uz 18. poz\u012bciju. FREC \u010dempion\u0101ta ceturtais posms norisin\u0101sies no 19. l\u012bdz 21. j\u016bnijam Moncas tras\u0113 It\u0101lij\u0101.<\/p>\n<p>FREC kopv\u0113rt\u0113jums p\u0113c 3. posma:<\/p>\n<tr>\n<td>Vieta<\/td>\n<td>Pilots<\/td>\n<td>Komanda<\/td>\n<td>Punkti<\/td>\n<\/tr>\n<tr>\n<td>1.<\/td>\n<td>Rashid Al Dhaheri<\/td>\n<td>R-ace GP<\/td>\n<td>94<\/td>\n<\/tr>\n<tr>\n<td>2.<\/td>\n<td>Sebastian Wheldon<\/td>\n<td>MP Motorsport<\/td>\n<td>93<\/td>\n<\/tr>\n<tr>\n<td>3.<\/td>\n<td>Kean Nakamura-Berta<\/td>\n<td>Prema Racing<\/td>\n<td>81<\/td>\n<\/tr>\n<tr>\n<td>4.<\/td>\n<td>Reno Francot<\/td>\n<td>CL Motorsport<\/td>\n<td>70<\/td>\n<\/tr>\n<tr>\n<td>5.<\/td>\n<td>Alex Ninovic<\/td>\n<td>Rodin Motorsport<\/td>\n<td>41<\/td>\n<\/tr>\n<tr>\n<td>6.<\/td>\n<td>Emanuele Olivieri<\/td>\n<td>R-ace GP<\/td>\n<td>40<\/td>\n<\/tr>\n<tr>\n<td>7.<\/td>\n<td>Alexandre Munoz<\/td>\n<td>ART Grand Prix<\/td>\n<td>37<\/td>\n<\/tr>\n<tr>\n<td>8.<\/td>\n<td>Maximilian Popov<\/td>\n<td>Trident Motorsport<\/td>\n<td>35<\/td>\n<\/tr>\n<tr>\n<td>9.<\/td>\n<td>Alexander Abkhazava<\/td>\n<td>MP Motorsport<\/td>\n<td>32<\/td>\n<\/tr>\n<tr>\n<td>10.<\/td>\n<td>Zhenrui Chi<\/td>\n<td>MP Motorsport<\/td>\n<td>32<\/td>\n<\/tr>\n<tr>\n<td>11.<\/td>\n<td>Salim Hanna<\/td>\n<td>Prema Racing<\/td>\n<td>31<\/td>\n<\/tr>\n<tr>\n<td>12.<\/td>\n<td>Dion Gowda<\/td>\n<td>Van Amersfoort Racing<\/td>\n<td>19<\/td>\n<\/tr>\n<tr>\n<td>13.<\/td>\n<td>Reza Seewooruthun<\/td>\n<td>Rodin Motorsport<\/td>\n<td>13<\/td>\n<\/tr>\n<tr>\n<td>14.<\/td>\n<td>Yuki Sano<\/td>\n<td>R-ace GP<\/td>\n<td>13<\/td>\n<\/tr>\n<tr>\n<td>15.<\/td>\n<td>Jan Przyrowski<\/td>\n<td>RPM<\/td>\n<td>12<\/td>\n<\/tr>\n<tr>\n<td>16.<\/td>\n<td>Kai Daryanani<\/td>\n<td>Trident Motorsport<\/td>\n<td>9<\/td>\n<\/tr>\n<tr>\n<td>17.<\/td>\n<td>Gabriel Gomez<\/td>\n<td>Rodin Motorsport<\/td>\n<td>8<\/td>\n<\/tr>\n<tr>\n<td>18.<\/td>\n<td>Tomass \u0160tolcermanis<\/td>\n<td>Prema Racing<\/td>\n<td>7<\/td>\n<\/tr>\n<tr>\n<td>19.<\/td>\n<td>Marcus S\u00e6ter<\/td>\n<td>G4 Racing<\/td>\n<td>6<\/td>\n<\/tr>\n<tr>\n<td>20.<\/td>\n<td>Miguel Costa<\/td>\n<td>RPM<\/td>\n<td>4<\/td>\n<\/tr>\n<tr>\n<td>21.<\/td>\n<td>Francisco Macedo<\/td>\n<td>Van Amersfoort Racing<\/td>\n<td>2<\/td>\n<\/tr>\n<tr>\n<td>22.<\/td>\n<td>Andrea Dup\u00e9<\/td>\n<td>Van Amersfoort Racing<\/td>\n<td>0<\/td>\n<\/tr>\n<tr>\n<td>23.<\/td>\n<td>Andrija Kosti\u0107<\/td>\n<td>Trident Motorsport<\/td>\n<td>0<\/td>\n<\/tr>\n<tr>\n<td>24.<\/td>\n<td>Jules Roussel<\/td>\n<td>CL Motorsport<\/td>\n<td>0<\/td>\n<\/tr>\n<tr>\n<td>25.<\/td>\n<td>Matteo Giaccardi<\/td>\n<td>ART Grand Prix<\/td>\n<td>0<\/td>\n<\/tr>\n","protected":false},"excerpt":{"rendered":"\u201cFormula Regional\u201d Eiropas \u010dempion\u0101ta (FREC) sezonas tre\u0161ais posms, kas norisin\u0101j\u0101s le\u0123end\u0101raj\u0101 Sp\u0101-Franko\u0161ampas tras\u0113 Be\u013c\u0123ij\u0101, Tomasam \u0160tolcermanim izv\u0113rt\u0101s par&hellip;\n","protected":false},"author":2,"featured_media":217155,"comment_status":"","ping_status":"","sticky":false,"template":"","format":"standard","meta":{"footnotes":"","_share_on_mastodon":"0"},"categories":[17],"tags":[37945,35,39,38,36,37,34,40,30714,67,37946],"class_list":["post-217154","post","type-post","status-publish","format-standard","has-post-thumbnail","category-sports","tag-frec","tag-latvia","tag-latvian","tag-latviesu","tag-latviesu-valoda","tag-latviesuvaloda","tag-latvija","tag-lv","tag-prema","tag-sports","tag-tomass-stolcermanis"],"share_on_mastodon":{"url":"https:\/\/pubeurope.com\/@lv\/116682184862020403","error":""},"_links":{"self":[{"href":"https:\/\/www.europesays.com\/lv\/wp-json\/wp\/v2\/posts\/217154","targetHints":{"allow":["GET"]}}],"collection":[{"href":"https:\/\/www.europesays.com\/lv\/wp-json\/wp\/v2\/posts"}],"about":[{"href":"https:\/\/www.europesays.com\/lv\/wp-json\/wp\/v2\/types\/post"}],"author":[{"embeddable":true,"href":"https:\/\/www.europesays.com\/lv\/wp-json\/wp\/v2\/users\/2"}],"replies":[{"embeddable":true,"href":"https:\/\/www.europesays.com\/lv\/wp-json\/wp\/v2\/comments?post=217154"}],"version-history":[{"count":0,"href":"https:\/\/www.europesays.com\/lv\/wp-json\/wp\/v2\/posts\/217154\/revisions"}],"wp:featuredmedia":[{"embeddable":true,"href":"https:\/\/www.europesays.com\/lv\/wp-json\/wp\/v2\/media\/217155"}],"wp:attachment":[{"href":"https:\/\/www.europesays.com\/lv\/wp-json\/wp\/v2\/media?parent=217154"}],"wp:term":[{"taxonomy":"category","embeddable":true,"href":"https:\/\/www.europesays.com\/lv\/wp-json\/wp\/v2\/categories?post=217154"},{"taxonomy":"post_tag","embeddable":true,"href":"https:\/\/www.europesays.com\/lv\/wp-json\/wp\/v2\/tags?post=217154"}],"curies":[{"name":"wp","href":"https:\/\/api.w.org\/{rel}","templated":true}]}}