{"id":21720,"date":"2025-10-15T11:50:09","date_gmt":"2025-10-15T11:50:09","guid":{"rendered":"https:\/\/www.europesays.com\/lv\/21720\/"},"modified":"2025-10-15T11:50:09","modified_gmt":"2025-10-15T11:50:09","slug":"no-sodienas-latvijas-austrumu-robezu-var-skersosot-tikai-elektroniski-registrejoties","status":"publish","type":"post","link":"https:\/\/www.europesays.com\/lv\/21720\/","title":{"rendered":"No \u0161odienas Latvijas austrumu robe\u017eu var \u0161\u0137\u0113rso\u0161ot tikai elektroniski re\u0123istr\u0113joties"},"content":{"rendered":"<p>Lai uzlabotu dro\u0161\u012bbu un mazin\u0101tu gar\u0101s automa\u0161\u012bnu rindas uz Latvijas austrumu robe\u017eas, no \u0161odienas visiem transportl\u012bdzek\u013cu vad\u012bt\u0101jiem pirms robe\u017eas \u0161\u0137\u0113rso\u0161anas ir oblig\u0101ti j\u0101re\u0123istr\u0113jas elektroniskaj\u0101 rind\u0101. <\/p>\n<p>Tas noz\u012bm\u0113, ka \u201cdz\u012bvaj\u0101\u201d rind\u0101 \u0161\u0137\u0113rsot robe\u017eu vairs nav iesp\u0113jams. Jaun\u0101 k\u0101rt\u012bba ieviesta robe\u017e\u0161\u0137\u0113rso\u0161anas viet\u0101s \u201cGreb\u0146eva\u201d, \u201cTerehova\u201d un \u201cP\u0101ternieki\u201d.<\/p>\n<p>K\u0101 tas str\u0101d\u0101? <\/p>\n<p>1.\u2060 \u2060J\u0101aizpilda pietiekums interneta vietn\u0113s lvrobeza.lv vai lvborder.lv;<br \/>2.\u2060 \u2060J\u0101nor\u0101da robe\u017e\u0161\u0137\u0113rso\u0161anas vieta, datums un v\u0113lamais laiks;<br \/>3.\u2060 \u2060J\u0101apmaks\u0101 rezerv\u0101cijau (9,3 eiro);<br \/>4.\u2060 \u2060J\u0101ierodas izv\u0113l\u0113taj\u0101 robe\u017eas \u0161\u0137\u0113rso\u0161anas viet\u0101 divas stundas pirms rezerv\u0113t\u0101 laika.<\/p>\n<p>Iepriek\u0161\u0113ja pieteik\u0161an\u0101s ietvers re\u0123istr\u0113\u0161anos rindai, iest\u0101\u0161anos rind\u0101 un vienk\u0101r\u0161otu apr\u0113\u0137inu, kas balst\u0101s uz vid\u0113jo vienas automa\u0161\u012bnas apkalpo\u0161anas laiku robe\u017eas \u0161\u0137\u0113rso\u0161anas viet\u0101. K\u0101rtas numurs robe\u017eas \u0161\u0137\u0113rso\u0161anai izv\u0113l\u0113taj\u0101 laika interv\u0101l\u0101 brauc\u0113jam tiks pie\u0161\u0137irts p\u0113c maks\u0101juma apstiprin\u0101juma sa\u0146em\u0161anas sist\u0113m\u0101. <\/p>\n<p>Re\u0123istr\u0113\u0161an\u0101s b\u016bs iesp\u0113jama ar\u012b neilgi pirms robe\u017epunkta sasnieg\u0161anas, sa\u0146emot sist\u0113mas pied\u0101v\u0101to tuv\u0101ko pieejamo rindas re\u0123istr\u0101cijas numuru, ta\u010du priek\u0161roc\u012bbas nodro\u0161in\u0101s savlaic\u012bga pierakst\u012b\u0161an\u0101s. Pien\u0101kums re\u0123istr\u0113ties ir ar\u012b autobusiem, kas veic starptautiskos regul\u0101ros pasa\u017eieru p\u0101rvad\u0101jumus, ta\u010du tie no maksas ir atbr\u012bvoti. <\/p>\n<p>Savuk\u0101rt no re\u0123istr\u0113\u0161an\u0101s atbr\u012bvoti zirgu paj\u016bgi, velotransports, k\u0101 ar\u012b personas ar Eiropas Komisijas pas\u0113m. Ir v\u0113l citi likum\u0101 noteikti iz\u0146\u0113mumi.<\/p>\n<p>Ar jaun\u0101s elektronisk\u0101s rindas sist\u0113mas ievie\u0161anu Latvija pievienojas Lietuvai un Igaunijai, kur l\u012bdz\u012bga k\u0101rt\u012bba jau darbojas.<\/p>\n<p>Elektronisko re\u0123istr\u0113\u0161anos nodro\u0161ina Latvijas Valsts radio un telev\u012bzijas centrs, kas inform\u0113 &#8211; kop\u0161 1. oktobra, kad s\u0101ka darboties elektronisk\u0101s rindas rezerv\u0101cijas sist\u0113ma, kopum\u0101 ir veiktas vair\u0101k nek\u0101 3250 rezerv\u0101cijas. <\/p>\n<p>Tostarp gandr\u012bz puse no rezerv\u0101cij\u0101m veiktas robe\u017eas \u0161\u0137\u0113rso\u0161anai Terehov\u0101, 1000 rezerv\u0101ciju &#8211; robe\u017eas \u0161\u0137\u0113rso\u0161anai Greb\u0146ev\u0101, bet 900 rezerv\u0101ciju &#8211; P\u0101terniekos. Galvenok\u0101rt rinda rezerv\u0113ta kravas transportl\u012bdzek\u013ciem ar kravu, k\u0101 ar\u012b kravas transportam ar priorit\u0101ti. Rind\u0101 re\u0123istr\u0113ts gandr\u012bz t\u016bkstotis vieglo transportl\u012bdzek\u013cu un motociklu, k\u0101 ar\u012b vair\u0101k nek\u0101 30 autobusu.<\/p>\n","protected":false},"excerpt":{"rendered":"Lai uzlabotu dro\u0161\u012bbu un mazin\u0101tu gar\u0101s automa\u0161\u012bnu rindas uz Latvijas austrumu robe\u017eas, no \u0161odienas visiem transportl\u012bdzek\u013cu vad\u012bt\u0101jiem pirms&hellip;\n","protected":false},"author":2,"featured_media":21721,"comment_status":"","ping_status":"","sticky":false,"template":"","format":"standard","meta":{"footnotes":""},"categories":[5],"tags":[129,4274,23,28,29,32,33,22,30,31,35,39,38,36,37,34,40,20,26,27,4275,4276,24,25,21],"class_list":{"0":"post-21720","1":"post","2":"type-post","3":"status-publish","4":"format-standard","5":"has-post-thumbnail","7":"category-aktualitates","8":"tag-__typenameadvicekeyword","9":"tag-id558","10":"tag-aktualitates","11":"tag-breaking-news","12":"tag-breakingnews","13":"tag-featured-news","14":"tag-featurednews","15":"tag-headlines","16":"tag-latest-news","17":"tag-latestnews","18":"tag-latvia","19":"tag-latvian","20":"tag-latviesu","21":"tag-latviesu-valoda","22":"tag-latviesuvaloda","23":"tag-latvija","24":"tag-lv","25":"tag-news","26":"tag-popularakas-zinas","27":"tag-popularakaszinas","28":"tag-slugcelu-satiksme","29":"tag-titlecelu-satiksme","30":"tag-top-stories","31":"tag-topstories","32":"tag-zinas"},"share_on_mastodon":{"url":"","error":""},"_links":{"self":[{"href":"https:\/\/www.europesays.com\/lv\/wp-json\/wp\/v2\/posts\/21720","targetHints":{"allow":["GET"]}}],"collection":[{"href":"https:\/\/www.europesays.com\/lv\/wp-json\/wp\/v2\/posts"}],"about":[{"href":"https:\/\/www.europesays.com\/lv\/wp-json\/wp\/v2\/types\/post"}],"author":[{"embeddable":true,"href":"https:\/\/www.europesays.com\/lv\/wp-json\/wp\/v2\/users\/2"}],"replies":[{"embeddable":true,"href":"https:\/\/www.europesays.com\/lv\/wp-json\/wp\/v2\/comments?post=21720"}],"version-history":[{"count":0,"href":"https:\/\/www.europesays.com\/lv\/wp-json\/wp\/v2\/posts\/21720\/revisions"}],"wp:featuredmedia":[{"embeddable":true,"href":"https:\/\/www.europesays.com\/lv\/wp-json\/wp\/v2\/media\/21721"}],"wp:attachment":[{"href":"https:\/\/www.europesays.com\/lv\/wp-json\/wp\/v2\/media?parent=21720"}],"wp:term":[{"taxonomy":"category","embeddable":true,"href":"https:\/\/www.europesays.com\/lv\/wp-json\/wp\/v2\/categories?post=21720"},{"taxonomy":"post_tag","embeddable":true,"href":"https:\/\/www.europesays.com\/lv\/wp-json\/wp\/v2\/tags?post=21720"}],"curies":[{"name":"wp","href":"https:\/\/api.w.org\/{rel}","templated":true}]}}