{"id":21751,"date":"2025-10-15T13:01:08","date_gmt":"2025-10-15T13:01:08","guid":{"rendered":"https:\/\/www.europesays.com\/lv\/21751\/"},"modified":"2025-10-15T13:01:08","modified_gmt":"2025-10-15T13:01:08","slug":"sasaukta-saeimas-arkartas-sede-valsts-budzeta-projekta-izskatisanai","status":"publish","type":"post","link":"https:\/\/www.europesays.com\/lv\/21751\/","title":{"rendered":"Sasaukta Saeimas \u0101rk\u0101rtas s\u0113de valsts bud\u017eeta projekta izskat\u012b\u0161anai"},"content":{"rendered":"<p>Savuk\u0101rt \u010cak\u0161a medijiem sol\u012bja katras ministrijas izdevumu r\u016bp\u012bgu v\u0113t\u012b\u0161anu. Vi\u0146a paskaidroja, ka no n\u0101kam\u0101s ned\u0113\u013cas uz Saeimas Bud\u017eeta un finan\u0161u (nodok\u013cu) komisiju tiks aicin\u0101ti ministriju p\u0101rst\u0101vji, lai skat\u012btu t\u0113ri\u0146us n\u0101kamaj\u0101 gad\u0101 un, iesp\u0113jams, rastu ar\u012b jaunus veidus, k\u0101 izdevumus samazin\u0101t.<\/p>\n<p>Bud\u017eeta portfe\u013ca ne\u0161ana no Finan\u0161u ministrijas uz Saeimu ir trad\u012bcija, kas tika aizs\u0101kta 1997. gad\u0101. L\u012bdz \u0161im ar bud\u017eeta portfeli aiznesti jau 27 valsts bud\u017eeta likumprojekti, un \u0161ogad portfelis tiks nests jau 28. reizi. Trad\u012bciju ieviesa biju\u0161ais finan\u0161u ministrs Roberts Z\u012ble (NA). Vi\u0146\u0161 atv\u0113l\u0113ja person\u012bgo darba portfeli, lai Saeim\u0101 nog\u0101d\u0101tu 1998. gada bud\u017eetu.<\/p>\n<p>Jau zi\u0146ots, ka vald\u012bba 14. oktobr\u012b atbalst\u012bja 2026. gada valsts bud\u017eetu, kur\u0101 valsts konsolid\u0113t\u0101 kopbud\u017eeta ie\u0146\u0113mumi pl\u0101noti 16,064 miljardu eiro apm\u0113r\u0101, bet izdevumi &#8211; 17,945 miljardi eiro.<\/p>\n<p>Sal\u012bdzinot ar 2025. gada bud\u017eetu, 2026. gad\u0101 valsts bud\u017eeta ie\u0146\u0113mumu pieaugums p\u0101rsniedz izdevumu pieaugumu. Valsts bud\u017eeta ie\u0146\u0113mumiem pl\u0101nots pieaugums par 944,6 miljoniem eiro, savuk\u0101rt izdevumiem &#8211; par 804,3 miljoniem eiro.<\/p>\n<p>Pamatbud\u017eet\u0101 pl\u0101notie ie\u0146\u0113mumi veido 10,9 miljardus, bet izdevumi 13,2 miljardus eiro. Savuk\u0101rt speci\u0101laj\u0101 bud\u017eet\u0101 ie\u0146\u0113mumi pl\u0101noti 5,5 miljardu eiro apm\u0113r\u0101, bet izdevumi 5,1 miljarda eiro apm\u0113r\u0101.<\/p>\n<p>Latvijas iek\u0161zemes kopprodukts (IKP) n\u0101kamgad faktiskaj\u0101s cen\u0101s paredz\u0113ts 43,953 miljardu eiro apm\u0113r\u0101, l\u012bdz ar to bud\u017eeta defic\u012bts b\u016bs 3,3% no IKP, bet valsts par\u0101ds nep\u0101rsniegs 55% no IKP.<\/p>\n<p>Visp\u0101r\u0113j\u0101s vald\u012bbas izdevumi n\u0101kamgad samazin\u0101sies l\u012bdz 47% no IKP sal\u012bdzin\u0101jum\u0101 ar 47,5% \u0161ogad. Vienlaikus, samazinoties kop\u0113jiem izdevumiem, pieaugs izdevumi aizsardz\u012bbai.<\/p>\n<p>Kopum\u0101 izdevumi n\u0101kamgad samazin\u0101ti par 171 miljonu eiro. Priorit\u0101rajiem pas\u0101kumiem atv\u0113l\u0113ti 693,5 miljoni eiro, tostarp aizsardz\u012bbai un dro\u0161\u012bbai paredz\u0113ti 448,3 miljoni eiro.<\/p>\n<p>Finan\u0161u ministrija (FM) nor\u0101da, ka 2026. gada valsts bud\u017eets un vid\u0113ja termi\u0146a bud\u017eeta ietvars 2026. &#8211; 2028. gadam sagatavots atbilsto\u0161i Eiropas Savien\u012bbas (ES) un nacion\u0101lajiem fisk\u0101l\u0101s discipl\u012bnas noteikumiem.<\/p>\n<p>N\u0101kam\u0101 gada bud\u017eet\u0101 paredz\u0113ti gan papildu ieguld\u012bjumi valsts dro\u0161\u012bb\u0101, gan atbalst\u0101 \u0123imen\u0113m ar b\u0113rniem un kvalitat\u012bv\u0101 izgl\u012bt\u012bb\u0101. T\u0101pat FM nor\u0101da, ka bud\u017eet\u0101 paredz\u0113tas vair\u0101k nek\u0101 viena miljarda eiro ES fondu invest\u012bcijas, k\u0101 ar\u012b pa\u0161vald\u012bbu ie\u0146\u0113mumu pieaugums par 151,4 miljoniem eiro.<\/p>\n","protected":false},"excerpt":{"rendered":"Savuk\u0101rt \u010cak\u0161a medijiem sol\u012bja katras ministrijas izdevumu r\u016bp\u012bgu v\u0113t\u012b\u0161anu. Vi\u0146a paskaidroja, ka no n\u0101kam\u0101s ned\u0113\u013cas uz Saeimas Bud\u017eeta&hellip;\n","protected":false},"author":2,"featured_media":21752,"comment_status":"","ping_status":"","sticky":false,"template":"","format":"standard","meta":{"footnotes":""},"categories":[12],"tags":[23,28,29,259,32,33,22,30,31,35,39,38,36,37,34,40,20,26,27,141,24,25,21],"class_list":{"0":"post-21751","1":"post","2":"type-post","3":"status-publish","4":"format-standard","5":"has-post-thumbnail","7":"category-latvija","8":"tag-aktualitates","9":"tag-breaking-news","10":"tag-breakingnews","11":"tag-budzets","12":"tag-featured-news","13":"tag-featurednews","14":"tag-headlines","15":"tag-latest-news","16":"tag-latestnews","17":"tag-latvia","18":"tag-latvian","19":"tag-latviesu","20":"tag-latviesu-valoda","21":"tag-latviesuvaloda","22":"tag-latvija","23":"tag-lv","24":"tag-news","25":"tag-popularakas-zinas","26":"tag-popularakaszinas","27":"tag-saeima","28":"tag-top-stories","29":"tag-topstories","30":"tag-zinas"},"share_on_mastodon":{"url":"","error":""},"_links":{"self":[{"href":"https:\/\/www.europesays.com\/lv\/wp-json\/wp\/v2\/posts\/21751","targetHints":{"allow":["GET"]}}],"collection":[{"href":"https:\/\/www.europesays.com\/lv\/wp-json\/wp\/v2\/posts"}],"about":[{"href":"https:\/\/www.europesays.com\/lv\/wp-json\/wp\/v2\/types\/post"}],"author":[{"embeddable":true,"href":"https:\/\/www.europesays.com\/lv\/wp-json\/wp\/v2\/users\/2"}],"replies":[{"embeddable":true,"href":"https:\/\/www.europesays.com\/lv\/wp-json\/wp\/v2\/comments?post=21751"}],"version-history":[{"count":0,"href":"https:\/\/www.europesays.com\/lv\/wp-json\/wp\/v2\/posts\/21751\/revisions"}],"wp:featuredmedia":[{"embeddable":true,"href":"https:\/\/www.europesays.com\/lv\/wp-json\/wp\/v2\/media\/21752"}],"wp:attachment":[{"href":"https:\/\/www.europesays.com\/lv\/wp-json\/wp\/v2\/media?parent=21751"}],"wp:term":[{"taxonomy":"category","embeddable":true,"href":"https:\/\/www.europesays.com\/lv\/wp-json\/wp\/v2\/categories?post=21751"},{"taxonomy":"post_tag","embeddable":true,"href":"https:\/\/www.europesays.com\/lv\/wp-json\/wp\/v2\/tags?post=21751"}],"curies":[{"name":"wp","href":"https:\/\/api.w.org\/{rel}","templated":true}]}}