{"id":217532,"date":"2026-06-03T08:15:25","date_gmt":"2026-06-03T08:15:25","guid":{"rendered":"https:\/\/www.europesays.com\/lv\/217532\/"},"modified":"2026-06-03T08:15:25","modified_gmt":"2026-06-03T08:15:25","slug":"francija-liedz-izraelai-piedalities-nozimiga-brunojuma-izstade","status":"publish","type":"post","link":"https:\/\/www.europesays.com\/lv\/217532\/","title":{"rendered":"Francija liedz Izra\u0113lai piedal\u012bties noz\u012bm\u012bg\u0101 bru\u0146ojuma izst\u0101d\u0113"},"content":{"rendered":"<p style=\"text-align: justify;\">Izra\u0113las vald\u012bba pazi\u0146ojusi, ka Francija tai aizliegusi piedal\u012bties vien\u0101 no pasaul\u0113 liel\u0101kaj\u0101m bru\u0146ojuma izst\u0101d\u0113m \u201cEurosatory,\u201d kas norisin\u0101sies j\u016bnij\u0101, raksta <a href=\"https:\/\/www.politico.eu\/article\/france-bans-israel-from-major-weapons-show\/\" target=\"_blank\" rel=\"noopener nofollow\">\u201cPolitico.\u201d<\/a><\/p>\n<p style=\"text-align: justify;\">Izra\u0113las Aizsardz\u012bbas ministrias pazi\u0146ojum\u0101 sac\u012bts, ka aizliegum\u0101 ietverts liegums vald\u012bbas p\u0101rst\u0101vjiem apmekl\u0113t izst\u0101di, aizliegums atv\u0113rt Izra\u0113las paviljonu, Izra\u0113las aizsardz\u012bbas industrijas p\u0101rst\u0101vji dr\u012bkst\u0113s izst\u0101d\u012bt tikai pretgaisa aizsardz\u012bbas produktus un tai stingri aizliegts izst\u0101d\u0113 demonstr\u0113t uzbrukuma iero\u010dus. L\u012bdz ar to, Aizsardz\u012bbas ministrija nevar\u0113s piedal\u012bties izst\u0101d\u0113.<\/p>\n<p style=\"text-align: justify;\">Francijas Aizsardz\u012bbas ministrijas p\u0101rst\u0101vis apstiprin\u0101ja, ka piem\u0113rots aizliegums, un piebilda, ka izst\u0101d\u0113 dr\u012bkst\u0113s piedal\u012bties tikai tie Izra\u0113las aizsardz\u012bbas industrijas uz\u0146\u0113mumi, kas demonstr\u0113s pretgaisa aizsardz\u012bbas sist\u0113mas.<\/p>\n<p style=\"text-align: justify;\">\u201cEurosatory\u201d s\u0101ksies 15.j\u016bnij\u0101, un izst\u0101de ir iesp\u0113ja pasaules liel\u0101kajiem iero\u010du ra\u017eot\u0101jiem, tostarp v\u0101cu \u201cRheinmetall,\u201d amerik\u0101\u0146u \u201cLockheed Martin\u201d un Dienvidkorejas \u201cHanwha Aerospace\u201d par\u0101d\u012bt savus ra\u017eojumus, tostarp tankus, artil\u0113rijas sist\u0113mas un ra\u0137e\u0161u palaid\u0113jus.<\/p>\n<blockquote>\n<p style=\"text-align: center;\">Francijas l\u0113mums visticam\u0101k padzi\u013cin\u0101s m\u0113ne\u0161iem ilg\u0101s diplom\u0101tisk\u0101s nesaska\u0146as<\/p>\n<\/blockquote>\n<p style=\"text-align: justify;\">starp ab\u0101m valst\u012bm, kas kulmin\u0101ciju sasniedza p\u0113rn septembr\u012b, kad Par\u012bze pazi\u0146oja, ka atz\u012bst Palest\u012bnas valstiskumu. \u0160ogad mart\u0101 Izra\u0113la inform\u0113ja, ka p\u0101rtrauc ar Franciju saist\u012btos aizsardz\u012bbas jomas iepirkumus.<\/p>\n<p style=\"text-align: justify;\">Francijas vald\u012bba 1.j\u016bnij\u0101 asi nosod\u012bja Izra\u0113las uzbrukumus Lib\u0101nai, un sasauca ANO Dro\u0161\u012bbas padomes \u0101rk\u0101rtas tik\u0161anos.<\/p>\n<p style=\"text-align: justify;\">\u0160\u012b nav pirm\u0101 reize, kad Francija, kura organiz\u0113 da\u017eus no Eiropas liel\u0101kajiem aizsardz\u012bbas jomas pas\u0101kumiem, liegusi Izra\u0113lai tajos dal\u012bbu. 2024.gad\u0101 Par\u012bze aizliedza Izra\u0113lai piedal\u012bties \u201cEurosatory\u201d un \u201cEuronaval,\u201d un p\u0113rn izra\u0113lie\u0161iem n\u0101c\u0101s izlaist Par\u012bzes Gaisa \u0161ovu. Izra\u0113las Aizsardz\u012bbas ministrija pazi\u0146ojusi, ka \u0161\u0101ds l\u0113mums ir negods, un o\u017e p\u0113c politiskiem un komerci\u0101liem apr\u0113\u0137iniem, t\u0101 nor\u0101dot, ka Francija liedz dal\u012bbu izra\u0113lie\u0161u uz\u0146\u0113mumiem, jo baid\u0101s no konkurences.<\/p>\n<p style=\"text-align: justify;\"><a href=\"https:\/\/bnn.lv\/irija-no-julija-liegs-ievest-produktus-no-izraelas-okupeta-rietumkrasta\/\" target=\"_blank\" rel=\"noopener nofollow\">Lasiet ar\u012b: \u012arija no j\u016blija liegs ievest produktus no Izra\u0113las okup\u0113t\u0101 Rietumkrasta<\/a><\/p>\n<p>Seko mums ar\u012b\u00a0<a href=\"https:\/\/www.facebook.com\/bnnlv\" rel=\"nofollow noopener\" target=\"_blank\">Facebook<\/a>,\u00a0<a href=\"https:\/\/www.draugiem.lv\/bnn.lv\/\" rel=\"nofollow noopener\" target=\"_blank\">Draugiem<\/a>\u00a0un\u00a0<a href=\"https:\/\/twitter.com\/home\" rel=\"nofollow noopener\" target=\"_blank\">X<\/a>!<\/p>\n<p><script async src=\"https:\/\/platform.twitter.com\/widgets.js\" charset=\"utf-8\"><\/script><\/p>\n","protected":false},"excerpt":{"rendered":"Izra\u0113las vald\u012bba pazi\u0146ojusi, ka Francija tai aizliegusi piedal\u012bties vien\u0101 no pasaul\u0113 liel\u0101kaj\u0101m bru\u0146ojuma izst\u0101d\u0113m \u201cEurosatory,\u201d kas norisin\u0101sies j\u016bnij\u0101,&hellip;\n","protected":false},"author":2,"featured_media":217533,"comment_status":"","ping_status":"","sticky":false,"template":"","format":"standard","meta":{"footnotes":"","_share_on_mastodon":"0"},"categories":[14],"tags":[3225,23,57,28,29,9482,38229,32,33,1309,22,38230,493,30,31,35,39,38,36,37,34,40,20,26,27,25884,24,25,54,55,56,21,58],"class_list":["post-217532","post","type-post","status-publish","format-standard","has-post-thumbnail","category-zinas-no-arvalstim","tag-aizsardzibas-industrija","tag-aktualitates","tag-arvalstim","tag-breaking-news","tag-breakingnews","tag-brunojums","tag-eurosatory","tag-featured-news","tag-featurednews","tag-francija","tag-headlines","tag-ierocu-izstade","tag-izraela","tag-latest-news","tag-latestnews","tag-latvia","tag-latvian","tag-latviesu","tag-latviesu-valoda","tag-latviesuvaloda","tag-latvija","tag-lv","tag-news","tag-popularakas-zinas","tag-popularakaszinas","tag-svarigi","tag-top-stories","tag-topstories","tag-world","tag-world-news","tag-worldnews","tag-zinas","tag-zinas-no-arvalstim"],"share_on_mastodon":{"url":"https:\/\/pubeurope.com\/@lv\/116685184999640578","error":""},"_links":{"self":[{"href":"https:\/\/www.europesays.com\/lv\/wp-json\/wp\/v2\/posts\/217532","targetHints":{"allow":["GET"]}}],"collection":[{"href":"https:\/\/www.europesays.com\/lv\/wp-json\/wp\/v2\/posts"}],"about":[{"href":"https:\/\/www.europesays.com\/lv\/wp-json\/wp\/v2\/types\/post"}],"author":[{"embeddable":true,"href":"https:\/\/www.europesays.com\/lv\/wp-json\/wp\/v2\/users\/2"}],"replies":[{"embeddable":true,"href":"https:\/\/www.europesays.com\/lv\/wp-json\/wp\/v2\/comments?post=217532"}],"version-history":[{"count":0,"href":"https:\/\/www.europesays.com\/lv\/wp-json\/wp\/v2\/posts\/217532\/revisions"}],"wp:featuredmedia":[{"embeddable":true,"href":"https:\/\/www.europesays.com\/lv\/wp-json\/wp\/v2\/media\/217533"}],"wp:attachment":[{"href":"https:\/\/www.europesays.com\/lv\/wp-json\/wp\/v2\/media?parent=217532"}],"wp:term":[{"taxonomy":"category","embeddable":true,"href":"https:\/\/www.europesays.com\/lv\/wp-json\/wp\/v2\/categories?post=217532"},{"taxonomy":"post_tag","embeddable":true,"href":"https:\/\/www.europesays.com\/lv\/wp-json\/wp\/v2\/tags?post=217532"}],"curies":[{"name":"wp","href":"https:\/\/api.w.org\/{rel}","templated":true}]}}