{"id":217568,"date":"2026-06-03T08:54:15","date_gmt":"2026-06-03T08:54:15","guid":{"rendered":"https:\/\/www.europesays.com\/lv\/217568\/"},"modified":"2026-06-03T08:54:15","modified_gmt":"2026-06-03T08:54:15","slug":"aminata-pirmo-reizi-atklaj-ka-aizrit-vinas-ikdiena-mammas-loma","status":"publish","type":"post","link":"https:\/\/www.europesays.com\/lv\/217568\/","title":{"rendered":"Aminata pirmo reizi atkl\u0101j, k\u0101 aizrit vi\u0146as ikdiena mammas lom\u0101"},"content":{"rendered":"<p>Tom\u0113r mana svar\u012bg\u0101k\u0101 loma \u0161ogad nav bijusi uz skatuves. Pirms tr\u012bs m\u0113ne\u0161iem man\u0101 dz\u012bv\u0113 ien\u0101ca mans liel\u0101kais br\u012bnums, un es k\u013cuvu par mammu,&#8221; soci\u0101lajos medijos v\u0113sta Aminata.<\/p>\n<p>Dzied\u0101t\u0101ja atkl\u0101ja, ka &#8220;p\u0113d\u0113jie m\u0113ne\u0161i ir biju\u0161i pilni ar beznosac\u012bjumu m\u012blest\u012bbu, negul\u0113t\u0101m nakt\u012bm, miljoniem jaunu emociju un pavisam jaunu dz\u012bves j\u0113gu! Un, k\u0101 jau visiem vec\u0101kiem, \u013coti \u0101tri par\u0101d\u0101s v\u0113lme dot savam b\u0113rnam visu to lab\u0101ko!&#8221;<\/p>\n<p>Dzied\u0101t\u0101ja k\u0101 daudzas jaun\u0101s m\u0101mi\u0146as bija izv\u0113les priek\u0161\u0101, k\u0101dus rati\u0146us savas b\u0113rni\u0146am izv\u0113l\u0113ties. &#8220;\u0160\u0137iet, ka b\u0113rna ratus izv\u0113l\u0113jos r\u016bp\u012bg\u0101k nek\u0101 sev ma\u0161\u012bnu,&#8221; atz\u012bst dzied\u0101t\u0101ja. Pie\u0146emot l\u0113mumu, vi\u0146ai svar\u012bgi, &#8220;lai rati b\u016btu ne tikai skaisti, bet ar\u012b \u0113rti un praktiski m\u016bsu ikdienai. Lai tos var viegli vad\u012bt pils\u0113t\u0101, \u0101tri salikt, ielikt ma\u0161\u012bn\u0101 un spont\u0101ni aizbraukt pie j\u016bras, kad gribas mazliet vair\u0101k v\u0113ja un pla\u0161uma.&#8221;<\/p>\n<blockquote class=\"instagram-media\" data-instgrm-captioned=\"\" data-instgrm-permalink=\"https:\/\/www.instagram.com\/p\/DZFcCM4CCYL\/?utm_source=ig_embed&amp;utm_campaign=loading\" data-instgrm-version=\"14\" style=\" background:#FFF; border:0; border-radius:3px; box-shadow:0 0 1px 0 rgba(0,0,0,0.5),0 1px 10px 0 rgba(0,0,0,0.15); margin: 1px; max-width:658px; min-width:326px; padding:0; width:99.375%; width:-webkit-calc(100% - 2px); width:calc(100% - 2px);\">\n<\/blockquote>\n<p>J\u016bnij\u0101 pirms diviem gadiem p\u0113c daudzu gadu draudz\u012bbas Aminata <a href=\"https:\/\/tv3.lv\/izklaide\/slavenibas\/pasmaju-slavenibas\/rugts-laulibas-osta-iesturejusi-dziedataja-aminata\/\" rel=\"nofollow noopener\" target=\"_blank\">mija laul\u012bbas gredzenus<\/a> ar m\u012b\u013coto \u0145ikitu.<\/p>\n<p class=\"tv3-fw-500\">Zi\u0146o par k\u013c\u016bdu rakst\u0101<\/p>\n<p class=\"d-md-block d-none\">Iez\u012bm\u0113 k\u013c\u016bdaino tekstu un spied Ctrl+Enter.<\/p>\n<p class=\"d-md-none d-block\">Iez\u012bm\u0113 k\u013c\u016bdaino tekstu un zi\u0146o par to!<\/p>\n<p>                <script async src=\"\/\/www.instagram.com\/embed.js\"><\/script><\/p>\n","protected":false},"excerpt":{"rendered":"Tom\u0113r mana svar\u012bg\u0101k\u0101 loma \u0161ogad nav bijusi uz skatuves. Pirms tr\u012bs m\u0113ne\u0161iem man\u0101 dz\u012bv\u0113 ien\u0101ca mans liel\u0101kais br\u012bnums,&hellip;\n","protected":false},"author":2,"featured_media":217569,"comment_status":"","ping_status":"","sticky":false,"template":"","format":"standard","meta":{"footnotes":"","_share_on_mastodon":"0"},"categories":[19],"tags":[38233,89,90,35,39,38,36,37,34,40],"class_list":["post-217568","post","type-post","status-publish","format-standard","has-post-thumbnail","category-izklaide","tag-aminataslavenibu-berni","tag-entertainment","tag-izklaide","tag-latvia","tag-latvian","tag-latviesu","tag-latviesu-valoda","tag-latviesuvaloda","tag-latvija","tag-lv"],"share_on_mastodon":{"url":"https:\/\/pubeurope.com\/@lv\/116685338301758781","error":""},"_links":{"self":[{"href":"https:\/\/www.europesays.com\/lv\/wp-json\/wp\/v2\/posts\/217568","targetHints":{"allow":["GET"]}}],"collection":[{"href":"https:\/\/www.europesays.com\/lv\/wp-json\/wp\/v2\/posts"}],"about":[{"href":"https:\/\/www.europesays.com\/lv\/wp-json\/wp\/v2\/types\/post"}],"author":[{"embeddable":true,"href":"https:\/\/www.europesays.com\/lv\/wp-json\/wp\/v2\/users\/2"}],"replies":[{"embeddable":true,"href":"https:\/\/www.europesays.com\/lv\/wp-json\/wp\/v2\/comments?post=217568"}],"version-history":[{"count":0,"href":"https:\/\/www.europesays.com\/lv\/wp-json\/wp\/v2\/posts\/217568\/revisions"}],"wp:featuredmedia":[{"embeddable":true,"href":"https:\/\/www.europesays.com\/lv\/wp-json\/wp\/v2\/media\/217569"}],"wp:attachment":[{"href":"https:\/\/www.europesays.com\/lv\/wp-json\/wp\/v2\/media?parent=217568"}],"wp:term":[{"taxonomy":"category","embeddable":true,"href":"https:\/\/www.europesays.com\/lv\/wp-json\/wp\/v2\/categories?post=217568"},{"taxonomy":"post_tag","embeddable":true,"href":"https:\/\/www.europesays.com\/lv\/wp-json\/wp\/v2\/tags?post=217568"}],"curies":[{"name":"wp","href":"https:\/\/api.w.org\/{rel}","templated":true}]}}