{"id":217594,"date":"2026-06-03T09:17:20","date_gmt":"2026-06-03T09:17:20","guid":{"rendered":"https:\/\/www.europesays.com\/lv\/217594\/"},"modified":"2026-06-03T09:17:20","modified_gmt":"2026-06-03T09:17:20","slug":"aminata-kluvusi-par-maminu","status":"publish","type":"post","link":"https:\/\/www.europesays.com\/lv\/217594\/","title":{"rendered":"Aminata k\u013cuvusi par m\u0101mi\u0146u"},"content":{"rendered":"<p>&#8221;\u0160is gads man ir atnesis daudz skaistu mirk\u013cu. P\u0113c albuma izdo\u0161anas, koncerta, satik\u0161an\u0101s ar klaus\u012bt\u0101jiem un iesp\u0113jas atkal piedz\u012bvot m\u016bziku tik spilgti, sa\u0146emt balvu GAMMAs nomin\u0101cij\u0101 &#8220;Gada solo m\u0101ksliniece&#8221; bija \u012bpa\u0161i pat\u012bkams un noz\u012bm\u012bgs nov\u0113rt\u0113jums, par kuru esmu \u013coti pateic\u012bga!<\/p>\n<p>Vi\u0146a turpina: &#8220;P\u0113d\u0113jie m\u0113ne\u0161i ir biju\u0161i pilni ar beznosac\u012bjumu m\u012blest\u012bbu, negul\u0113t\u0101m nakt\u012bm, miljoniem jaunu emociju un pavisam jaunu dz\u012bves j\u0113gu! (..)&#8221;<\/p>\n<p>Jau v\u0113st\u012bts, ka <a href=\"https:\/\/www.apollo.lv\/term\/557325\/aminata-savadogo\" class=\"topicLink\" target=\"_blank\" rel=\"nofollow noopener\">Aminata Savadogo<\/a> 2024. gad\u0101 mija laul\u012bbas gredzenus ar savu m\u012b\u013coto.<\/p>\n","protected":false},"excerpt":{"rendered":"&#8221;\u0160is gads man ir atnesis daudz skaistu mirk\u013cu. P\u0113c albuma izdo\u0161anas, koncerta, satik\u0161an\u0101s ar klaus\u012bt\u0101jiem un iesp\u0113jas atkal&hellip;\n","protected":false},"author":2,"featured_media":217595,"comment_status":"","ping_status":"","sticky":false,"template":"","format":"standard","meta":{"footnotes":"","_share_on_mastodon":"0"},"categories":[19],"tags":[5782,11347,89,90,15229,35,39,38,36,37,34,40,22596],"class_list":["post-217594","post","type-post","status-publish","format-standard","has-post-thumbnail","category-izklaide","tag-aminata","tag-aminata-savadogo","tag-entertainment","tag-izklaide","tag-jaundzimusais","tag-latvia","tag-latvian","tag-latviesu","tag-latviesu-valoda","tag-latviesuvaloda","tag-latvija","tag-lv","tag-zidainis"],"share_on_mastodon":{"url":"https:\/\/pubeurope.com\/@lv\/116685428702633471","error":""},"_links":{"self":[{"href":"https:\/\/www.europesays.com\/lv\/wp-json\/wp\/v2\/posts\/217594","targetHints":{"allow":["GET"]}}],"collection":[{"href":"https:\/\/www.europesays.com\/lv\/wp-json\/wp\/v2\/posts"}],"about":[{"href":"https:\/\/www.europesays.com\/lv\/wp-json\/wp\/v2\/types\/post"}],"author":[{"embeddable":true,"href":"https:\/\/www.europesays.com\/lv\/wp-json\/wp\/v2\/users\/2"}],"replies":[{"embeddable":true,"href":"https:\/\/www.europesays.com\/lv\/wp-json\/wp\/v2\/comments?post=217594"}],"version-history":[{"count":0,"href":"https:\/\/www.europesays.com\/lv\/wp-json\/wp\/v2\/posts\/217594\/revisions"}],"wp:featuredmedia":[{"embeddable":true,"href":"https:\/\/www.europesays.com\/lv\/wp-json\/wp\/v2\/media\/217595"}],"wp:attachment":[{"href":"https:\/\/www.europesays.com\/lv\/wp-json\/wp\/v2\/media?parent=217594"}],"wp:term":[{"taxonomy":"category","embeddable":true,"href":"https:\/\/www.europesays.com\/lv\/wp-json\/wp\/v2\/categories?post=217594"},{"taxonomy":"post_tag","embeddable":true,"href":"https:\/\/www.europesays.com\/lv\/wp-json\/wp\/v2\/tags?post=217594"}],"curies":[{"name":"wp","href":"https:\/\/api.w.org\/{rel}","templated":true}]}}